{"id":145,"date":"2024-03-10T16:09:05","date_gmt":"2024-03-10T16:09:05","guid":{"rendered":"https:\/\/opinionpublica.com.ar\/index\/?p=145"},"modified":"2024-03-11T23:26:21","modified_gmt":"2024-03-11T23:26:21","slug":"melella-insiste-con-la-reforma-de-la-constitucion","status":"publish","type":"post","link":"https:\/\/opinionpublica.com.ar\/index\/melella-insiste-con-la-reforma-de-la-constitucion\/","title":{"rendered":"Melella insiste con la reforma de la constituci\u00f3n"},"content":{"rendered":"\n<p>El jefe de Gabinete del Gobierno de Tierra del Fuego, Agust\u00edn Tita se\u00f1al\u00f3 que el gobernador Gustavo Melella sigue de cerca los pasos para avanzar en la reforma de la Constituci\u00f3n provincial que se estima se tratar\u00e1 en el segundo semestre del a\u00f1o, acci\u00f3n que generar\u00e1 un impresionante gasto de dinero en las arcas provinciales que hoy no est\u00e1n y que si estuvieran sin dudas deber\u00edan estar a disposici\u00f3n de la tremenda situaci\u00f3n econ\u00f3mica-financiera que tiene la provincia de Tierra del Fuego.<\/p>\n\n\n\n<figure class=\"wp-block-image size-large\"><img fetchpriority=\"high\" decoding=\"async\" width=\"1024\" height=\"659\" src=\"https:\/\/opinionpublica.com.ar\/index\/wp-content\/uploads\/2024\/03\/img_6480-1024x659.jpg\" alt=\"\" class=\"wp-image-144\" srcset=\"https:\/\/opinionpublica.com.ar\/index\/wp-content\/uploads\/2024\/03\/img_6480-1024x659.jpg 1024w, https:\/\/opinionpublica.com.ar\/index\/wp-content\/uploads\/2024\/03\/img_6480-300x193.jpg 300w, https:\/\/opinionpublica.com.ar\/index\/wp-content\/uploads\/2024\/03\/img_6480-768x494.jpg 768w, https:\/\/opinionpublica.com.ar\/index\/wp-content\/uploads\/2024\/03\/img_6480.jpg 1200w\" sizes=\"(max-width: 1024px) 100vw, 1024px\" \/><\/figure>\n\n\n\n<p>Tita indic\u00f3 la relevancia de modernizar la carta magna provincial donde se prev\u00e9 \u201creflejar los cambios en la sociedad y permitir un desarrollo acorde a las necesidades del pueblo\u201d.&nbsp;<\/p>\n\n\n\n<p>\u201cEsto seguramente ser\u00e1 en el segundo semestre. El gobernador llam\u00f3 a no tener miedo de sentarnos y tomar algunas discusiones\u201d, sostuvo el jefe de ministros.<\/p>\n\n\n\n<p>El funcionario destac\u00f3 la necesidad de revisar los l\u00edmites territoriales de la provincia dado que \u201ces una provincia muy extensa, donde los l\u00edmites que hoy est\u00e1n establecidos en la Constituci\u00f3n no son los l\u00edmites reales de la provincia, es mucho m\u00e1s grande. Entonces son momentos de una discusi\u00f3n, como dijo el gobernador, sin dudar y sin intereses personales, sino pensando en una provincia hasta el 2050\u201d.<\/p>\n\n\n\n<p><\/p>\n","protected":false},"excerpt":{"rendered":"<p>El jefe de Gabinete del Gobierno de Tierra del Fuego, Agust\u00edn Tita se\u00f1al\u00f3 que el gobernador Gustavo Melella<\/p>\n","protected":false},"author":2,"featured_media":144,"comment_status":"open","ping_status":"open","sticky":false,"template":"","format":"standard","meta":{"footnotes":""},"categories":[2],"tags":[8,5,6],"class_list":["post-145","post","type-post","status-publish","format-standard","has-post-thumbnail","hentry","category-tierra-del-fuego","tag-politico-en-ascenso","tag-tierra-del-fuego","tag-ushuaia"],"featured_image_urls":{"full":["https:\/\/opinionpublica.com.ar\/index\/wp-content\/uploads\/2024\/03\/img_6480.jpg",1200,772,false],"thumbnail":["https:\/\/opinionpublica.com.ar\/index\/wp-content\/uploads\/2024\/03\/img_6480-150x150.jpg",150,150,true],"medium":["https:\/\/opinionpublica.com.ar\/index\/wp-content\/uploads\/2024\/03\/img_6480-300x193.jpg",300,193,true],"medium_large":["https:\/\/opinionpublica.com.ar\/index\/wp-content\/uploads\/2024\/03\/img_6480-768x494.jpg",640,412,true],"large":["https:\/\/opinionpublica.com.ar\/index\/wp-content\/uploads\/2024\/03\/img_6480-1024x659.jpg",640,412,true],"1536x1536":["https:\/\/opinionpublica.com.ar\/index\/wp-content\/uploads\/2024\/03\/img_6480.jpg",1200,772,false],"2048x2048":["https:\/\/opinionpublica.com.ar\/index\/wp-content\/uploads\/2024\/03\/img_6480.jpg",1200,772,false],"morenews-large":["https:\/\/opinionpublica.com.ar\/index\/wp-content\/uploads\/2024\/03\/img_6480-825x575.jpg",825,575,true],"morenews-medium":["https:\/\/opinionpublica.com.ar\/index\/wp-content\/uploads\/2024\/03\/img_6480-590x410.jpg",590,410,true]},"author_info":{"display_name":"l0013136","author_link":"https:\/\/opinionpublica.com.ar\/index\/author\/l0013136\/"},"category_info":"<a href=\"https:\/\/opinionpublica.com.ar\/index\/category\/tierra-del-fuego\/\" rel=\"category tag\">Tierra del Fuego<\/a>","tag_info":"Tierra del Fuego","comment_count":"0","_links":{"self":[{"href":"https:\/\/opinionpublica.com.ar\/index\/wp-json\/wp\/v2\/posts\/145","targetHints":{"allow":["GET"]}}],"collection":[{"href":"https:\/\/opinionpublica.com.ar\/index\/wp-json\/wp\/v2\/posts"}],"about":[{"href":"https:\/\/opinionpublica.com.ar\/index\/wp-json\/wp\/v2\/types\/post"}],"author":[{"embeddable":true,"href":"https:\/\/opinionpublica.com.ar\/index\/wp-json\/wp\/v2\/users\/2"}],"replies":[{"embeddable":true,"href":"https:\/\/opinionpublica.com.ar\/index\/wp-json\/wp\/v2\/comments?post=145"}],"version-history":[{"count":2,"href":"https:\/\/opinionpublica.com.ar\/index\/wp-json\/wp\/v2\/posts\/145\/revisions"}],"predecessor-version":[{"id":169,"href":"https:\/\/opinionpublica.com.ar\/index\/wp-json\/wp\/v2\/posts\/145\/revisions\/169"}],"wp:featuredmedia":[{"embeddable":true,"href":"https:\/\/opinionpublica.com.ar\/index\/wp-json\/wp\/v2\/media\/144"}],"wp:attachment":[{"href":"https:\/\/opinionpublica.com.ar\/index\/wp-json\/wp\/v2\/media?parent=145"}],"wp:term":[{"taxonomy":"category","embeddable":true,"href":"https:\/\/opinionpublica.com.ar\/index\/wp-json\/wp\/v2\/categories?post=145"},{"taxonomy":"post_tag","embeddable":true,"href":"https:\/\/opinionpublica.com.ar\/index\/wp-json\/wp\/v2\/tags?post=145"}],"curies":[{"name":"wp","href":"https:\/\/api.w.org\/{rel}","templated":true}]}}