{"id":151,"date":"2024-03-10T22:36:44","date_gmt":"2024-03-10T22:36:44","guid":{"rendered":"https:\/\/opinionpublica.com.ar\/index\/?p=151"},"modified":"2024-03-12T17:48:36","modified_gmt":"2024-03-12T17:48:36","slug":"ultimo-momento-gustavo-ventura-se-suma-al-par-arranca-la-carrera-politica-el-tierra-del-fuego-de-los-proximos-anos","status":"publish","type":"post","link":"https:\/\/opinionpublica.com.ar\/index\/ultimo-momento-gustavo-ventura-se-suma-al-par-arranca-la-carrera-politica-el-tierra-del-fuego-de-los-proximos-anos\/","title":{"rendered":"\u00daltimo momento: Gustavo Ventura se suma al PAR, arranca la carrera pol\u00edtica en Tierra del Fuego de los pr\u00f3ximos a\u00f1os."},"content":{"rendered":"\n<figure class=\"wp-block-image size-large\"><img fetchpriority=\"high\" decoding=\"async\" width=\"1024\" height=\"688\" src=\"https:\/\/opinionpublica.com.ar\/index\/wp-content\/uploads\/2024\/03\/img_6486-1-1024x688.jpg\" alt=\"\" class=\"wp-image-147\" srcset=\"https:\/\/opinionpublica.com.ar\/index\/wp-content\/uploads\/2024\/03\/img_6486-1-1024x688.jpg 1024w, https:\/\/opinionpublica.com.ar\/index\/wp-content\/uploads\/2024\/03\/img_6486-1-300x202.jpg 300w, https:\/\/opinionpublica.com.ar\/index\/wp-content\/uploads\/2024\/03\/img_6486-1-768x516.jpg 768w, https:\/\/opinionpublica.com.ar\/index\/wp-content\/uploads\/2024\/03\/img_6486-1-1536x1032.jpg 1536w, https:\/\/opinionpublica.com.ar\/index\/wp-content\/uploads\/2024\/03\/img_6486-1.jpg 2000w\" sizes=\"(max-width: 1024px) 100vw, 1024px\" \/><\/figure>\n\n\n\n<p>Gustavo Ventura se incorpora al Partido Arraigo y Renovaci\u00f3n (P.A.R.)<\/p>\n\n\n\n<p>Este fin de semana se incorpor\u00f3 al P.A.R (Partido Arraigo y Renovaci\u00f3n) quien fuera Secretario de Turismo de la ciudad, Gustavo Ventura, espacio pol\u00edtico, que fuera creado en el 2013 por el Concejal (MC) Arq. Luis \u00abLolo\u00bb C\u00e1rdenas.<br \/>Al respecto Gustavo Ventura indic\u00f3 \u201cEstamos muy contentos de incorporarnos hoy a esta fuerza pol\u00edtica provincial, que proyecta llevar candidatos en todos los estamentos, no es un espacio m\u00e1s, ya que viene a valorizar cuestiones muy importantes para nuestra sociedad en las que coincid\u00ed siempre con Lolo C\u00e1rdenas, como la \u00e9tica, la moral, el orden y la lucha contra la corrupci\u00f3n, banderas que vamos a reivindicar, nos sumamos para a instalar un nuevo estilo de pol\u00edtica, con ejes muy claros como rectores de nuestra mirada pol\u00edtica, lejos de modelos corruptos de conducci\u00f3n pol\u00edtica, planteamos el profesionalismo y la transparencia absoluta en la gesti\u00f3n\u201d.<br \/>Junto con el Presidente provisional del Partido, y otras autoridades partidarias, se coincidi\u00f3 con que es necesario tener una gesti\u00f3n ordenada, generando los espacios necesarios en defensa de los derechos de la provincia en este contexto nacional: \u201cVamos a construir y defender a Tierra del Fuego, de la mano de quienes quieran hacerlo genuinamente, tanto dentro como fuera de \u00e9ste espacio pol\u00edtico\u201d concordaron.<br \/>Para terminar Gustavo Ventura coment\u00f3 sobre el PAR \u201cEs un espacio transversal, que convoca a personas de todos los espacios pol\u00edticos, aun a aquellos que est\u00e1n por fuera de \u00e9stos, como los trabajadores, empresarios, fuerzas de seguridad, empleados p\u00fablicos, vecinos de nuestra provincia que quieran trabajar en mejorar esta visi\u00f3n de provincia y ciudad inclusiva, emp\u00e1tica y austera, es por eso hoy comenzamos con 12 mesas t\u00e9cnicas donde todos pueden participar y dar su aporte.\u201d<br \/>En el anuncio Ventura recalc\u00f3 \u201cEl primer requisito es que tengamos honradez intelectual, seamos serios, profesionales y honestos, condiciones innegociables para trabajar en este espacio juntos, entendiendo que no hay mejora personal sin antes una mejora en la sociedad que nos rodea.\u201d<br \/>En ese camino concluy\u00f3: \u201cPor eso venimos trabajando hace mucho para dar soluciones y propuestas, como por ejemplo una reforma profunda del Estado municipal de Ushuaia, el desarrollo del turismo como motor de la econom\u00eda local, un plan de obra p\u00fablica, transporte y vivienda integral. Hemos estado tanto en la gesti\u00f3n del Estado como en la del sector privado, form\u00e1ndonos, prepararnos a dar una pelea muy compleja que requiere esta mirada mixta de lo p\u00fablico-privado, pero de verdad. Hay una necesidad de renovaci\u00f3n generacional y de representaci\u00f3n de sectores de la sociedad que no lo est\u00e1n hoy, ah\u00ed es donde debemos trabajar, creyendo firmemente que el secreto del cambio es enfocar toda la energ\u00eda no en luchar contra lo viejo, sino amalgamarlo para en construir lo nuevo\u201d<br \/>Participaron de la reuni\u00f3n el Presidente provisional del PAR Escribano Jos\u00e9 Lorenzo, Nicol\u00e1s Miranda (Pte de la Junta Partidaria), Roberto Aquino (Autoridad Partidaria) e integrantes del equipo de Gustavo Ventura, entre otros afiliados y simpatizantes.<\/p>\n\n\n\n<figure class=\"wp-block-gallery has-nested-images columns-default is-cropped wp-block-gallery-1 is-layout-flex wp-block-gallery-is-layout-flex\">\n<figure class=\"wp-block-image\"><img decoding=\"async\" width=\"733\" height=\"1024\" data-id=\"153\" src=\"https:\/\/opinionpublica.com.ar\/index\/wp-content\/uploads\/2024\/03\/img_6489-1-733x1024.jpg\" alt=\"\" class=\"wp-image-153\" srcset=\"https:\/\/opinionpublica.com.ar\/index\/wp-content\/uploads\/2024\/03\/img_6489-1-733x1024.jpg 733w, https:\/\/opinionpublica.com.ar\/index\/wp-content\/uploads\/2024\/03\/img_6489-1-215x300.jpg 215w, https:\/\/opinionpublica.com.ar\/index\/wp-content\/uploads\/2024\/03\/img_6489-1-768x1073.jpg 768w, https:\/\/opinionpublica.com.ar\/index\/wp-content\/uploads\/2024\/03\/img_6489-1-1099x1536.jpg 1099w, https:\/\/opinionpublica.com.ar\/index\/wp-content\/uploads\/2024\/03\/img_6489-1-1024x1431.jpg 1024w, https:\/\/opinionpublica.com.ar\/index\/wp-content\/uploads\/2024\/03\/img_6489-1.jpg 1431w\" sizes=\"(max-width: 733px) 100vw, 733px\" \/><\/figure>\n<\/figure>\n","protected":false},"excerpt":{"rendered":"<p>Gustavo Ventura se incorpora al Partido Arraigo y Renovaci\u00f3n (P.A.R.) Este fin de semana se incorpor\u00f3 al P.A.R<\/p>\n","protected":false},"author":2,"featured_media":153,"comment_status":"open","ping_status":"open","sticky":false,"template":"","format":"standard","meta":{"footnotes":""},"categories":[27,2],"tags":[8,5,6],"class_list":["post-151","post","type-post","status-publish","format-standard","has-post-thumbnail","hentry","category-politica","category-tierra-del-fuego","tag-politico-en-ascenso","tag-tierra-del-fuego","tag-ushuaia"],"featured_image_urls":{"full":["https:\/\/opinionpublica.com.ar\/index\/wp-content\/uploads\/2024\/03\/img_6489-1.jpg",1431,2000,false],"thumbnail":["https:\/\/opinionpublica.com.ar\/index\/wp-content\/uploads\/2024\/03\/img_6489-1-150x150.jpg",150,150,true],"medium":["https:\/\/opinionpublica.com.ar\/index\/wp-content\/uploads\/2024\/03\/img_6489-1-215x300.jpg",215,300,true],"medium_large":["https:\/\/opinionpublica.com.ar\/index\/wp-content\/uploads\/2024\/03\/img_6489-1-768x1073.jpg",640,894,true],"large":["https:\/\/opinionpublica.com.ar\/index\/wp-content\/uploads\/2024\/03\/img_6489-1-733x1024.jpg",640,894,true],"1536x1536":["https:\/\/opinionpublica.com.ar\/index\/wp-content\/uploads\/2024\/03\/img_6489-1-1099x1536.jpg",1099,1536,true],"2048x2048":["https:\/\/opinionpublica.com.ar\/index\/wp-content\/uploads\/2024\/03\/img_6489-1.jpg",1431,2000,false],"morenews-large":["https:\/\/opinionpublica.com.ar\/index\/wp-content\/uploads\/2024\/03\/img_6489-1-825x575.jpg",825,575,true],"morenews-medium":["https:\/\/opinionpublica.com.ar\/index\/wp-content\/uploads\/2024\/03\/img_6489-1-590x410.jpg",590,410,true]},"author_info":{"display_name":"l0013136","author_link":"https:\/\/opinionpublica.com.ar\/index\/author\/l0013136\/"},"category_info":"<a href=\"https:\/\/opinionpublica.com.ar\/index\/category\/politica\/\" rel=\"category tag\">Politica<\/a> <a href=\"https:\/\/opinionpublica.com.ar\/index\/category\/tierra-del-fuego\/\" rel=\"category tag\">Tierra del Fuego<\/a>","tag_info":"Tierra del Fuego","comment_count":"0","_links":{"self":[{"href":"https:\/\/opinionpublica.com.ar\/index\/wp-json\/wp\/v2\/posts\/151","targetHints":{"allow":["GET"]}}],"collection":[{"href":"https:\/\/opinionpublica.com.ar\/index\/wp-json\/wp\/v2\/posts"}],"about":[{"href":"https:\/\/opinionpublica.com.ar\/index\/wp-json\/wp\/v2\/types\/post"}],"author":[{"embeddable":true,"href":"https:\/\/opinionpublica.com.ar\/index\/wp-json\/wp\/v2\/users\/2"}],"replies":[{"embeddable":true,"href":"https:\/\/opinionpublica.com.ar\/index\/wp-json\/wp\/v2\/comments?post=151"}],"version-history":[{"count":3,"href":"https:\/\/opinionpublica.com.ar\/index\/wp-json\/wp\/v2\/posts\/151\/revisions"}],"predecessor-version":[{"id":155,"href":"https:\/\/opinionpublica.com.ar\/index\/wp-json\/wp\/v2\/posts\/151\/revisions\/155"}],"wp:featuredmedia":[{"embeddable":true,"href":"https:\/\/opinionpublica.com.ar\/index\/wp-json\/wp\/v2\/media\/153"}],"wp:attachment":[{"href":"https:\/\/opinionpublica.com.ar\/index\/wp-json\/wp\/v2\/media?parent=151"}],"wp:term":[{"taxonomy":"category","embeddable":true,"href":"https:\/\/opinionpublica.com.ar\/index\/wp-json\/wp\/v2\/categories?post=151"},{"taxonomy":"post_tag","embeddable":true,"href":"https:\/\/opinionpublica.com.ar\/index\/wp-json\/wp\/v2\/tags?post=151"}],"curies":[{"name":"wp","href":"https:\/\/api.w.org\/{rel}","templated":true}]}}