{"id":1902,"date":"2024-04-13T10:35:49","date_gmt":"2024-04-13T13:35:49","guid":{"rendered":"https:\/\/opinionpublica.com.ar\/index\/?p=1902"},"modified":"2024-04-13T10:35:49","modified_gmt":"2024-04-13T13:35:49","slug":"la-cgt-se-opone-al-proyecto-de-reforma-laboral-impulsado-por-el-bloque-de-diputados-ucr","status":"publish","type":"post","link":"https:\/\/opinionpublica.com.ar\/index\/la-cgt-se-opone-al-proyecto-de-reforma-laboral-impulsado-por-el-bloque-de-diputados-ucr\/","title":{"rendered":"La CGT se opone al proyecto de reforma laboral impulsado por el bloque de diputados UCR"},"content":{"rendered":"<p>La Confederaci\u00f3n General del Trabajo (CGT) se opone al proyecto de reforma laboral impulsado por el bloque de diputados de la Uni\u00f3n Civ\u00edca Radical (UCR), al considerar que \u201cdesfinancia a los sindicatos\u201d.<\/p>\n<p><img decoding=\"async\" src=\"http:\/\/www.conciliacionobligatoria.com\/uploads\/andres-rodriguez-cgt.jpg\" alt=\"\" width=\"580px\" height=\"100%\" \/><a href=\"https:\/\/opinionpublica.com.ar\/index\/wp-content\/uploads\/2024\/04\/cgt-reunion.jpg\"><img fetchpriority=\"high\" decoding=\"async\" class=\"alignnone size-full wp-image-1479\" src=\"https:\/\/opinionpublica.com.ar\/index\/wp-content\/uploads\/2024\/04\/cgt-reunion.jpg\" alt=\"\" width=\"300\" height=\"168\" \/><\/a><\/p>\n<div class=\"single_page_content\">\n<p>El rechazo fue confirmado ayer por Andr\u00e9s Rodr\u00edguez, secretario adjunto de la central sindical y unos de los hombres de peso de la mesa chica de negociaci\u00f3n de la entidad con el Gobierno.<\/p>\n<p>\u201c(El proyecto de reforma laboral de la CGT) coincide en desfinanciar a los sindicatos. Ese es el objetivo, no es recrear un trabajo mejorado sino desfinanciar a los sindicatos\u201d, asegur\u00f3 Rodr\u00edguez.<\/p>\n<p>El tambi\u00e9n titular de UPCN relacion\u00f3 la propuesta de la UCR con lo impulsado por el asesor presidencial Federico Sturzenegger en el judicializado DNU 70\/2023. \u201cEse fue el esp\u00edritu de Sturzenegger en el DNU 70, y ahora los radicales vuelven a ir por el mismo camino\u201d, se\u00f1al\u00f3 el dirigente.<\/p>\n<p>En uno de los puntos de la reforma, la UCR propone eliminar y prohibir las contribuciones obligatorias emanadas de los convenios colectivos (llamadas contribuciones de solidaridad) para garantizar la libertad sindical.<\/p>\n<p>\u201cLa inclusi\u00f3n de aportes y contribuciones en las convenciones colectivas de trabajo es incompatible con la naturaleza jur\u00eddica de las convenciones, convirti\u00e9ndolas en instrumentos para la recaudaci\u00f3n de fondos por parte de los sindicatos y perjudica patrimonialmente al trabajador\u201d, sostiene.<\/p>\n<p>Rodr\u00edguez admiti\u00f3 que la CGT acompa\u00f1ar\u00eda un esquema de modernizaci\u00f3n laboral, aunque se manifest\u00f3 en defensa del modelo sindical actual. \u201cEstamos de acuerdo en que muchos compatriotas que est\u00e1n en la informalidad pasen a la formalidad con facilidades para que eso ocurra. No tenemos ning\u00fan inconveniente en ver el tema indemnizatorio o analizar el per\u00edodo de prueba, lo que no estamos de acuerdo es con el ataque del DNU 70 a la estructura gremial\u201d, sentenci\u00f3.<\/p>\n<p>&nbsp;<\/p>\n<\/div>\n","protected":false},"excerpt":{"rendered":"<p>La Confederaci\u00f3n General del Trabajo (CGT) se opone al proyecto de reforma laboral impulsado por el bloque de<\/p>\n","protected":false},"author":8,"featured_media":1903,"comment_status":"open","ping_status":"open","sticky":false,"template":"","format":"standard","meta":{"footnotes":""},"categories":[3],"tags":[522,631,141],"class_list":["post-1902","post","type-post","status-publish","format-standard","has-post-thumbnail","hentry","category-nacionales","tag-cgt","tag-reforma-laboral","tag-ucr"],"featured_image_urls":{"full":["https:\/\/opinionpublica.com.ar\/index\/wp-content\/uploads\/2024\/04\/cgt.jpg",1080,620,false],"thumbnail":["https:\/\/opinionpublica.com.ar\/index\/wp-content\/uploads\/2024\/04\/cgt-150x150.jpg",150,150,true],"medium":["https:\/\/opinionpublica.com.ar\/index\/wp-content\/uploads\/2024\/04\/cgt-300x172.jpg",300,172,true],"medium_large":["https:\/\/opinionpublica.com.ar\/index\/wp-content\/uploads\/2024\/04\/cgt-768x441.jpg",640,368,true],"large":["https:\/\/opinionpublica.com.ar\/index\/wp-content\/uploads\/2024\/04\/cgt-1024x588.jpg",640,368,true],"1536x1536":["https:\/\/opinionpublica.com.ar\/index\/wp-content\/uploads\/2024\/04\/cgt.jpg",1080,620,false],"2048x2048":["https:\/\/opinionpublica.com.ar\/index\/wp-content\/uploads\/2024\/04\/cgt.jpg",1080,620,false],"morenews-large":["https:\/\/opinionpublica.com.ar\/index\/wp-content\/uploads\/2024\/04\/cgt-825x575.jpg",825,575,true],"morenews-medium":["https:\/\/opinionpublica.com.ar\/index\/wp-content\/uploads\/2024\/04\/cgt-590x410.jpg",590,410,true]},"author_info":{"display_name":"RKing","author_link":"https:\/\/opinionpublica.com.ar\/index\/author\/rking\/"},"category_info":"<a href=\"https:\/\/opinionpublica.com.ar\/index\/category\/nacionales\/\" rel=\"category tag\">Nacionales<\/a>","tag_info":"Nacionales","comment_count":"0","_links":{"self":[{"href":"https:\/\/opinionpublica.com.ar\/index\/wp-json\/wp\/v2\/posts\/1902","targetHints":{"allow":["GET"]}}],"collection":[{"href":"https:\/\/opinionpublica.com.ar\/index\/wp-json\/wp\/v2\/posts"}],"about":[{"href":"https:\/\/opinionpublica.com.ar\/index\/wp-json\/wp\/v2\/types\/post"}],"author":[{"embeddable":true,"href":"https:\/\/opinionpublica.com.ar\/index\/wp-json\/wp\/v2\/users\/8"}],"replies":[{"embeddable":true,"href":"https:\/\/opinionpublica.com.ar\/index\/wp-json\/wp\/v2\/comments?post=1902"}],"version-history":[{"count":1,"href":"https:\/\/opinionpublica.com.ar\/index\/wp-json\/wp\/v2\/posts\/1902\/revisions"}],"predecessor-version":[{"id":1904,"href":"https:\/\/opinionpublica.com.ar\/index\/wp-json\/wp\/v2\/posts\/1902\/revisions\/1904"}],"wp:featuredmedia":[{"embeddable":true,"href":"https:\/\/opinionpublica.com.ar\/index\/wp-json\/wp\/v2\/media\/1903"}],"wp:attachment":[{"href":"https:\/\/opinionpublica.com.ar\/index\/wp-json\/wp\/v2\/media?parent=1902"}],"wp:term":[{"taxonomy":"category","embeddable":true,"href":"https:\/\/opinionpublica.com.ar\/index\/wp-json\/wp\/v2\/categories?post=1902"},{"taxonomy":"post_tag","embeddable":true,"href":"https:\/\/opinionpublica.com.ar\/index\/wp-json\/wp\/v2\/tags?post=1902"}],"curies":[{"name":"wp","href":"https:\/\/api.w.org\/{rel}","templated":true}]}}