{"id":2129,"date":"2024-04-19T13:34:16","date_gmt":"2024-04-19T16:34:16","guid":{"rendered":"https:\/\/opinionpublica.com.ar\/index\/?p=2129"},"modified":"2024-04-19T13:34:16","modified_gmt":"2024-04-19T16:34:16","slug":"causa-matias-rodriguez-la-justicia-aguarda-los-resultados-de-una-autopsia-psicologica","status":"publish","type":"post","link":"https:\/\/opinionpublica.com.ar\/index\/causa-matias-rodriguez-la-justicia-aguarda-los-resultados-de-una-autopsia-psicologica\/","title":{"rendered":"Causa Mat\u00edas Rodriguez: La Justicia aguarda los resultados de una autopsia psicol\u00f3gica"},"content":{"rendered":"<p>Este 18 se cumplieron 6 meses del deceso del Senador Mat\u00edas Rodr\u00edguez, ocurrido en la ciudad de Ushuaia. Aunque se presume se trat\u00f3 de un suicidio, la causa permanece abierta y en manos del juez de Instrucci\u00f3n Federico Vidal. No hay parte querellante en la investigaci\u00f3n, por lo que la misma es impulsada por el Ministerio P\u00fablico Fiscal, en figura del Dr. Nicol\u00e1s Arias.<\/p>\n<p><a href=\"https:\/\/opinionpublica.com.ar\/index\/wp-content\/uploads\/2024\/04\/matias-rodriguez-senador-910x512-1.jpg\"><img fetchpriority=\"high\" decoding=\"async\" class=\"alignnone size-medium wp-image-2131\" src=\"https:\/\/opinionpublica.com.ar\/index\/wp-content\/uploads\/2024\/04\/matias-rodriguez-senador-910x512-1-300x169.jpg\" alt=\"\" width=\"300\" height=\"169\" srcset=\"https:\/\/opinionpublica.com.ar\/index\/wp-content\/uploads\/2024\/04\/matias-rodriguez-senador-910x512-1-300x169.jpg 300w, https:\/\/opinionpublica.com.ar\/index\/wp-content\/uploads\/2024\/04\/matias-rodriguez-senador-910x512-1-768x432.jpg 768w, https:\/\/opinionpublica.com.ar\/index\/wp-content\/uploads\/2024\/04\/matias-rodriguez-senador-910x512-1.jpg 910w\" sizes=\"(max-width: 300px) 100vw, 300px\" \/><\/a><\/p>\n<p>Seg\u00fan los datos que obran en la causa, el juez Vidal se encuentra a la espera del resultado de una autopsia psicol\u00f3gica, que tiene que ver con conocer la personalidad del fallecido, en este caso, el Senador Mat\u00edas Rodr\u00edguez.<\/p>\n<p>Hasta ahora, seg\u00fan confirmaron fuentes, el celular Iphone propiedad de Rodr\u00edguez, a\u00fan no pudo ser peritado, ya que contaba con doble medida de seguridad, una clave alfanum\u00e9rica, y el reconocimiento facial.<\/p>\n<p>Aparentemente, ninguna fuerza de seguridad provincial o nacional, ha logrado abrir el dispositivo m\u00f3vil, lo que podr\u00eda aportar a la causa, m\u00faltiples datos.<\/p>\n<p>Asimismo, no constan en la causa, elementos que indiquen que el Senador hab\u00eda recibido amenazas en los d\u00edas anteriores a su muerte.<\/p>\n<p>Respecto de la autopsia, los datos siguen siendo los mismo: el cuerpo de Rodr\u00edguez presentaba dos golpes, uno en el rostro y otro en la pierna, que no tienen v\u00ednculo con la muerte concreta, ya que est\u00e1 confirmado que el deceso fue producto de un disparo con un arma de fuego registrada a nombre del propio occiso.<\/p>\n<p>Sobre los golpes, los mismos, tendr\u00edan que ver con una acalorada discusi\u00f3n que termin\u00f3 en un enfrentamiento que, Rodr\u00edguez, tuvo con el intendente Walter Vuoto, por cuestiones personales.<\/p>\n","protected":false},"excerpt":{"rendered":"<p>Este 18 se cumplieron 6 meses del deceso del Senador Mat\u00edas Rodr\u00edguez, ocurrido en la ciudad de Ushuaia.<\/p>\n","protected":false},"author":8,"featured_media":2131,"comment_status":"open","ping_status":"open","sticky":false,"template":"","format":"standard","meta":{"footnotes":""},"categories":[2,21],"tags":[821,644,538],"class_list":["post-2129","post","type-post","status-publish","format-standard","has-post-thumbnail","hentry","category-tierra-del-fuego","category-ushuaia","tag-autopsia","tag-matias-rodriguez","tag-walter-vuoto"],"featured_image_urls":{"full":["https:\/\/opinionpublica.com.ar\/index\/wp-content\/uploads\/2024\/04\/matias-rodriguez-senador-910x512-1.jpg",910,512,false],"thumbnail":["https:\/\/opinionpublica.com.ar\/index\/wp-content\/uploads\/2024\/04\/matias-rodriguez-senador-910x512-1-150x150.jpg",150,150,true],"medium":["https:\/\/opinionpublica.com.ar\/index\/wp-content\/uploads\/2024\/04\/matias-rodriguez-senador-910x512-1-300x169.jpg",300,169,true],"medium_large":["https:\/\/opinionpublica.com.ar\/index\/wp-content\/uploads\/2024\/04\/matias-rodriguez-senador-910x512-1-768x432.jpg",640,360,true],"large":["https:\/\/opinionpublica.com.ar\/index\/wp-content\/uploads\/2024\/04\/matias-rodriguez-senador-910x512-1.jpg",640,360,false],"1536x1536":["https:\/\/opinionpublica.com.ar\/index\/wp-content\/uploads\/2024\/04\/matias-rodriguez-senador-910x512-1.jpg",910,512,false],"2048x2048":["https:\/\/opinionpublica.com.ar\/index\/wp-content\/uploads\/2024\/04\/matias-rodriguez-senador-910x512-1.jpg",910,512,false],"morenews-large":["https:\/\/opinionpublica.com.ar\/index\/wp-content\/uploads\/2024\/04\/matias-rodriguez-senador-910x512-1-825x512.jpg",825,512,true],"morenews-medium":["https:\/\/opinionpublica.com.ar\/index\/wp-content\/uploads\/2024\/04\/matias-rodriguez-senador-910x512-1-590x410.jpg",590,410,true]},"author_info":{"display_name":"RKing","author_link":"https:\/\/opinionpublica.com.ar\/index\/author\/rking\/"},"category_info":"<a href=\"https:\/\/opinionpublica.com.ar\/index\/category\/tierra-del-fuego\/\" rel=\"category tag\">Tierra del Fuego<\/a> <a href=\"https:\/\/opinionpublica.com.ar\/index\/category\/ushuaia\/\" rel=\"category tag\">Ushuaia<\/a>","tag_info":"Ushuaia","comment_count":"0","_links":{"self":[{"href":"https:\/\/opinionpublica.com.ar\/index\/wp-json\/wp\/v2\/posts\/2129","targetHints":{"allow":["GET"]}}],"collection":[{"href":"https:\/\/opinionpublica.com.ar\/index\/wp-json\/wp\/v2\/posts"}],"about":[{"href":"https:\/\/opinionpublica.com.ar\/index\/wp-json\/wp\/v2\/types\/post"}],"author":[{"embeddable":true,"href":"https:\/\/opinionpublica.com.ar\/index\/wp-json\/wp\/v2\/users\/8"}],"replies":[{"embeddable":true,"href":"https:\/\/opinionpublica.com.ar\/index\/wp-json\/wp\/v2\/comments?post=2129"}],"version-history":[{"count":1,"href":"https:\/\/opinionpublica.com.ar\/index\/wp-json\/wp\/v2\/posts\/2129\/revisions"}],"predecessor-version":[{"id":2132,"href":"https:\/\/opinionpublica.com.ar\/index\/wp-json\/wp\/v2\/posts\/2129\/revisions\/2132"}],"wp:featuredmedia":[{"embeddable":true,"href":"https:\/\/opinionpublica.com.ar\/index\/wp-json\/wp\/v2\/media\/2131"}],"wp:attachment":[{"href":"https:\/\/opinionpublica.com.ar\/index\/wp-json\/wp\/v2\/media?parent=2129"}],"wp:term":[{"taxonomy":"category","embeddable":true,"href":"https:\/\/opinionpublica.com.ar\/index\/wp-json\/wp\/v2\/categories?post=2129"},{"taxonomy":"post_tag","embeddable":true,"href":"https:\/\/opinionpublica.com.ar\/index\/wp-json\/wp\/v2\/tags?post=2129"}],"curies":[{"name":"wp","href":"https:\/\/api.w.org\/{rel}","templated":true}]}}