{"id":2380,"date":"2024-04-24T15:45:34","date_gmt":"2024-04-24T18:45:34","guid":{"rendered":"https:\/\/opinionpublica.com.ar\/index\/?p=2380"},"modified":"2024-04-24T15:45:34","modified_gmt":"2024-04-24T18:45:34","slug":"javier-milei-afirmo-que-va-garantizar-los-fondos-para-las-universidades-pero-las-va-a-auditar","status":"publish","type":"post","link":"https:\/\/opinionpublica.com.ar\/index\/javier-milei-afirmo-que-va-garantizar-los-fondos-para-las-universidades-pero-las-va-a-auditar\/","title":{"rendered":"Javier Milei afirmo que va garantizar los fondos para las universidades pero las va a auditar"},"content":{"rendered":"<p>El Presidente utiliz\u00f3 sus redes sociales para expresarse luego de la multitudinaria movilizaci\u00f3n que se realiz\u00f3 ayer en defensa de la educaci\u00f3n p\u00fablica. \u201cCausas nobles, motivos oscuros\u201d, denunci\u00f3 y apunt\u00f3 contra referentes de la oposici\u00f3n<\/p>\n<p><a href=\"https:\/\/opinionpublica.com.ar\/index\/wp-content\/uploads\/2024\/03\/milei-locojpg.jpg\"><img fetchpriority=\"high\" decoding=\"async\" class=\"alignnone size-full wp-image-441\" src=\"https:\/\/opinionpublica.com.ar\/index\/wp-content\/uploads\/2024\/03\/milei-locojpg.jpg\" alt=\"\" width=\"613\" height=\"460\" srcset=\"https:\/\/opinionpublica.com.ar\/index\/wp-content\/uploads\/2024\/03\/milei-locojpg.jpg 613w, https:\/\/opinionpublica.com.ar\/index\/wp-content\/uploads\/2024\/03\/milei-locojpg-300x225.jpg 300w\" sizes=\"(max-width: 613px) 100vw, 613px\" \/><\/a><\/p>\n<article>\n<div>\n<p data-mrf-recirculation=\"Links inline\">El presidente\u00a0Javier Milei utiliz\u00f3 sus redes sociales para expresarse sobre la multitudinaria movilizaci\u00f3n que se realiz\u00f3 en Plaza de Mayo en reclamo de m\u00e1s fondos para las universidades p\u00fablicas. En su texto confirm\u00f3 que se garantizar\u00e1 el presupuesto para el funcionamientos de las casas de estudio, pero denunci\u00f3 una utilizaci\u00f3n pol\u00edtica del reclamo.<\/p>\n<p data-mrf-recirculation=\"Links inline\">Con el t\u00edtulo \u201cCausas nobles. Motivos oscuros\u201d, el mandatario public\u00f3 un texto en sus redes sociales en el que denunci\u00f3 que en la movilizaci\u00f3n de ayer \u201cvimos c\u00f3mo, una vez m\u00e1s, aquellos que pretenden seguir viviendo a expensas de los argentinos\u00a0se montaron sobre una mentira para promover sus intereses.\u00a0Al margen de la discusi\u00f3n acerca de cu\u00e1l modelo de educaci\u00f3n superior es deseable para un pa\u00eds en el que seis de cada diez chicos menores de 14 a\u00f1os son pobres, los mismos vivos de siempre utilizaron el escudo de una causa que suena noble\u00a0para defender sus intereses de casta\u201d.<\/p>\n<div>\n<div><a href=\"https:\/\/opinionpublica.com.ar\/index\/wp-content\/uploads\/2024\/04\/marcha-universitaria.jpg\"><img decoding=\"async\" class=\"alignnone size-full wp-image-1802\" src=\"https:\/\/opinionpublica.com.ar\/index\/wp-content\/uploads\/2024\/04\/marcha-universitaria.jpg\" alt=\"\" width=\"777\" height=\"435\" srcset=\"https:\/\/opinionpublica.com.ar\/index\/wp-content\/uploads\/2024\/04\/marcha-universitaria.jpg 777w, https:\/\/opinionpublica.com.ar\/index\/wp-content\/uploads\/2024\/04\/marcha-universitaria-300x168.jpg 300w, https:\/\/opinionpublica.com.ar\/index\/wp-content\/uploads\/2024\/04\/marcha-universitaria-768x430.jpg 768w\" sizes=\"(max-width: 777px) 100vw, 777px\" \/><\/a><\/div>\n<\/div>\n<p data-mrf-recirculation=\"Links inline\">\u201cEn ning\u00fan momento el gobierno nacional insinu\u00f3 la intenci\u00f3n de cerrar las universidades nacionales. Lejos de eso, ya el d\u00eda anterior a la manifestaci\u00f3n de ayer estaban hechos los giros de recursos para los gastos de funcionamiento de todas las universidades nacionales. Pero como la clase pol\u00edtica no deja pasar ninguna oportunidad para defender sus privilegios, montaron sobre una consigna justa un acto netamente pol\u00edtico de oposici\u00f3n al gobierno\u201d, agreg\u00f3.<\/p>\n<div data-mrf-recirculation=\"IL_wv5lqF4aQ7G5etrMMyn62Q\" data-testid=\"text-html\" data-mrf-experience=\"IL_wv5lqF4aQ7G5etrMMyn62Q\"><\/div>\n<div><\/div>\n<p data-mrf-recirculation=\"Links inline\">En ese sentido, apunt\u00f3 contra dirigentes del peronismo, el radicalismo y gremiales: \u201cAyer vimos las mismas caras de siempre de aquellos que quieren que la Argentina no cambie para defender sus privilegios\u201d. Adem\u00e1s, los acus\u00f3 de no defender la educaci\u00f3n, si no que \u201cdefienden sus privilegios y utilizan a la sociedad para hacerlo. Lo hicieron con Aerol\u00edneas, lo hicieron con los jubilados cuando se robaron los fondos de las AFJP, lo hicieron con YPF, lo hacen con la obra p\u00fablica.\u00a0As\u00ed opera la casta.\u00a0Se montan sobre una bandera justa para despojar a los argentinos\u201d.<\/p>\n<div>\n<div><\/div>\n<\/div>\n<p data-mrf-recirculation=\"Links inline\">\u201cLa diferencia ahora es que la mayor\u00eda de los argentinos eligieron un Presidente para terminar con los privilegios de los pol\u00edticos. No vamos a ser c\u00f3mplices del negocio que algunos hacen con la universidad p\u00fablica. Vamos a garantizar los fondos para el funcionamiento de las universidades y vamos a auditar c\u00f3mo se utilizan esos fondos. Porque ese dinero surge del esfuerzo que hacen la mayor\u00eda de los argentinos que viven debajo de la l\u00ednea de la pobreza y no puede ni debe ser utilizado para engordar los bolsillos de algunos que han hecho un negocio de la educaci\u00f3n p\u00fablica. Lejos de doblegarnos, cada vez que todos esos dirigentes, que son la cara del fracaso argentino, se juntan detr\u00e1s de una bandera, lo \u00fanico que hacen es reafirmar nuestra convicci\u00f3n de que estamos dando las batallas para las que nos eligieron la mayor\u00eda de los argentinos\u201d, concluy\u00f3.<\/p>\n<div data-mrf-recirculation=\"IL_JkB3GTBFTj2urpbOlzOORQ\" data-testid=\"text-html\" data-mrf-experience=\"IL_JkB3GTBFTj2urpbOlzOORQ\"><\/div>\n<div><a href=\"https:\/\/opinionpublica.com.ar\/index\/wp-content\/uploads\/2024\/04\/marcha-universitaria-federal.jpg\"><img decoding=\"async\" class=\"alignnone size-full wp-image-2338\" src=\"https:\/\/opinionpublica.com.ar\/index\/wp-content\/uploads\/2024\/04\/marcha-universitaria-federal.jpg\" alt=\"\" width=\"987\" height=\"555\" srcset=\"https:\/\/opinionpublica.com.ar\/index\/wp-content\/uploads\/2024\/04\/marcha-universitaria-federal.jpg 987w, https:\/\/opinionpublica.com.ar\/index\/wp-content\/uploads\/2024\/04\/marcha-universitaria-federal-300x169.jpg 300w, https:\/\/opinionpublica.com.ar\/index\/wp-content\/uploads\/2024\/04\/marcha-universitaria-federal-768x432.jpg 768w\" sizes=\"(max-width: 987px) 100vw, 987px\" \/><\/a><\/div>\n<p data-mrf-recirculation=\"Links inline\">Este martes, casi un mill\u00f3n de estudiantes y docentes se movilizaron este martes 23 de abril al centro porte\u00f1o en defensa de la\u00a0educaci\u00f3n p\u00fablica\u00a0y en reclamo por el\u00a0recorte del presupuesto universitario\u00a0que est\u00e1 llevando a cabo el Gobierno de\u00a0Javier Milei. La protesta sum\u00f3 apoyo de distintos sectores de la pol\u00edtica y del \u00e1mbito sindical, y tuvo su r\u00e9plica en varios puntos del pa\u00eds.<\/p>\n<p data-mrf-recirculation=\"Links inline\">El reclamo por la falta de recursos para las 36 universidades nacionales puso el grito en el cielo y moviliz\u00f3 alrededor de 800.000 personas solo en la Ciudad de Buenos Aires -seg\u00fan c\u00e1lculos de la UBA-.<\/p>\n<\/div>\n<\/article>\n","protected":false},"excerpt":{"rendered":"<p>El Presidente utiliz\u00f3 sus redes sociales para expresarse luego de la multitudinaria movilizaci\u00f3n que se realiz\u00f3 ayer en<\/p>\n","protected":false},"author":8,"featured_media":2381,"comment_status":"open","ping_status":"open","sticky":false,"template":"","format":"standard","meta":{"footnotes":""},"categories":[3],"tags":[853,692,650],"class_list":["post-2380","post","type-post","status-publish","format-standard","has-post-thumbnail","hentry","category-nacionales","tag-fondos","tag-javier-milei","tag-universidades-nacionales"],"featured_image_urls":{"full":["https:\/\/opinionpublica.com.ar\/index\/wp-content\/uploads\/2024\/04\/marcha-universidad.jpg",1200,751,false],"thumbnail":["https:\/\/opinionpublica.com.ar\/index\/wp-content\/uploads\/2024\/04\/marcha-universidad-150x150.jpg",150,150,true],"medium":["https:\/\/opinionpublica.com.ar\/index\/wp-content\/uploads\/2024\/04\/marcha-universidad-300x188.jpg",300,188,true],"medium_large":["https:\/\/opinionpublica.com.ar\/index\/wp-content\/uploads\/2024\/04\/marcha-universidad-768x481.jpg",640,401,true],"large":["https:\/\/opinionpublica.com.ar\/index\/wp-content\/uploads\/2024\/04\/marcha-universidad-1024x641.jpg",640,401,true],"1536x1536":["https:\/\/opinionpublica.com.ar\/index\/wp-content\/uploads\/2024\/04\/marcha-universidad.jpg",1200,751,false],"2048x2048":["https:\/\/opinionpublica.com.ar\/index\/wp-content\/uploads\/2024\/04\/marcha-universidad.jpg",1200,751,false],"morenews-large":["https:\/\/opinionpublica.com.ar\/index\/wp-content\/uploads\/2024\/04\/marcha-universidad-825x575.jpg",825,575,true],"morenews-medium":["https:\/\/opinionpublica.com.ar\/index\/wp-content\/uploads\/2024\/04\/marcha-universidad-590x410.jpg",590,410,true]},"author_info":{"display_name":"RKing","author_link":"https:\/\/opinionpublica.com.ar\/index\/author\/rking\/"},"category_info":"<a href=\"https:\/\/opinionpublica.com.ar\/index\/category\/nacionales\/\" rel=\"category tag\">Nacionales<\/a>","tag_info":"Nacionales","comment_count":"0","_links":{"self":[{"href":"https:\/\/opinionpublica.com.ar\/index\/wp-json\/wp\/v2\/posts\/2380","targetHints":{"allow":["GET"]}}],"collection":[{"href":"https:\/\/opinionpublica.com.ar\/index\/wp-json\/wp\/v2\/posts"}],"about":[{"href":"https:\/\/opinionpublica.com.ar\/index\/wp-json\/wp\/v2\/types\/post"}],"author":[{"embeddable":true,"href":"https:\/\/opinionpublica.com.ar\/index\/wp-json\/wp\/v2\/users\/8"}],"replies":[{"embeddable":true,"href":"https:\/\/opinionpublica.com.ar\/index\/wp-json\/wp\/v2\/comments?post=2380"}],"version-history":[{"count":1,"href":"https:\/\/opinionpublica.com.ar\/index\/wp-json\/wp\/v2\/posts\/2380\/revisions"}],"predecessor-version":[{"id":2382,"href":"https:\/\/opinionpublica.com.ar\/index\/wp-json\/wp\/v2\/posts\/2380\/revisions\/2382"}],"wp:featuredmedia":[{"embeddable":true,"href":"https:\/\/opinionpublica.com.ar\/index\/wp-json\/wp\/v2\/media\/2381"}],"wp:attachment":[{"href":"https:\/\/opinionpublica.com.ar\/index\/wp-json\/wp\/v2\/media?parent=2380"}],"wp:term":[{"taxonomy":"category","embeddable":true,"href":"https:\/\/opinionpublica.com.ar\/index\/wp-json\/wp\/v2\/categories?post=2380"},{"taxonomy":"post_tag","embeddable":true,"href":"https:\/\/opinionpublica.com.ar\/index\/wp-json\/wp\/v2\/tags?post=2380"}],"curies":[{"name":"wp","href":"https:\/\/api.w.org\/{rel}","templated":true}]}}