{"id":26,"date":"2024-03-05T15:38:32","date_gmt":"2024-03-05T15:38:32","guid":{"rendered":"https:\/\/opinionpublica.com.ar\/index\/?p=26"},"modified":"2024-03-12T17:49:22","modified_gmt":"2024-03-12T17:49:22","slug":"nota-de-pueba","status":"publish","type":"post","link":"https:\/\/opinionpublica.com.ar\/index\/nota-de-pueba\/","title":{"rendered":"Legisladores de Somos Fueguinos impulsan la derogaci\u00f3n de la ley que declara necesaria la reforma de la Constituci\u00f3n Provincial"},"content":{"rendered":"\n<h3 class=\"wp-block-heading\">La iniciativa es del legislador Jorge Lechman junto a sus pares de bancada: Gisela Dos Santos y Ra\u00fal Von der Thusen.<\/h3>\n\n\n\n<p>mi\u00e9rcoles 06 de marzo de 2024<\/p>\n\n\n\n<p>En ese sentido, el legislador Lechman analiz\u00f3: \u201cLa Legislatura sancion\u00f3 en la \u00faltima sesi\u00f3n ordinaria del a\u00f1o pasado, a mediados de diciembre, la Ley 1529 que declaraba la necesidad de la reforma parcial de la Carta Magna,&nbsp;sin dictamen de comisi\u00f3n, sin an\u00e1lisis, sin discusi\u00f3n previa y sin el aporte de las fuerzas vivas de la comunidad\u00bb.<\/p>\n\n\n\n<p>\u00abY precisamente una reforma debe ser resultado, en primera instancia, de un amplio debate en el que la voluntad de los actores sociales, pol\u00edticos, econ\u00f3micos e institucionales de la provincia, se vea reflejada, cosa que no ocurri\u00f3 aqu\u00ed\u201d,&nbsp;opin\u00f3 Lechman.<\/p>\n\n\n\n<blockquote class=\"wp-block-quote is-layout-flow wp-block-quote-is-layout-flow\">\n<p>\u201cEs innecesario convocar a una Convenci\u00f3n Constituyente dado el contexto socioecon\u00f3mico y la crisis que repercute en el bolsillo de los fueguinos\u201d.<\/p>\n<\/blockquote>\n\n\n\n<p>Por otra parte, Lechman aleg\u00f3 que \u201cNuestra provincia atraviesa una crisis socioecon\u00f3mica con p\u00e9rdida de puestos de trabajo, suspensiones, menor recaudaci\u00f3n fiscal y una disminuci\u00f3n importante en la transferencia de fondos de la coparticipaci\u00f3n federal. A esto debemos sumar la inflaci\u00f3n que azota los bolsillos de los argentinos desde hace a\u00f1os pero que los \u00faltimos meses se ha visto agravada.&nbsp;Pensar en una reforma constitucional cuando hay miles de vecinos con carencias de todo tipo y no saben si van a mantener sus fuentes laborales, representa una aspiraci\u00f3n totalmente alejada de las necesidades reales del vecino que camina la calle todos los d\u00edas. Esta reforma no busca mejorar ni atender las necesidades de los vecinos de nuestra provincia\u00bb.<\/p>\n\n\n\n<p>Por \u00faltimo, el Parlamentario record\u00f3 que \u00abNuestro compromiso durante la campa\u00f1a electoral fue manifestarnos en contra de cualquier tipo de reforma constitucional&nbsp;porque consider\u00e1bamos y consideramos que no es el momento oportuno. Estamos honrando nuestro compromiso con el electorado\u00bb.<\/p>\n","protected":false},"excerpt":{"rendered":"<p>La iniciativa es del legislador Jorge Lechman junto a sus pares de bancada: Gisela Dos Santos y Ra\u00fal<\/p>\n","protected":false},"author":2,"featured_media":65,"comment_status":"open","ping_status":"open","sticky":false,"template":"","format":"standard","meta":{"footnotes":""},"categories":[27,2],"tags":[],"class_list":["post-26","post","type-post","status-publish","format-standard","has-post-thumbnail","hentry","category-politica","category-tierra-del-fuego"],"featured_image_urls":{"full":["https:\/\/opinionpublica.com.ar\/index\/wp-content\/uploads\/2024\/03\/1-1.webp",992,558,false],"thumbnail":["https:\/\/opinionpublica.com.ar\/index\/wp-content\/uploads\/2024\/03\/1-1-150x150.webp",150,150,true],"medium":["https:\/\/opinionpublica.com.ar\/index\/wp-content\/uploads\/2024\/03\/1-1-300x169.webp",300,169,true],"medium_large":["https:\/\/opinionpublica.com.ar\/index\/wp-content\/uploads\/2024\/03\/1-1-768x432.webp",640,360,true],"large":["https:\/\/opinionpublica.com.ar\/index\/wp-content\/uploads\/2024\/03\/1-1.webp",640,360,false],"1536x1536":["https:\/\/opinionpublica.com.ar\/index\/wp-content\/uploads\/2024\/03\/1-1.webp",992,558,false],"2048x2048":["https:\/\/opinionpublica.com.ar\/index\/wp-content\/uploads\/2024\/03\/1-1.webp",992,558,false],"morenews-large":["https:\/\/opinionpublica.com.ar\/index\/wp-content\/uploads\/2024\/03\/1-1-825x558.webp",825,558,true],"morenews-medium":["https:\/\/opinionpublica.com.ar\/index\/wp-content\/uploads\/2024\/03\/1-1-590x410.webp",590,410,true]},"author_info":{"display_name":"l0013136","author_link":"https:\/\/opinionpublica.com.ar\/index\/author\/l0013136\/"},"category_info":"<a href=\"https:\/\/opinionpublica.com.ar\/index\/category\/politica\/\" rel=\"category tag\">Politica<\/a> <a href=\"https:\/\/opinionpublica.com.ar\/index\/category\/tierra-del-fuego\/\" rel=\"category tag\">Tierra del Fuego<\/a>","tag_info":"Tierra del Fuego","comment_count":"0","_links":{"self":[{"href":"https:\/\/opinionpublica.com.ar\/index\/wp-json\/wp\/v2\/posts\/26","targetHints":{"allow":["GET"]}}],"collection":[{"href":"https:\/\/opinionpublica.com.ar\/index\/wp-json\/wp\/v2\/posts"}],"about":[{"href":"https:\/\/opinionpublica.com.ar\/index\/wp-json\/wp\/v2\/types\/post"}],"author":[{"embeddable":true,"href":"https:\/\/opinionpublica.com.ar\/index\/wp-json\/wp\/v2\/users\/2"}],"replies":[{"embeddable":true,"href":"https:\/\/opinionpublica.com.ar\/index\/wp-json\/wp\/v2\/comments?post=26"}],"version-history":[{"count":3,"href":"https:\/\/opinionpublica.com.ar\/index\/wp-json\/wp\/v2\/posts\/26\/revisions"}],"predecessor-version":[{"id":67,"href":"https:\/\/opinionpublica.com.ar\/index\/wp-json\/wp\/v2\/posts\/26\/revisions\/67"}],"wp:featuredmedia":[{"embeddable":true,"href":"https:\/\/opinionpublica.com.ar\/index\/wp-json\/wp\/v2\/media\/65"}],"wp:attachment":[{"href":"https:\/\/opinionpublica.com.ar\/index\/wp-json\/wp\/v2\/media?parent=26"}],"wp:term":[{"taxonomy":"category","embeddable":true,"href":"https:\/\/opinionpublica.com.ar\/index\/wp-json\/wp\/v2\/categories?post=26"},{"taxonomy":"post_tag","embeddable":true,"href":"https:\/\/opinionpublica.com.ar\/index\/wp-json\/wp\/v2\/tags?post=26"}],"curies":[{"name":"wp","href":"https:\/\/api.w.org\/{rel}","templated":true}]}}