{"id":2646,"date":"2024-05-02T09:38:50","date_gmt":"2024-05-02T12:38:50","guid":{"rendered":"https:\/\/opinionpublica.com.ar\/index\/?p=2646"},"modified":"2024-05-02T09:38:50","modified_gmt":"2024-05-02T12:38:50","slug":"personal-tecnico-de-la-dpe-siguen-trabajando-varios-sectores-siguen-sin-alumbrado-publico","status":"publish","type":"post","link":"https:\/\/opinionpublica.com.ar\/index\/personal-tecnico-de-la-dpe-siguen-trabajando-varios-sectores-siguen-sin-alumbrado-publico\/","title":{"rendered":"Personal t\u00e9cnico de la DPE siguen trabajando, varios sectores siguen sin alumbrado p\u00fablico"},"content":{"rendered":"<header class=\"cm-entry-header\"><\/header>\n<div class=\"cm-entry-summary\">\n<div class=\"block-title\">\n<p class=\"wp-block-heading\">Personal t\u00e9cnico de la DPE siguen trabajando al momento para tratar de resolver el problema t\u00e9cnico de uno de sus principales generadores. Varios sectores siguen sin alumbrado p\u00fablico.<\/p>\n<\/div>\n<p>Parte del alumbrado p\u00fablico de Ushuaia continua fuera de servicio por las restricciones del sistema el\u00e9ctrico de la ciudad, a consecuencia del desperfecto que inici\u00f3 el pasado martes desde las 07.30, cuando se produjo un corte generalizado que oblig\u00f3 a disponer un cronograma de cortes programados que culminaron cerca de las 00.00 del 1 de mayo. En funci\u00f3n del nivel de consumo que se registre en la ciudad podr\u00edan tener que aplicar nuevas interrupciones rotativas del servicio.<\/p>\n<p><a href=\"https:\/\/opinionpublica.com.ar\/index\/wp-content\/uploads\/2024\/05\/sin-luz.jpg\"><img fetchpriority=\"high\" decoding=\"async\" class=\"alignnone size-full wp-image-2647\" src=\"https:\/\/opinionpublica.com.ar\/index\/wp-content\/uploads\/2024\/05\/sin-luz.jpg\" alt=\"\" width=\"990\" height=\"557\" srcset=\"https:\/\/opinionpublica.com.ar\/index\/wp-content\/uploads\/2024\/05\/sin-luz.jpg 990w, https:\/\/opinionpublica.com.ar\/index\/wp-content\/uploads\/2024\/05\/sin-luz-300x169.jpg 300w, https:\/\/opinionpublica.com.ar\/index\/wp-content\/uploads\/2024\/05\/sin-luz-768x432.jpg 768w\" sizes=\"(max-width: 990px) 100vw, 990px\" \/><\/a><\/p>\n<p>Iniclamente, se inform\u00f3 que un fallo de funcionamiento del del sistema de control del principal equipo de generaci\u00f3n con que cuenta la Direcci\u00f3n Provincial de Energ\u00eda dej\u00f3 el martes a Ushuaia sin energ\u00eda el\u00e9ctrica, aunque hasta el momento no se dieron precisiones del origen del fallo dentro de la \u00fanica Central Termoel\u00e9ctrica de la capital.<\/p>\n<figure class=\"wp-block-image size-full\"><figcaption class=\"wp-element-caption\"><\/figcaption><\/figure>\n<p>La salida de servicio de todos los equipos de la central t\u00e9rmica dej\u00f3, dependiendo del sector de la capital fueguina, sin luz a la ciudad entre 6 a 8 horas. El paulatino restablecimiento del servicio permiti\u00f3 que pasado el mediod\u00eda del martes un 60% de la ciudad contara con energ\u00eda el\u00e9ctrica, pero con restricci\u00f3n en el servicio a industrias y dependencias p\u00fablicas.<\/p>\n<p>Las dificultades registradas en la reparaci\u00f3n del fallo de la Rolls Royce obligaron a la DPE a disponer un cronograma de cortes rotativos en distintos barrios de la ciudad, siendo los m\u00e1s afectados los ubicados en la zona este que volvieron a quedarse sin suministro entre las 17 y hasta pasadas las 23 del martes.<\/p>\n<p>Durante todo el d\u00eda de ayer se continu\u00f3 trabajando para tratar de resolver el inconveniente en el sistema electr\u00f3nico de control de la turbina, que se habr\u00eda generado para la falla de una o m\u00e1s plaquetas. La soluci\u00f3n definitiva implicar\u00eda el reemplazo de esos elementos. Hasta que ello ocurra, y en funci\u00f3n de los niveles de consumo que se registren en la ciudad, la DPE podr\u00eda tener que dar continuidad al esquema de cortes programados y rotativos del servicio.<\/p>\n<\/div>\n","protected":false},"excerpt":{"rendered":"<p>Personal t\u00e9cnico de la DPE siguen trabajando al momento para tratar de resolver el problema t\u00e9cnico de uno<\/p>\n","protected":false},"author":8,"featured_media":2647,"comment_status":"open","ping_status":"open","sticky":false,"template":"","format":"standard","meta":{"footnotes":""},"categories":[2,21],"tags":[994,998],"class_list":["post-2646","post","type-post","status-publish","format-standard","has-post-thumbnail","hentry","category-tierra-del-fuego","category-ushuaia","tag-central-termica-de-ushuaia","tag-dpe"],"featured_image_urls":{"full":["https:\/\/opinionpublica.com.ar\/index\/wp-content\/uploads\/2024\/05\/sin-luz.jpg",990,557,false],"thumbnail":["https:\/\/opinionpublica.com.ar\/index\/wp-content\/uploads\/2024\/05\/sin-luz-150x150.jpg",150,150,true],"medium":["https:\/\/opinionpublica.com.ar\/index\/wp-content\/uploads\/2024\/05\/sin-luz-300x169.jpg",300,169,true],"medium_large":["https:\/\/opinionpublica.com.ar\/index\/wp-content\/uploads\/2024\/05\/sin-luz-768x432.jpg",640,360,true],"large":["https:\/\/opinionpublica.com.ar\/index\/wp-content\/uploads\/2024\/05\/sin-luz.jpg",640,360,false],"1536x1536":["https:\/\/opinionpublica.com.ar\/index\/wp-content\/uploads\/2024\/05\/sin-luz.jpg",990,557,false],"2048x2048":["https:\/\/opinionpublica.com.ar\/index\/wp-content\/uploads\/2024\/05\/sin-luz.jpg",990,557,false],"morenews-large":["https:\/\/opinionpublica.com.ar\/index\/wp-content\/uploads\/2024\/05\/sin-luz-825x557.jpg",825,557,true],"morenews-medium":["https:\/\/opinionpublica.com.ar\/index\/wp-content\/uploads\/2024\/05\/sin-luz-590x410.jpg",590,410,true]},"author_info":{"display_name":"RKing","author_link":"https:\/\/opinionpublica.com.ar\/index\/author\/rking\/"},"category_info":"<a href=\"https:\/\/opinionpublica.com.ar\/index\/category\/tierra-del-fuego\/\" rel=\"category tag\">Tierra del Fuego<\/a> <a href=\"https:\/\/opinionpublica.com.ar\/index\/category\/ushuaia\/\" rel=\"category tag\">Ushuaia<\/a>","tag_info":"Ushuaia","comment_count":"0","_links":{"self":[{"href":"https:\/\/opinionpublica.com.ar\/index\/wp-json\/wp\/v2\/posts\/2646","targetHints":{"allow":["GET"]}}],"collection":[{"href":"https:\/\/opinionpublica.com.ar\/index\/wp-json\/wp\/v2\/posts"}],"about":[{"href":"https:\/\/opinionpublica.com.ar\/index\/wp-json\/wp\/v2\/types\/post"}],"author":[{"embeddable":true,"href":"https:\/\/opinionpublica.com.ar\/index\/wp-json\/wp\/v2\/users\/8"}],"replies":[{"embeddable":true,"href":"https:\/\/opinionpublica.com.ar\/index\/wp-json\/wp\/v2\/comments?post=2646"}],"version-history":[{"count":2,"href":"https:\/\/opinionpublica.com.ar\/index\/wp-json\/wp\/v2\/posts\/2646\/revisions"}],"predecessor-version":[{"id":2649,"href":"https:\/\/opinionpublica.com.ar\/index\/wp-json\/wp\/v2\/posts\/2646\/revisions\/2649"}],"wp:featuredmedia":[{"embeddable":true,"href":"https:\/\/opinionpublica.com.ar\/index\/wp-json\/wp\/v2\/media\/2647"}],"wp:attachment":[{"href":"https:\/\/opinionpublica.com.ar\/index\/wp-json\/wp\/v2\/media?parent=2646"}],"wp:term":[{"taxonomy":"category","embeddable":true,"href":"https:\/\/opinionpublica.com.ar\/index\/wp-json\/wp\/v2\/categories?post=2646"},{"taxonomy":"post_tag","embeddable":true,"href":"https:\/\/opinionpublica.com.ar\/index\/wp-json\/wp\/v2\/tags?post=2646"}],"curies":[{"name":"wp","href":"https:\/\/api.w.org\/{rel}","templated":true}]}}