{"id":2668,"date":"2024-05-02T12:02:03","date_gmt":"2024-05-02T15:02:03","guid":{"rendered":"https:\/\/opinionpublica.com.ar\/index\/?p=2668"},"modified":"2024-05-02T12:02:03","modified_gmt":"2024-05-02T15:02:03","slug":"area-aduanera-especial-depende-de-los-72-senadores-su-continuidad","status":"publish","type":"post","link":"https:\/\/opinionpublica.com.ar\/index\/area-aduanera-especial-depende-de-los-72-senadores-su-continuidad\/","title":{"rendered":"\u00c1rea Aduanera Especial depende de los 72 senadores su continuidad"},"content":{"rendered":"<header class=\"article-header entry-header\">\n<p class=\"entry-excerpt\">Analizando, visitado pa\u00edses con \u00e1reas aduaneras y zonas francas, Manaos, en Brasil, Vigo en Espa\u00f1a, la Plata en provincia de Buenos Aires, Calgary en Canad\u00e1, y en todas ellas la protecci\u00f3n del estado nacional es un hecho y funcionan de manera excelente. Hoy el \u00c1rea Aduanera Especial de Tierra del Fuego depende de la decisi\u00f3n de 72 senadores mucho de ellos muy permeables a la hora de dejarse presionar, casi un milagro ser\u00eda, si la ley de bases no pasa de ah\u00ed, si pasa ya no veremos una provincia como la conocemos. Es hora de tomar decisiones, de unir voluntades y dejar mezquindades y el an\u00e1lisis de cabotaje para \u00e9poca de elecciones, el destino de 250 mil fueguinos depende de ellos.<\/p>\n<div class=\"entry-thumb cf\"><\/div>\n<\/header>\n<section class=\"entry-content cf\">No vamos a entrar en comparaciones, pero si analizar porque en los \u00faltimos dos a\u00f1os se da un ataque permanente al \u00c1rea Aduanera Especial de Tierra del Fuego, creada por cuestiones de geopol\u00edtica estrat\u00e9gica, y por ende para defender esa posici\u00f3n hab\u00eda que poblar la zona m\u00e1s austral del pais.<\/p>\n<p>La herramienta para hacer valer la soberan\u00eda del entonces territorio nacional de Tierra del Fuego era, atraer inversiones y poblar este lugar, que la presencia argentina se sintiera y en 1972 se implanta el subregimen de promoci\u00f3n industrial, casi al mismo tiempo en la otra punta del continente, estado de Par\u00e1, en Brasil comenzaba a funcionar otra \u00e1rea aduanera especial, la de Manaos en Brasil, sobre el Rio Amazonas.<\/p>\n<p>En 1986 se conoci\u00f3 el primer escandalo por importaciones truchas, conocido como \u201cel caso Delconte\u201d, despu\u00e9s ha habido muchas otras situaciones, como, los sobreprecios, en alimentos, autom\u00f3viles, y actualmente en casi todos los productos que ingresan a la Isla, pero en 2022, comenz\u00f3 la peor etapa de esta situaci\u00f3n de ataque permanente, luego de la aparici\u00f3n de la tristemente c\u00e9lebre, \u201cseparata\u201d, presentada por el ex ministro Sergio Massa en 2022, junto con el presupuesto de ese, donde el funcionario de Alberto Fern\u00e1ndez, solicit\u00f3 a los diputados que si cumplieran con su trabajo, deb\u00edan revisar las exenciones fiscales a la industria donde aparec\u00eda un rengl\u00f3n completo sobre Tierra del Fuego, se\u00f1alando el \u201cGASTO\u201d, que implicaba el subregimen, era 0,33% del PBI.<\/p>\n<\/section>\n<p><a href=\"https:\/\/opinionpublica.com.ar\/index\/wp-content\/uploads\/2024\/05\/Senado-de-la-nacion.jpg\"><img fetchpriority=\"high\" decoding=\"async\" class=\"alignnone size-full wp-image-2642\" src=\"https:\/\/opinionpublica.com.ar\/index\/wp-content\/uploads\/2024\/05\/Senado-de-la-nacion.jpg\" alt=\"\" width=\"2048\" height=\"1366\" srcset=\"https:\/\/opinionpublica.com.ar\/index\/wp-content\/uploads\/2024\/05\/Senado-de-la-nacion.jpg 2048w, https:\/\/opinionpublica.com.ar\/index\/wp-content\/uploads\/2024\/05\/Senado-de-la-nacion-300x200.jpg 300w, https:\/\/opinionpublica.com.ar\/index\/wp-content\/uploads\/2024\/05\/Senado-de-la-nacion-1024x683.jpg 1024w, https:\/\/opinionpublica.com.ar\/index\/wp-content\/uploads\/2024\/05\/Senado-de-la-nacion-768x512.jpg 768w, https:\/\/opinionpublica.com.ar\/index\/wp-content\/uploads\/2024\/05\/Senado-de-la-nacion-1536x1025.jpg 1536w\" sizes=\"(max-width: 2048px) 100vw, 2048px\" \/><\/a><\/p>\n<section class=\"entry-content cf\">Por razones que no sabemos en aquel momento y a pesar de las publicaciones que, al menos este medio, dio a conocer, nadie en Tierra del Fuego movi\u00f3 un dedo, ninguna autoridad pidi\u00f3 una explicaci\u00f3n, ning\u00fan ente de control tomo medidas preventivas, tampoco el estado, o los municipios, todo el mundo, incluso, neg\u00f3 la presentaci\u00f3n de la separata que ustedes est\u00e1n viendo ahora en esta imagen y que fue, tambi\u00e9n publicada hasta el hartazgo, y con el agravante del la ofuscaci\u00f3n de los ultraoficialista de entonces porque sosten\u00edamos y sostenemos que fue Sergio Massa, quien present\u00f3 al separata y quien se la entreg\u00f3 a Juan Manuel L\u00f3pez, Diputado de la Coalici\u00f3n C\u00edvica, quien, efectivamente, una semana despu\u00e9s presento el primer proyecto para voltear la ley de Promoci\u00f3n Industrial, casualmente el mismo bloque pol\u00edtico, que lidera Elisa Carri\u00f3 e incluy\u00f3 el articulo 111 en la ley de bases, tratada ayer 30 de abril en diputados y aprobada por mayoria, incitando al gobierno de Javier Milei a presentar en 60 d\u00edas, un proyecto para limitar o liquidar las exenciones impositivas del subregimen de promoci\u00f3n industrial de Tierra del Fuego.<\/p>\n<p>&nbsp;<\/p>\n<p>Dos a\u00f1os pasaron, 48 meses de inacci\u00f3n, de desidia, de desinter\u00e9s, de abandono y de cero gestiones en defensa del Subregimen, ni una sola reuni\u00f3n del arco pol\u00edtico, ni una sola reuni\u00f3n oficial y de cara a la gente en Buenos Aires para asegurar la continuidad, ninguna expresi\u00f3n de la Legislatura Provincial, de la Fiscal\u00eda de Estado, a cuyo encargado ya deber\u00edan haberle hecho un juicio pol\u00edtico por incumplimiento de los deberes de funcionario p\u00fablico, por no hacer nada.<\/p>\n<p>El periodismo de cabotaje que se qued\u00f3 con lo que pasa en la coyuntura diaria, o las declaraciones de funcionarios de segunda, o terceras l\u00edneas, m\u00e1s all\u00e1 de que el gobierno elija con quien habla y con quien no, una costumbre que esta pegando en todos aquellos que no tienen nada que decir, porque en realidad no est\u00e1n haciendo nada, ni por la 19640, ni por ninguna otra \u00e1rea.<\/p>\n<p>El anacronismo institucional, selectivo, temeroso de brindar informaci\u00f3n e ineficiente nos trajo hasta ac\u00e1, al punto de depender de lo que pase en el Senado de la Nacion, cuando la ley de bases y el paquete fiscal deba ser analizado por los 72 representantes de las provincias, con lo que eso implica, sabiendo de la permeabilidad de algunos legisladores al momento de tomar decisiones tan cruciales como esta que, ponen en riesgo el futuro de 250 mil fueguinos.<\/p>\n<p>Cientos de proyectos para transformar la matriz productiva que solo han sido anuncios, promesas de empresarios de dudoso origen, como los mexicanos que vinieron hace a\u00f1os con una carpeta con el proyecto de un segundo puente sobre el Rio Grande para unir la margen sur y que nunca m\u00e1s aparecieron, claro, estaban en campa\u00f1a.<\/p>\n<p>Parque e\u00f3lico, hidr\u00f3geno verde, puerto en Las Violetas, todos fueron promesas, cruce por aguas argentinas, desde 1991 vienen con ese verso.<\/p>\n<p>Ahora hay un articulo especifico, claro y que fue votado por 144 diputados y aprobado, para eliminar el subregimen. Aqu\u00ed hubo alguien que crey\u00f3 que pod\u00eda gobernar solo y queda claro que eso no se puede. Alguien \u00a0\u00a0que crey\u00f3 que con la extensi\u00f3n hasta el 2038 ya estaba y se pod\u00eda seguir as\u00ed, sin gestionar nada, sin aportar nada, sin generar ideas productivas, de desarrollo, de transformaci\u00f3n de la matriz productiva.<\/p>\n<p>EL destino de la provincia est\u00e1 en manos de los senadores y son ellos por su representatividad efectiva quienes van a decidir cual ser\u00e1 el futuro de los fueguinos, porque el \u00c1rea Aduanera Especial de Tierra del Fuego, no beneficia solo a las empresas, sino a todos y cada uno de los habitantes de la provincia, por el no pago de 164 impuestos que si se pagan en el continente, no pago de impuesto a la ganancias, bienes personales, Impuesto al valor Agregado, IVA, etc.<\/p>\n<p>Hoy los comunicados de repudio, llegan tarde, los reclamos tambi\u00e9n, esto debi\u00f3 haberse hablado mucho antes, los diputados casi no hablan con el gobernador, lo mismo los senadores, por cuestiones pol\u00edticas, mezquindades, y chicanas de cuarta, que los de afuera aprovecharon para llevarnos al borde del abismo. Si siguen as\u00ed van a dar un paso al frente, Gustavo Melella, Walter Vuoto, Daniel Harrington, Mart\u00edn P\u00e9rez, los 3 senadores y los 5 diputados deben convocar a una conferencia de prensa y en unidad plantearle a la sociedad un plan de trabajo conjunto para evitar el desastre que se avecina y que saben que no es una posibilidad, es un hecho y est\u00e1 aprobado en la ley de bases y el paquete fiscal, la sociedad debe saber que van a hacer ahora, van a seguir pensando en el 2025 y 2027, o van a actuar, es hora de pensar en las pr\u00f3ximas generaciones y no en las pr\u00f3ximas elecciones.<\/p>\n<p>&nbsp;<\/p>\n<\/section>\n","protected":false},"excerpt":{"rendered":"<p>Analizando, visitado pa\u00edses con \u00e1reas aduaneras y zonas francas, Manaos, en Brasil, Vigo en Espa\u00f1a, la Plata en<\/p>\n","protected":false},"author":8,"featured_media":2388,"comment_status":"open","ping_status":"open","sticky":false,"template":"","format":"standard","meta":{"footnotes":""},"categories":[2],"tags":[529,993,1013],"class_list":["post-2668","post","type-post","status-publish","format-standard","has-post-thumbnail","hentry","category-tierra-del-fuego","tag-area-aduanera","tag-ley-bases","tag-senadores"],"featured_image_urls":{"full":["https:\/\/opinionpublica.com.ar\/index\/wp-content\/uploads\/2024\/04\/senado.jpg",1263,707,false],"thumbnail":["https:\/\/opinionpublica.com.ar\/index\/wp-content\/uploads\/2024\/04\/senado-150x150.jpg",150,150,true],"medium":["https:\/\/opinionpublica.com.ar\/index\/wp-content\/uploads\/2024\/04\/senado-300x168.jpg",300,168,true],"medium_large":["https:\/\/opinionpublica.com.ar\/index\/wp-content\/uploads\/2024\/04\/senado-768x430.jpg",640,358,true],"large":["https:\/\/opinionpublica.com.ar\/index\/wp-content\/uploads\/2024\/04\/senado-1024x573.jpg",640,358,true],"1536x1536":["https:\/\/opinionpublica.com.ar\/index\/wp-content\/uploads\/2024\/04\/senado.jpg",1263,707,false],"2048x2048":["https:\/\/opinionpublica.com.ar\/index\/wp-content\/uploads\/2024\/04\/senado.jpg",1263,707,false],"morenews-large":["https:\/\/opinionpublica.com.ar\/index\/wp-content\/uploads\/2024\/04\/senado-825x575.jpg",825,575,true],"morenews-medium":["https:\/\/opinionpublica.com.ar\/index\/wp-content\/uploads\/2024\/04\/senado-590x410.jpg",590,410,true]},"author_info":{"display_name":"RKing","author_link":"https:\/\/opinionpublica.com.ar\/index\/author\/rking\/"},"category_info":"<a href=\"https:\/\/opinionpublica.com.ar\/index\/category\/tierra-del-fuego\/\" rel=\"category tag\">Tierra del Fuego<\/a>","tag_info":"Tierra del Fuego","comment_count":"0","_links":{"self":[{"href":"https:\/\/opinionpublica.com.ar\/index\/wp-json\/wp\/v2\/posts\/2668","targetHints":{"allow":["GET"]}}],"collection":[{"href":"https:\/\/opinionpublica.com.ar\/index\/wp-json\/wp\/v2\/posts"}],"about":[{"href":"https:\/\/opinionpublica.com.ar\/index\/wp-json\/wp\/v2\/types\/post"}],"author":[{"embeddable":true,"href":"https:\/\/opinionpublica.com.ar\/index\/wp-json\/wp\/v2\/users\/8"}],"replies":[{"embeddable":true,"href":"https:\/\/opinionpublica.com.ar\/index\/wp-json\/wp\/v2\/comments?post=2668"}],"version-history":[{"count":1,"href":"https:\/\/opinionpublica.com.ar\/index\/wp-json\/wp\/v2\/posts\/2668\/revisions"}],"predecessor-version":[{"id":2669,"href":"https:\/\/opinionpublica.com.ar\/index\/wp-json\/wp\/v2\/posts\/2668\/revisions\/2669"}],"wp:featuredmedia":[{"embeddable":true,"href":"https:\/\/opinionpublica.com.ar\/index\/wp-json\/wp\/v2\/media\/2388"}],"wp:attachment":[{"href":"https:\/\/opinionpublica.com.ar\/index\/wp-json\/wp\/v2\/media?parent=2668"}],"wp:term":[{"taxonomy":"category","embeddable":true,"href":"https:\/\/opinionpublica.com.ar\/index\/wp-json\/wp\/v2\/categories?post=2668"},{"taxonomy":"post_tag","embeddable":true,"href":"https:\/\/opinionpublica.com.ar\/index\/wp-json\/wp\/v2\/tags?post=2668"}],"curies":[{"name":"wp","href":"https:\/\/api.w.org\/{rel}","templated":true}]}}