{"id":2941,"date":"2024-05-09T13:20:08","date_gmt":"2024-05-09T16:20:08","guid":{"rendered":"https:\/\/opinionpublica.com.ar\/index\/?p=2941"},"modified":"2024-05-09T13:20:08","modified_gmt":"2024-05-09T16:20:08","slug":"denuncian-que-el-acuerdo-con-mirgor-por-el-avion-antartico-puede-constituir-un-escandalo","status":"publish","type":"post","link":"https:\/\/opinionpublica.com.ar\/index\/denuncian-que-el-acuerdo-con-mirgor-por-el-avion-antartico-puede-constituir-un-escandalo\/","title":{"rendered":"Denuncian que el acuerdo con Mirgor por el avi\u00f3n ant\u00e1rtico \u201cpuede constituir un esc\u00e1ndalo\u201d"},"content":{"rendered":"<div>\n<header>La diputada nacional de Uni\u00f3n por la Patria por la provincia de Buenos Aires, Agustina Propato, cuestion\u00f3 el acuerdo entre el Ministerio de Defensa y el grupo empresarial Mirgor para el uso compartido de un avi\u00f3n que adquiri\u00f3 recientemente la empresa.<\/p>\n<p><a href=\"https:\/\/opinionpublica.com.ar\/index\/wp-content\/uploads\/2024\/05\/agustina-propato.jpg\"><img fetchpriority=\"high\" decoding=\"async\" class=\"alignnone size-full wp-image-2942\" src=\"https:\/\/opinionpublica.com.ar\/index\/wp-content\/uploads\/2024\/05\/agustina-propato.jpg\" alt=\"\" width=\"1200\" height=\"902\" srcset=\"https:\/\/opinionpublica.com.ar\/index\/wp-content\/uploads\/2024\/05\/agustina-propato.jpg 1200w, https:\/\/opinionpublica.com.ar\/index\/wp-content\/uploads\/2024\/05\/agustina-propato-300x226.jpg 300w, https:\/\/opinionpublica.com.ar\/index\/wp-content\/uploads\/2024\/05\/agustina-propato-1024x770.jpg 1024w, https:\/\/opinionpublica.com.ar\/index\/wp-content\/uploads\/2024\/05\/agustina-propato-768x577.jpg 768w\" sizes=\"(max-width: 1200px) 100vw, 1200px\" \/><\/a><\/p>\n<\/header>\n<\/div>\n<div>\n<p>Las acusaciones de Propato se dieron en \u00faltima sesi\u00f3n de la C\u00e1mara Baja del martes pasado, 30 de abril, momento en el cual, cuando la parlamentaria impuls\u00f3 una\u00a0Cuesti\u00f3n de Privilegio contra el presidente Javier Milei y el Ministro de Defensa Luis Petri por no defender \u00abla soberan\u00eda argentina, la seguridad y la paz de todos los argentinos\u201d.<\/p>\n<p>El pacto\u00a0implicar\u00eda que las Fuerzas Armadas de Argentina puedan utilizar la aeronave dise\u00f1ada para el clima polar durante la campa\u00f1a ant\u00e1rtica, siendo que el resto del tiempo la firma privada utilizar\u00e1 el avi\u00f3n para servicios tur\u00edsticos.<\/p>\n<p>Se trata de un\u00a0Basler BT-67, siendo que\u00a0el\u00a0Gobierno argentino hab\u00eda solicitado autorizaci\u00f3n al organismo de defensa de EE.UU para realizar una compra por 143 millones de d\u00f3lares.<\/p>\n<p>Si bien el Departamento de Estado norteamericano hab\u00eda aprobado la transacci\u00f3n el 18 de abril pasado,\u00a0d\u00edas m\u00e1s tarde se conoci\u00f3 que la Presidencia de Javier Milei decidi\u00f3 firmar un contrato comodato para el uso de la aeronave\u00a0que, paralelamente, hab\u00eda adquirido la firma privada meses antes.<\/p>\n<p><a href=\"https:\/\/opinionpublica.com.ar\/index\/wp-content\/uploads\/2024\/04\/Basler-BT-67.jpg\"><img decoding=\"async\" class=\"alignnone size-full wp-image-2087\" src=\"https:\/\/opinionpublica.com.ar\/index\/wp-content\/uploads\/2024\/04\/Basler-BT-67.jpg\" alt=\"\" width=\"259\" height=\"194\" \/><\/a><\/p>\n<p>Mirgor es una compa\u00f1\u00eda que tiene plantas metal\u00fargicas en Tierra del Fuego y es propiedad de Nicol\u00e1s Caputo, hermano del actual ministro de Econom\u00eda de la Naci\u00f3n, Luis Caputo.<\/p>\n<p>En este marco, la diputada\u00a0Propato\u00a0se\u00f1al\u00f3 que\u00a0\u201cunos d\u00edas atr\u00e1s nos enteramos, y no por (el vocero presidencial) Adorni ni por el Bolet\u00edn Oficial, sino por el Departamento de Estado de los Estados Unidos de la compra de un avi\u00f3n, Basler BT-67 aircraft, destinado a la Fuerza A\u00e9rea para la campa\u00f1a Ant\u00e1rtica\u201d.<\/p>\n<p>\u201cLo novedoso de esto es que la compra la hizo el Grupo Mirgor, de la familia Caputo, para luego prestarlo en un comodato y compartir su uso para servicios a terceros y haciendo turismo Ant\u00e1rtico\u201d,\u00a0expuso la parlamentaria, y agreg\u00f3 que\u00a0\u201cla verdad es que creo que esto puede constituir un esc\u00e1ndalo\u201d.<\/p>\n<p>Las acusaciones de\u00a0Propato\u00a0se dieron en la\u00a0sesi\u00f3n de la C\u00e1mara Baja del martes pasado, 30 de abril, momento en el cual la diputada\u00a0impuls\u00f3 una Cuesti\u00f3n de Privilegio contra el presidente Javier Milei y el Ministro de Defensa Luis Petri, \u201crechazando en\u00e9rgicamente la pol\u00edtica exterior y de defensa\u201d\u00a0de la actual gesti\u00f3n nacional por considerar que\u00a0\u201cno defiende la soberan\u00eda argentina, la seguridad y la paz de todos los argentinos\u201d.<\/p>\n<\/div>\n","protected":false},"excerpt":{"rendered":"<p>La diputada nacional de Uni\u00f3n por la Patria por la provincia de Buenos Aires, Agustina Propato, cuestion\u00f3 el<\/p>\n","protected":false},"author":8,"featured_media":2088,"comment_status":"open","ping_status":"open","sticky":false,"template":"","format":"standard","meta":{"footnotes":""},"categories":[3,2],"tags":[1117,287],"class_list":["post-2941","post","type-post","status-publish","format-standard","has-post-thumbnail","hentry","category-nacionales","category-tierra-del-fuego","tag-agustina-propato","tag-mirgor"],"featured_image_urls":{"full":["https:\/\/opinionpublica.com.ar\/index\/wp-content\/uploads\/2024\/04\/Basler-BT-67-1.jpg",610,350,false],"thumbnail":["https:\/\/opinionpublica.com.ar\/index\/wp-content\/uploads\/2024\/04\/Basler-BT-67-1-150x150.jpg",150,150,true],"medium":["https:\/\/opinionpublica.com.ar\/index\/wp-content\/uploads\/2024\/04\/Basler-BT-67-1-300x172.jpg",300,172,true],"medium_large":["https:\/\/opinionpublica.com.ar\/index\/wp-content\/uploads\/2024\/04\/Basler-BT-67-1.jpg",610,350,false],"large":["https:\/\/opinionpublica.com.ar\/index\/wp-content\/uploads\/2024\/04\/Basler-BT-67-1.jpg",610,350,false],"1536x1536":["https:\/\/opinionpublica.com.ar\/index\/wp-content\/uploads\/2024\/04\/Basler-BT-67-1.jpg",610,350,false],"2048x2048":["https:\/\/opinionpublica.com.ar\/index\/wp-content\/uploads\/2024\/04\/Basler-BT-67-1.jpg",610,350,false],"morenews-large":["https:\/\/opinionpublica.com.ar\/index\/wp-content\/uploads\/2024\/04\/Basler-BT-67-1.jpg",610,350,false],"morenews-medium":["https:\/\/opinionpublica.com.ar\/index\/wp-content\/uploads\/2024\/04\/Basler-BT-67-1-590x350.jpg",590,350,true]},"author_info":{"display_name":"RKing","author_link":"https:\/\/opinionpublica.com.ar\/index\/author\/rking\/"},"category_info":"<a href=\"https:\/\/opinionpublica.com.ar\/index\/category\/nacionales\/\" rel=\"category tag\">Nacionales<\/a> <a href=\"https:\/\/opinionpublica.com.ar\/index\/category\/tierra-del-fuego\/\" rel=\"category tag\">Tierra del Fuego<\/a>","tag_info":"Tierra del Fuego","comment_count":"0","_links":{"self":[{"href":"https:\/\/opinionpublica.com.ar\/index\/wp-json\/wp\/v2\/posts\/2941","targetHints":{"allow":["GET"]}}],"collection":[{"href":"https:\/\/opinionpublica.com.ar\/index\/wp-json\/wp\/v2\/posts"}],"about":[{"href":"https:\/\/opinionpublica.com.ar\/index\/wp-json\/wp\/v2\/types\/post"}],"author":[{"embeddable":true,"href":"https:\/\/opinionpublica.com.ar\/index\/wp-json\/wp\/v2\/users\/8"}],"replies":[{"embeddable":true,"href":"https:\/\/opinionpublica.com.ar\/index\/wp-json\/wp\/v2\/comments?post=2941"}],"version-history":[{"count":1,"href":"https:\/\/opinionpublica.com.ar\/index\/wp-json\/wp\/v2\/posts\/2941\/revisions"}],"predecessor-version":[{"id":2943,"href":"https:\/\/opinionpublica.com.ar\/index\/wp-json\/wp\/v2\/posts\/2941\/revisions\/2943"}],"wp:featuredmedia":[{"embeddable":true,"href":"https:\/\/opinionpublica.com.ar\/index\/wp-json\/wp\/v2\/media\/2088"}],"wp:attachment":[{"href":"https:\/\/opinionpublica.com.ar\/index\/wp-json\/wp\/v2\/media?parent=2941"}],"wp:term":[{"taxonomy":"category","embeddable":true,"href":"https:\/\/opinionpublica.com.ar\/index\/wp-json\/wp\/v2\/categories?post=2941"},{"taxonomy":"post_tag","embeddable":true,"href":"https:\/\/opinionpublica.com.ar\/index\/wp-json\/wp\/v2\/tags?post=2941"}],"curies":[{"name":"wp","href":"https:\/\/api.w.org\/{rel}","templated":true}]}}