{"id":3071,"date":"2024-05-13T18:39:37","date_gmt":"2024-05-13T21:39:37","guid":{"rendered":"https:\/\/opinionpublica.com.ar\/index\/?p=3071"},"modified":"2024-05-13T18:39:37","modified_gmt":"2024-05-13T21:39:37","slug":"como-fenomeno-una-maravilla-como-presidente-un-desastre","status":"publish","type":"post","link":"https:\/\/opinionpublica.com.ar\/index\/como-fenomeno-una-maravilla-como-presidente-un-desastre\/","title":{"rendered":"Como Fen\u00f3meno una maravilla, como Presidente un desastre"},"content":{"rendered":"<p><strong>Por suerte el gobierno de Milei se estanca pero mantiene el insumo de la esperanza.<\/strong><\/p>\n<p>escribe <strong>Jorge As\u00eds<\/strong><br \/>\nRedactor Estrella, especial<br \/>\npara <strong>JorgeAsisDigital.com<\/strong><\/p>\n<p>para <strong>opinionpublica.com <\/strong>sesi\u00f3n especial<\/p>\n<p>&nbsp;<\/p>\n<p><a href=\"https:\/\/opinionpublica.com.ar\/index\/wp-content\/uploads\/2024\/05\/contratar-a-jorge-asis.jpg\"><img fetchpriority=\"high\" decoding=\"async\" class=\"alignnone size-full wp-image-3073\" src=\"https:\/\/opinionpublica.com.ar\/index\/wp-content\/uploads\/2024\/05\/contratar-a-jorge-asis.jpg\" alt=\"\" width=\"750\" height=\"420\" srcset=\"https:\/\/opinionpublica.com.ar\/index\/wp-content\/uploads\/2024\/05\/contratar-a-jorge-asis.jpg 750w, https:\/\/opinionpublica.com.ar\/index\/wp-content\/uploads\/2024\/05\/contratar-a-jorge-asis-300x168.jpg 300w\" sizes=\"(max-width: 750px) 100vw, 750px\" \/><\/a><\/p>\n<p>&nbsp;<\/p>\n<p><strong>1.- Indagaciones espirituales<\/strong><\/p>\n<p>Para algarab\u00eda del Consorcio de Periodistas, Javier Milei, El Psiqui\u00e1trico, vacila entre indagaciones espirituales.<br \/>\nRonda el proyecto de picar el boleto de Luis Toto Caputo, Virgen de Noctua.<br \/>\nPara evitar que se lo piquen, Toto se esfuerza en invertir insuficientes boletos en elogios metodol\u00f3gicos hacia la trascendencia intelectual del presidente Milei.<br \/>\nMientras tanto se entretiene con la utop\u00eda de conseguir alguna decena de miles de d\u00f3lares para desterrar la obturaci\u00f3n del cepo.<br \/>\nAparte Toto se esfuerza para lucir entre los transgresores vocacionalmente rentados de las redes sociales que modifican el universo inmobiliario de la comunicaci\u00f3n.<\/p>\n<p>Sabe Toto que no es el ministro de Econom\u00eda que Milei hubiera preferido tener de entrada.<br \/>\nY tiene raz\u00f3n porque primero Milei le ofreci\u00f3 el ministerio a Demian Reidel, El Codiciado. Pero solo despu\u00e9s de haberlo tentado in\u00fatilmente para presidir el Banco Central.<\/p>\n<p>Pese a su reticencia, el codiciado Reidel igualmente hoy lo marca de cerca a Toto como si fuera el auditor cotidiano.<br \/>\nEs que Reidel le acept\u00f3 a Milei volver de Miami apenas para conducir transitoriamente la incierta Comisi\u00f3n de Asesores.<br \/>\nOcurre que Milei privilegia la sagacidad de Reidel casi tanto como la astucia de Federico Sturzenegger, el Bailar\u00edn Compadrito que inspir\u00f3 los delirios seriales del Decreto sustancial, aunque ahora solo luce como interlocutor prioritario de Milei en la turbia complejidad de la macroeconom\u00eda.<\/p>\n<p><strong>2.- El redituable efecto comparativo<\/strong><\/p>\n<p>Al Fen\u00f3meno Milei le va de maravillas, pero la presidencia de Milei es -sin ir m\u00e1s lejos- un desastre.<br \/>\nLa centralidad mantiene su dimensi\u00f3n internacional.<br \/>\nSe reproducen por Instagram los multiplicados textos alusivos al Fen\u00f3meno en los idiomas m\u00e1s extravagantes. Desde el sueco hasta el lat\u00edn.<\/p>\n<p>Como Fen\u00f3meno una maravilla, como Presidente un desastre. Pero el gobierno libertario afortunadamente no arranca. Ni supera el margen m\u00ednimo de mediocridad elemental.<br \/>\nEs mon\u00f3tono, emotivamente amateur, casi gris y melanc\u00f3licamente inexpresivo.<br \/>\nNo acierta una, ni siquiera aunque se la regalen.<br \/>\nSe limita al discurso extraordinariamente eficaz que se sostiene por el insumo de la esperanza que se impone como conducta defensiva.<br \/>\nO por el fracaso de los desdichados opositores que supieron aprovechar la oportunidad para fracasar.<br \/>\nPara incorporarse en la cadena hist\u00f3rica de frustraciones innumerables.<br \/>\nAunque ninguna administraci\u00f3n debe sostenerse s\u00f3lo por el redituable efecto comparativo.<\/p>\n<p>Los opositores son conscientes de la portaci\u00f3n de vulnerabilidad estructural. Y de que se encuentran agobiados por la carga culposa de los descalabros personales. Tambi\u00e9n vacilan en el arte relativamente magn\u00e1nimo de resistir.<br \/>\nDesconocen por d\u00f3nde entrarle a la psiquiatr\u00eda demoledora de Milei.<br \/>\nNaufragan entre la fragilidad de las ideas, o introducirse entre la inquietante proyecci\u00f3n de Karina, La Pastelera del Tarot, o entre los datos sueltos de la irrisoria historia familiar. O por lo menos avanzar con la relaci\u00f3n extravagante del estadista con los cinco perros clonados.<\/p>\n<p>Pero prefieren resignarse, por ahora, a la impotencia que brinda la placidez del espanto.<br \/>\nY en todo caso, a esperar que El Psiqui\u00e1trico haga imperiosamente el trabajo sucio que el pa\u00eds necesita y que nunca va a hacer.<\/p>\n<p><a href=\"https:\/\/opinionpublica.com.ar\/index\/wp-content\/uploads\/2024\/04\/javier-milei.jpg\"><img decoding=\"async\" class=\"alignnone size-full wp-image-2370\" src=\"https:\/\/opinionpublica.com.ar\/index\/wp-content\/uploads\/2024\/04\/javier-milei.jpg\" alt=\"\" width=\"1024\" height=\"887\" srcset=\"https:\/\/opinionpublica.com.ar\/index\/wp-content\/uploads\/2024\/04\/javier-milei.jpg 1024w, https:\/\/opinionpublica.com.ar\/index\/wp-content\/uploads\/2024\/04\/javier-milei-300x260.jpg 300w, https:\/\/opinionpublica.com.ar\/index\/wp-content\/uploads\/2024\/04\/javier-milei-768x665.jpg 768w\" sizes=\"(max-width: 1024px) 100vw, 1024px\" \/><\/a><\/p>\n<p><strong>3.- Los paros funcionales<\/strong><\/p>\n<p>Por suerte la CGT arma graves protestas para entretenerse. Instrumenta la resistencia. Compite en desventaja con la m\u00e1s movilizadora educaci\u00f3n p\u00fablica. Emiliano Jacobitti, El Caudillo Universitario, supo introducir la primera bala en el artificio libertario.<br \/>\nPero el sindicalismo injustamente devaluado propone igualmente los paros que mantienen cautivo al \u00e9xito. O de reh\u00e9n.<br \/>\nEn cinco meses le plantaron dos paros colosales a Milei.<br \/>\n\u201cSe despertaron despu\u00e9s de dormir cuatro a\u00f1os\u201d, reprochan los comunicadores oficialmente estimulados.<\/p>\n<p>Como Fen\u00f3meno una maravilla, como Presidente un desastreLos paros de \u201clos gordos\u201d resultan seguramente funcionales para blindar la permanencia de Milei.<br \/>\nPara nutrir el insumo de la esperanza en la obra pendiente que Milei todav\u00eda no puede encarar precisamente por el simple pretexto de la intolerancia sindical.<\/p>\n<p><a href=\"https:\/\/opinionpublica.com.ar\/index\/wp-content\/uploads\/2024\/05\/paro-general-ushuaia.jpg\"><img decoding=\"async\" class=\"alignnone size-full wp-image-2977\" src=\"https:\/\/opinionpublica.com.ar\/index\/wp-content\/uploads\/2024\/05\/paro-general-ushuaia.jpg\" alt=\"\" width=\"820\" height=\"360\" srcset=\"https:\/\/opinionpublica.com.ar\/index\/wp-content\/uploads\/2024\/05\/paro-general-ushuaia.jpg 820w, https:\/\/opinionpublica.com.ar\/index\/wp-content\/uploads\/2024\/05\/paro-general-ushuaia-300x132.jpg 300w, https:\/\/opinionpublica.com.ar\/index\/wp-content\/uploads\/2024\/05\/paro-general-ushuaia-768x337.jpg 768w\" sizes=\"(max-width: 820px) 100vw, 820px\" \/><\/a><br \/>\nLas algaradas de protestas le sirven al Fen\u00f3meno Milei porque los dirigentes que las convocan son presentados como carne f\u00e1cil para la degradaci\u00f3n. Basta con la contundencia de las encuestas.<br \/>\nAnte el planteo del severo escenario de hambre y padecimiento popular, los libertarios replican con los expresivos sondeos de opini\u00f3n.<\/p>\n<p><strong>4. La Argentina \u201cfiola\u201d<\/strong><\/p>\n<p>La esquizofrenia de los fragmentos, as\u00ed como los infinitos intereses antag\u00f3nicos en pugna, tornan imposible cualquier intento de transformaci\u00f3n estructural de la econom\u00eda.<br \/>\nEn Argentina predomina la cultura del fiolo: es necesario gastar a canilla libre y que otros, los ajenos, se encarguen milagrosamente de la mantenci\u00f3n.<br \/>\nPara financiar la org\u00eda permanente del \u00abgasto p\u00fablico\u00bb el dinero debe proceder de alguna parte.<br \/>\nAcaso de los inversores posiblemente extranjeros que la pongan para exprimir con celeridad eficaz las empresas p\u00fablicas quebrantadas por la deplorable administraci\u00f3n.<br \/>\nO que los billetes los ponga, otra vez, el Fondo Monetario, con el cuento de la solidaridad humanitaria. De final infeliz.<\/p>\n<p>La comunidad internacional no puede dejar que se diluya en el olvido de la historia un pa\u00eds que fue tan grande y heroico. Como aquel que a\u00fan la Argentina \u201cfiola\u201d se obstina en volver a ser.<\/p>\n<p>Al cierre del despacho, Milei tendr\u00eda que dejar de tomarse el neo menemismo en serio y abandonar la ambici\u00f3n de transformar algo. Carece del menor sentido. Aparte \u00bfpara qu\u00e9 carajo le sirve la pedanter\u00eda de transformar los pilares de la econom\u00eda?<\/p>\n<p>Como Fen\u00f3meno una maravilla, como Presidente un desastreEl Psiqui\u00e1trico supo ser lector del portal y sabe de memoria que todo en la Argentina termina invariablemente mal.<br \/>\nQue aqu\u00ed la racionalidad administrativa es una fantas\u00eda rigurosamente inviable.<\/p>\n<p>Sin embargo la Argentina fiola puede perfectamente ser el insumo ideal que funcione como plataforma de lanzamiento para la consagraci\u00f3n internacional de Milei que se encuentra a punto, en efecto, de alcanzar.<br \/>\nLa far\u00e1ndula del carnaval del mundo inalterablemente lo espera.<br \/>\nSin impaciencia, sin gloria. \u00abSin siquiera un s\u00e1ndwich de mortadela\u00bb.<br \/>\nComo dir\u00eda el poeta Nicanor Parra, con altanero desd\u00e9n aunque sin fervor.<\/p>\n","protected":false},"excerpt":{"rendered":"<p>Por suerte el gobierno de Milei se estanca pero mantiene el insumo de la esperanza. escribe Jorge As\u00eds<\/p>\n","protected":false},"author":8,"featured_media":3072,"comment_status":"open","ping_status":"open","sticky":false,"template":"","format":"standard","meta":{"footnotes":""},"categories":[1170,1096],"tags":[711,692,1169],"class_list":["post-3071","post","type-post","status-publish","format-standard","has-post-thumbnail","hentry","category-columna-especial","category-destacada","tag-gobierno-nacional","tag-javier-milei","tag-jorge-asis"],"featured_image_urls":{"full":["https:\/\/opinionpublica.com.ar\/index\/wp-content\/uploads\/2024\/05\/jorge-asis-principal.jpg",1200,639,false],"thumbnail":["https:\/\/opinionpublica.com.ar\/index\/wp-content\/uploads\/2024\/05\/jorge-asis-principal-150x150.jpg",150,150,true],"medium":["https:\/\/opinionpublica.com.ar\/index\/wp-content\/uploads\/2024\/05\/jorge-asis-principal-300x160.jpg",300,160,true],"medium_large":["https:\/\/opinionpublica.com.ar\/index\/wp-content\/uploads\/2024\/05\/jorge-asis-principal-768x409.jpg",640,341,true],"large":["https:\/\/opinionpublica.com.ar\/index\/wp-content\/uploads\/2024\/05\/jorge-asis-principal-1024x545.jpg",640,341,true],"1536x1536":["https:\/\/opinionpublica.com.ar\/index\/wp-content\/uploads\/2024\/05\/jorge-asis-principal.jpg",1200,639,false],"2048x2048":["https:\/\/opinionpublica.com.ar\/index\/wp-content\/uploads\/2024\/05\/jorge-asis-principal.jpg",1200,639,false],"morenews-large":["https:\/\/opinionpublica.com.ar\/index\/wp-content\/uploads\/2024\/05\/jorge-asis-principal-825x575.jpg",825,575,true],"morenews-medium":["https:\/\/opinionpublica.com.ar\/index\/wp-content\/uploads\/2024\/05\/jorge-asis-principal-590x410.jpg",590,410,true]},"author_info":{"display_name":"RKing","author_link":"https:\/\/opinionpublica.com.ar\/index\/author\/rking\/"},"category_info":"<a href=\"https:\/\/opinionpublica.com.ar\/index\/category\/columna-especial\/\" rel=\"category tag\">Columna Especial<\/a> <a href=\"https:\/\/opinionpublica.com.ar\/index\/category\/destacada\/\" rel=\"category tag\">Destacada<\/a>","tag_info":"Destacada","comment_count":"0","_links":{"self":[{"href":"https:\/\/opinionpublica.com.ar\/index\/wp-json\/wp\/v2\/posts\/3071","targetHints":{"allow":["GET"]}}],"collection":[{"href":"https:\/\/opinionpublica.com.ar\/index\/wp-json\/wp\/v2\/posts"}],"about":[{"href":"https:\/\/opinionpublica.com.ar\/index\/wp-json\/wp\/v2\/types\/post"}],"author":[{"embeddable":true,"href":"https:\/\/opinionpublica.com.ar\/index\/wp-json\/wp\/v2\/users\/8"}],"replies":[{"embeddable":true,"href":"https:\/\/opinionpublica.com.ar\/index\/wp-json\/wp\/v2\/comments?post=3071"}],"version-history":[{"count":1,"href":"https:\/\/opinionpublica.com.ar\/index\/wp-json\/wp\/v2\/posts\/3071\/revisions"}],"predecessor-version":[{"id":3074,"href":"https:\/\/opinionpublica.com.ar\/index\/wp-json\/wp\/v2\/posts\/3071\/revisions\/3074"}],"wp:featuredmedia":[{"embeddable":true,"href":"https:\/\/opinionpublica.com.ar\/index\/wp-json\/wp\/v2\/media\/3072"}],"wp:attachment":[{"href":"https:\/\/opinionpublica.com.ar\/index\/wp-json\/wp\/v2\/media?parent=3071"}],"wp:term":[{"taxonomy":"category","embeddable":true,"href":"https:\/\/opinionpublica.com.ar\/index\/wp-json\/wp\/v2\/categories?post=3071"},{"taxonomy":"post_tag","embeddable":true,"href":"https:\/\/opinionpublica.com.ar\/index\/wp-json\/wp\/v2\/tags?post=3071"}],"curies":[{"name":"wp","href":"https:\/\/api.w.org\/{rel}","templated":true}]}}