{"id":3099,"date":"2024-05-14T11:56:53","date_gmt":"2024-05-14T14:56:53","guid":{"rendered":"https:\/\/opinionpublica.com.ar\/index\/?p=3099"},"modified":"2024-05-14T11:56:53","modified_gmt":"2024-05-14T14:56:53","slug":"el-ministro-de-energia-de-la-provincia-alejandro-aguirre-anuncio-la-normalizacion-del-servicio-electrico","status":"publish","type":"post","link":"https:\/\/opinionpublica.com.ar\/index\/el-ministro-de-energia-de-la-provincia-alejandro-aguirre-anuncio-la-normalizacion-del-servicio-electrico\/","title":{"rendered":"El ministro de Energ\u00eda de la provincia Alejandro Aguirre anunci\u00f3 la normalizaci\u00f3n del servicio el\u00e9ctrico"},"content":{"rendered":"<div class=\"clear_both\">El ministro de Energ\u00eda de la provincia, Alejandro Aguirre, anunci\u00f3 que el principal equipo de generaci\u00f3n termoel\u00e9ctrica de Ushuaia ha vuelto a operar luego de 12 d\u00edas de inconvenientes. Se espera que en las pr\u00f3ximas horas se normalice por completo el suministro el\u00e9ctrico en la ciudad y para el mi\u00e9rcoles opere con normalidad el alumbrado p\u00fablico en todos los sectores de Ushuaia.<\/div>\n<div><\/div>\n<div><a href=\"https:\/\/opinionpublica.com.ar\/index\/wp-content\/uploads\/2024\/05\/central-termica-ushuaia.png\"><img fetchpriority=\"high\" decoding=\"async\" class=\"alignnone size-full wp-image-2627\" src=\"https:\/\/opinionpublica.com.ar\/index\/wp-content\/uploads\/2024\/05\/central-termica-ushuaia.png\" alt=\"\" width=\"1000\" height=\"666\" srcset=\"https:\/\/opinionpublica.com.ar\/index\/wp-content\/uploads\/2024\/05\/central-termica-ushuaia.png 1000w, https:\/\/opinionpublica.com.ar\/index\/wp-content\/uploads\/2024\/05\/central-termica-ushuaia-300x200.png 300w, https:\/\/opinionpublica.com.ar\/index\/wp-content\/uploads\/2024\/05\/central-termica-ushuaia-768x511.png 768w\" sizes=\"(max-width: 1000px) 100vw, 1000px\" \/><\/a><\/div>\n<div class=\"contenido_individual_noticia\">\n<p>Aguirre detall\u00f3 que desde el pasado s\u00e1bado se coloc\u00f3 y puso en marcha la plaqueta necesaria para reactivar la turbina Rolls Royce, la cual estuvo en funcionamiento durante 24 horas a baja potencia.<\/p>\n<p>Por estas horas, la turbina principal est\u00e1 generando 13 megavatios de potencia, de un m\u00e1ximo de 28 megavatios posibles. Seg\u00fan el ministro, la turbina no ha presentado fallos y se ha monitoreado constantemente, lo que permitir\u00e1 aumentar progresivamente la carga el\u00e9ctrica en la ciudad hasta normalizar su funcionamiento.<\/p>\n<p>El ministro Aguirre tambi\u00e9n abord\u00f3 las causas subyacentes de los problemas energ\u00e9ticos, destacando la falta de planificaci\u00f3n hist\u00f3rica en el servicio y la necesidad de inversiones en infraestructura con fondos nacionales e internacionales que se encuentran bloqueados por falta de resoluci\u00f3n a nivel nacional. A su vez, se refiri\u00f3 a la coordinaci\u00f3n necesaria entre el Gobierno y la Cooperativa El\u00e9ctrica para abordar estas cuestiones y mejorar tanto la generaci\u00f3n como la distribuci\u00f3n de energ\u00eda en la regi\u00f3n.<\/p>\n<p>En relaci\u00f3n con la empresa estatal Terra Ignis Energ\u00eda, Aguirre se\u00f1al\u00f3 que se est\u00e1n realizando gestiones para agilizar los procesos licitatorios y los procedimiento de compras y contrataciones en general, y que el marco de la emergencia energ\u00e9tica brinda flexibilidad para acelerar los procesos administrativos necesarios, dentro de los est\u00e1ndares de transparencia que impone el uso de recursos p\u00fablicos .<\/p>\n<p>Finalmente, en la entrevista realizada en FM Masters, Aguirre explic\u00f3 que la posible normalizaci\u00f3n del servicio el\u00e9ctrico representa un avance significativo en la estabilidad energ\u00e9tica en la provincia\u00a0 y refleja los esfuerzos del Gobierno para garantizar un suministro confiable y seguro para todos los ciudadanos, comercios y la industria que desarrolla sus actividades en Tierra del Fuego.<\/p>\n<\/div>\n<div class=\"contenedor_share_buttons_individual_noticia\">\n<div class=\"contenido_share_buttons_individual_noticia\"><\/div>\n<\/div>\n<div class=\"tags_individual_noticia\">\n<div class=\"contenedor_tags_individual_noticia\"><\/div>\n<\/div>\n","protected":false},"excerpt":{"rendered":"<p>El ministro de Energ\u00eda de la provincia, Alejandro Aguirre, anunci\u00f3 que el principal equipo de generaci\u00f3n termoel\u00e9ctrica de<\/p>\n","protected":false},"author":8,"featured_media":3100,"comment_status":"open","ping_status":"open","sticky":false,"template":"","format":"standard","meta":{"footnotes":""},"categories":[2,21],"tags":[1181,998,1083],"class_list":["post-3099","post","type-post","status-publish","format-standard","has-post-thumbnail","hentry","category-tierra-del-fuego","category-ushuaia","tag-alejandro-aguirre","tag-dpe","tag-energia"],"featured_image_urls":{"full":["https:\/\/opinionpublica.com.ar\/index\/wp-content\/uploads\/2024\/05\/dpe-ushuaia.jpg",1000,667,false],"thumbnail":["https:\/\/opinionpublica.com.ar\/index\/wp-content\/uploads\/2024\/05\/dpe-ushuaia-150x150.jpg",150,150,true],"medium":["https:\/\/opinionpublica.com.ar\/index\/wp-content\/uploads\/2024\/05\/dpe-ushuaia-300x200.jpg",300,200,true],"medium_large":["https:\/\/opinionpublica.com.ar\/index\/wp-content\/uploads\/2024\/05\/dpe-ushuaia-768x512.jpg",640,427,true],"large":["https:\/\/opinionpublica.com.ar\/index\/wp-content\/uploads\/2024\/05\/dpe-ushuaia.jpg",640,427,false],"1536x1536":["https:\/\/opinionpublica.com.ar\/index\/wp-content\/uploads\/2024\/05\/dpe-ushuaia.jpg",1000,667,false],"2048x2048":["https:\/\/opinionpublica.com.ar\/index\/wp-content\/uploads\/2024\/05\/dpe-ushuaia.jpg",1000,667,false],"morenews-large":["https:\/\/opinionpublica.com.ar\/index\/wp-content\/uploads\/2024\/05\/dpe-ushuaia-825x575.jpg",825,575,true],"morenews-medium":["https:\/\/opinionpublica.com.ar\/index\/wp-content\/uploads\/2024\/05\/dpe-ushuaia-590x410.jpg",590,410,true]},"author_info":{"display_name":"RKing","author_link":"https:\/\/opinionpublica.com.ar\/index\/author\/rking\/"},"category_info":"<a href=\"https:\/\/opinionpublica.com.ar\/index\/category\/tierra-del-fuego\/\" rel=\"category tag\">Tierra del Fuego<\/a> <a href=\"https:\/\/opinionpublica.com.ar\/index\/category\/ushuaia\/\" rel=\"category tag\">Ushuaia<\/a>","tag_info":"Ushuaia","comment_count":"0","_links":{"self":[{"href":"https:\/\/opinionpublica.com.ar\/index\/wp-json\/wp\/v2\/posts\/3099","targetHints":{"allow":["GET"]}}],"collection":[{"href":"https:\/\/opinionpublica.com.ar\/index\/wp-json\/wp\/v2\/posts"}],"about":[{"href":"https:\/\/opinionpublica.com.ar\/index\/wp-json\/wp\/v2\/types\/post"}],"author":[{"embeddable":true,"href":"https:\/\/opinionpublica.com.ar\/index\/wp-json\/wp\/v2\/users\/8"}],"replies":[{"embeddable":true,"href":"https:\/\/opinionpublica.com.ar\/index\/wp-json\/wp\/v2\/comments?post=3099"}],"version-history":[{"count":1,"href":"https:\/\/opinionpublica.com.ar\/index\/wp-json\/wp\/v2\/posts\/3099\/revisions"}],"predecessor-version":[{"id":3101,"href":"https:\/\/opinionpublica.com.ar\/index\/wp-json\/wp\/v2\/posts\/3099\/revisions\/3101"}],"wp:featuredmedia":[{"embeddable":true,"href":"https:\/\/opinionpublica.com.ar\/index\/wp-json\/wp\/v2\/media\/3100"}],"wp:attachment":[{"href":"https:\/\/opinionpublica.com.ar\/index\/wp-json\/wp\/v2\/media?parent=3099"}],"wp:term":[{"taxonomy":"category","embeddable":true,"href":"https:\/\/opinionpublica.com.ar\/index\/wp-json\/wp\/v2\/categories?post=3099"},{"taxonomy":"post_tag","embeddable":true,"href":"https:\/\/opinionpublica.com.ar\/index\/wp-json\/wp\/v2\/tags?post=3099"}],"curies":[{"name":"wp","href":"https:\/\/api.w.org\/{rel}","templated":true}]}}