{"id":3127,"date":"2024-05-15T11:17:04","date_gmt":"2024-05-15T14:17:04","guid":{"rendered":"https:\/\/opinionpublica.com.ar\/index\/?p=3127"},"modified":"2024-05-15T11:17:04","modified_gmt":"2024-05-15T14:17:04","slug":"belen-monte-de-oca-se-reunio-con-arquitectos-para-la-actualizacion-del-codigo","status":"publish","type":"post","link":"https:\/\/opinionpublica.com.ar\/index\/belen-monte-de-oca-se-reunio-con-arquitectos-para-la-actualizacion-del-codigo\/","title":{"rendered":"BEL\u00c9N MONTE DE OCA SE REUNI\u00d3 CON ARQUITECTOS PARA LA ACTUALIZACI\u00d3N DEL C\u00d3DIGO"},"content":{"rendered":"<section class=\"principal\">\n<div class=\"fullpost__encabezado orden3\">\n<p class=\"fullpost__copete\">La concejal Bel\u00e9n Monte de Oca (JxC) mantuvo un encuentro de trabajo con profesionales del Colegio de Arquitectos para dar inicio a la revisi\u00f3n y actualizaci\u00f3n del C\u00f3digo de Planeamiento Urbano.<\/p>\n<p><a href=\"https:\/\/opinionpublica.com.ar\/index\/wp-content\/uploads\/2024\/05\/belen-montes-de-oca-reunion.jpg\"><img fetchpriority=\"high\" decoding=\"async\" class=\"alignnone size-full wp-image-3129\" src=\"https:\/\/opinionpublica.com.ar\/index\/wp-content\/uploads\/2024\/05\/belen-montes-de-oca-reunion.jpg\" alt=\"\" width=\"1513\" height=\"931\" srcset=\"https:\/\/opinionpublica.com.ar\/index\/wp-content\/uploads\/2024\/05\/belen-montes-de-oca-reunion.jpg 1513w, https:\/\/opinionpublica.com.ar\/index\/wp-content\/uploads\/2024\/05\/belen-montes-de-oca-reunion-300x185.jpg 300w, https:\/\/opinionpublica.com.ar\/index\/wp-content\/uploads\/2024\/05\/belen-montes-de-oca-reunion-1024x630.jpg 1024w, https:\/\/opinionpublica.com.ar\/index\/wp-content\/uploads\/2024\/05\/belen-montes-de-oca-reunion-768x473.jpg 768w\" sizes=\"(max-width: 1513px) 100vw, 1513px\" \/><\/a><\/p>\n<\/div>\n<\/section>\n<section class=\"extra1\">\n<div class=\"fullpost__main orden2  left\">\n<div class=\"fullpost__cuerpo\">\n<p>Por iniciativa de la concejal, se trabajar\u00e1 en conjunto para generar una nueva normativa vinculada a la proyecci\u00f3n urban\u00edstica de la Ciudad. \u00a0\u00abPresentamos este proyecto porque nos encontramos con much\u00edsimos pedidos de excepci\u00f3n al C\u00f3digo, que data del a\u00f1o 2000 -record\u00f3 Bel\u00e9n Monte de Oca-. Informamos al Colegio de Arquitectos, y los profesionales respondieron r\u00e1pidamente con un gran inter\u00e9s y compromiso por generar este trabajo conjunto. Celebro esta articulaci\u00f3n porque su aporte t\u00e9cnico ser\u00e1 fundamental\u00bb, sostuvo.<\/p>\n<p>Durante el encuentro, coincidieron en la importancia de revisar exhaustivamente el C\u00f3digo y adaptarlo a los nuevos desaf\u00edos, \u00abpara una ciudad ordenada, inteligente y sostenible con proyecci\u00f3n de futuro, donde se contemple la viabilidad de servicios antes de construir, zonificaciones bien definidas, metodolog\u00edas antis\u00edsmicas, espacios de estacionamiento y nuevas tecnolog\u00edas \u201d, destac\u00f3 la concejal.<\/p>\n<p>Bel\u00e9n Monte de Oca remarc\u00f3 que \u00abcuando la excepci\u00f3n se transforma en regla, es evidente la necesidad de revisar la normativa\u00bb, por lo que \u00abinvitamos a profesionales, empresas y vecinos a sumarse a este trabajo, buscamos orden y planificaci\u00f3n para nuestra Ciudad\u00bb, indic\u00f3.<\/p>\n<\/div>\n<\/div>\n<\/section>\n","protected":false},"excerpt":{"rendered":"<p>La concejal Bel\u00e9n Monte de Oca (JxC) mantuvo un encuentro de trabajo con profesionales del Colegio de Arquitectos<\/p>\n","protected":false},"author":8,"featured_media":3128,"comment_status":"open","ping_status":"open","sticky":false,"template":"","format":"standard","meta":{"footnotes":""},"categories":[21],"tags":[238,1190,1189],"class_list":["post-3127","post","type-post","status-publish","format-standard","has-post-thumbnail","hentry","category-ushuaia","tag-belen-montes-de-oca","tag-codigo-de-planeamiento-urbano","tag-colegio-de-arquitectos"],"featured_image_urls":{"full":["https:\/\/opinionpublica.com.ar\/index\/wp-content\/uploads\/2024\/05\/belen-montes-de-oca.jpg",880,506,false],"thumbnail":["https:\/\/opinionpublica.com.ar\/index\/wp-content\/uploads\/2024\/05\/belen-montes-de-oca-150x150.jpg",150,150,true],"medium":["https:\/\/opinionpublica.com.ar\/index\/wp-content\/uploads\/2024\/05\/belen-montes-de-oca-300x173.jpg",300,173,true],"medium_large":["https:\/\/opinionpublica.com.ar\/index\/wp-content\/uploads\/2024\/05\/belen-montes-de-oca-768x442.jpg",640,368,true],"large":["https:\/\/opinionpublica.com.ar\/index\/wp-content\/uploads\/2024\/05\/belen-montes-de-oca.jpg",640,368,false],"1536x1536":["https:\/\/opinionpublica.com.ar\/index\/wp-content\/uploads\/2024\/05\/belen-montes-de-oca.jpg",880,506,false],"2048x2048":["https:\/\/opinionpublica.com.ar\/index\/wp-content\/uploads\/2024\/05\/belen-montes-de-oca.jpg",880,506,false],"morenews-large":["https:\/\/opinionpublica.com.ar\/index\/wp-content\/uploads\/2024\/05\/belen-montes-de-oca-825x506.jpg",825,506,true],"morenews-medium":["https:\/\/opinionpublica.com.ar\/index\/wp-content\/uploads\/2024\/05\/belen-montes-de-oca-590x410.jpg",590,410,true]},"author_info":{"display_name":"RKing","author_link":"https:\/\/opinionpublica.com.ar\/index\/author\/rking\/"},"category_info":"<a href=\"https:\/\/opinionpublica.com.ar\/index\/category\/ushuaia\/\" rel=\"category tag\">Ushuaia<\/a>","tag_info":"Ushuaia","comment_count":"0","_links":{"self":[{"href":"https:\/\/opinionpublica.com.ar\/index\/wp-json\/wp\/v2\/posts\/3127","targetHints":{"allow":["GET"]}}],"collection":[{"href":"https:\/\/opinionpublica.com.ar\/index\/wp-json\/wp\/v2\/posts"}],"about":[{"href":"https:\/\/opinionpublica.com.ar\/index\/wp-json\/wp\/v2\/types\/post"}],"author":[{"embeddable":true,"href":"https:\/\/opinionpublica.com.ar\/index\/wp-json\/wp\/v2\/users\/8"}],"replies":[{"embeddable":true,"href":"https:\/\/opinionpublica.com.ar\/index\/wp-json\/wp\/v2\/comments?post=3127"}],"version-history":[{"count":1,"href":"https:\/\/opinionpublica.com.ar\/index\/wp-json\/wp\/v2\/posts\/3127\/revisions"}],"predecessor-version":[{"id":3130,"href":"https:\/\/opinionpublica.com.ar\/index\/wp-json\/wp\/v2\/posts\/3127\/revisions\/3130"}],"wp:featuredmedia":[{"embeddable":true,"href":"https:\/\/opinionpublica.com.ar\/index\/wp-json\/wp\/v2\/media\/3128"}],"wp:attachment":[{"href":"https:\/\/opinionpublica.com.ar\/index\/wp-json\/wp\/v2\/media?parent=3127"}],"wp:term":[{"taxonomy":"category","embeddable":true,"href":"https:\/\/opinionpublica.com.ar\/index\/wp-json\/wp\/v2\/categories?post=3127"},{"taxonomy":"post_tag","embeddable":true,"href":"https:\/\/opinionpublica.com.ar\/index\/wp-json\/wp\/v2\/tags?post=3127"}],"curies":[{"name":"wp","href":"https:\/\/api.w.org\/{rel}","templated":true}]}}