{"id":3152,"date":"2024-05-16T10:15:07","date_gmt":"2024-05-16T13:15:07","guid":{"rendered":"https:\/\/opinionpublica.com.ar\/index\/?p=3152"},"modified":"2024-05-16T10:15:07","modified_gmt":"2024-05-16T13:15:07","slug":"los-salarios-de-los-trabajadores-municipales-continuan-perdiendo-terreno-frente-a-la-inflacion","status":"publish","type":"post","link":"https:\/\/opinionpublica.com.ar\/index\/los-salarios-de-los-trabajadores-municipales-continuan-perdiendo-terreno-frente-a-la-inflacion\/","title":{"rendered":"Los salarios de los trabajadores Municipales contin\u00faan perdiendo terreno frente a la inflaci\u00f3n"},"content":{"rendered":"<div class=\"elementor-element elementor-element-4556f44 elementor-widget elementor-widget-theme-post-content\" data-id=\"4556f44\" data-element_type=\"widget\" data-widget_type=\"theme-post-content.default\">\n<div class=\"elementor-widget-container\">\n<p>En medio de un clima econ\u00f3mico desafiante, los trabajadores municipales de Ushuaia siguen enfrentando una situaci\u00f3n preocupante con sus salarios, que contin\u00faan perdiendo terreno frente a la inflaci\u00f3n, a pesar de los signos de desaceleraci\u00f3n.<\/p>\n<\/div>\n<p><a href=\"https:\/\/opinionpublica.com.ar\/index\/wp-content\/uploads\/2024\/05\/soem-ushuaia-1.jpg\"><img fetchpriority=\"high\" decoding=\"async\" class=\"alignnone size-full wp-image-3154\" src=\"https:\/\/opinionpublica.com.ar\/index\/wp-content\/uploads\/2024\/05\/soem-ushuaia-1.jpg\" alt=\"\" width=\"880\" height=\"512\" srcset=\"https:\/\/opinionpublica.com.ar\/index\/wp-content\/uploads\/2024\/05\/soem-ushuaia-1.jpg 880w, https:\/\/opinionpublica.com.ar\/index\/wp-content\/uploads\/2024\/05\/soem-ushuaia-1-300x175.jpg 300w, https:\/\/opinionpublica.com.ar\/index\/wp-content\/uploads\/2024\/05\/soem-ushuaia-1-768x447.jpg 768w\" sizes=\"(max-width: 880px) 100vw, 880px\" \/><\/a><\/p>\n<div class=\"elementor-widget-container\">\n<p>Durante los primeros cuatro meses del a\u00f1o, los salarios han aumentado en un total del 51.4%. Sin embargo, este aumento no logra equipararse con la inflaci\u00f3n acumulada del 65.7% en la Patagonia para el mismo per\u00edodo, seg\u00fan datos del INDEC. Esta discrepancia resulta en una p\u00e9rdida real del poder adquisitivo del 14.3% para los empleados municipales en el primer cuatrimestre del a\u00f1o.<\/p>\n<p>En enero, los salarios se mantuvieron est\u00e1ticos mientras que la inflaci\u00f3n alcanz\u00f3 un preocupante 24.2%. Aunque se registr\u00f3 un aumento salarial significativo del 15% en febrero, este esfuerzo result\u00f3 insuficiente para contrarrestar la inflaci\u00f3n.<\/p>\n<p>La brecha se redujo en los meses siguientes. En marzo, los salarios aumentaron un 16%, mientras que la inflaci\u00f3n fue del 10.5%. Abril mostr\u00f3 una tendencia similar, con un aumento salarial del 13.5% frente a una inflaci\u00f3n del 8.5%.<\/p>\n<p>En 2023, los empleados municipales sufrieron una p\u00e9rdida del 101% en su poder adquisitivo, ya que los aumentos salariales del 107% no pudieron igualar la inflaci\u00f3n del 208% en el mismo per\u00edodo.<\/p>\n<\/div>\n<\/div>\n<div class=\"elementor-element elementor-element-183ff41 elementor-post-navigation-borders-yes elementor-widget elementor-widget-post-navigation\" data-id=\"183ff41\" data-element_type=\"widget\" data-widget_type=\"post-navigation.default\">\n<div class=\"elementor-widget-container\">\n<div class=\"elementor-post-navigation\">\n<div class=\"elementor-post-navigation__prev elementor-post-navigation__link\"><\/div>\n<\/div>\n<\/div>\n<\/div>\n","protected":false},"excerpt":{"rendered":"<p>En medio de un clima econ\u00f3mico desafiante, los trabajadores municipales de Ushuaia siguen enfrentando una situaci\u00f3n preocupante con<\/p>\n","protected":false},"author":8,"featured_media":3153,"comment_status":"open","ping_status":"open","sticky":false,"template":"","format":"standard","meta":{"footnotes":""},"categories":[21],"tags":[362,1197],"class_list":["post-3152","post","type-post","status-publish","format-standard","has-post-thumbnail","hentry","category-ushuaia","tag-inflacion","tag-municipales"],"featured_image_urls":{"full":["https:\/\/opinionpublica.com.ar\/index\/wp-content\/uploads\/2024\/05\/soem-ushuaia.jpg",880,512,false],"thumbnail":["https:\/\/opinionpublica.com.ar\/index\/wp-content\/uploads\/2024\/05\/soem-ushuaia-150x150.jpg",150,150,true],"medium":["https:\/\/opinionpublica.com.ar\/index\/wp-content\/uploads\/2024\/05\/soem-ushuaia-300x175.jpg",300,175,true],"medium_large":["https:\/\/opinionpublica.com.ar\/index\/wp-content\/uploads\/2024\/05\/soem-ushuaia-768x447.jpg",640,373,true],"large":["https:\/\/opinionpublica.com.ar\/index\/wp-content\/uploads\/2024\/05\/soem-ushuaia.jpg",640,372,false],"1536x1536":["https:\/\/opinionpublica.com.ar\/index\/wp-content\/uploads\/2024\/05\/soem-ushuaia.jpg",880,512,false],"2048x2048":["https:\/\/opinionpublica.com.ar\/index\/wp-content\/uploads\/2024\/05\/soem-ushuaia.jpg",880,512,false],"morenews-large":["https:\/\/opinionpublica.com.ar\/index\/wp-content\/uploads\/2024\/05\/soem-ushuaia-825x512.jpg",825,512,true],"morenews-medium":["https:\/\/opinionpublica.com.ar\/index\/wp-content\/uploads\/2024\/05\/soem-ushuaia-590x410.jpg",590,410,true]},"author_info":{"display_name":"RKing","author_link":"https:\/\/opinionpublica.com.ar\/index\/author\/rking\/"},"category_info":"<a href=\"https:\/\/opinionpublica.com.ar\/index\/category\/ushuaia\/\" rel=\"category tag\">Ushuaia<\/a>","tag_info":"Ushuaia","comment_count":"0","_links":{"self":[{"href":"https:\/\/opinionpublica.com.ar\/index\/wp-json\/wp\/v2\/posts\/3152","targetHints":{"allow":["GET"]}}],"collection":[{"href":"https:\/\/opinionpublica.com.ar\/index\/wp-json\/wp\/v2\/posts"}],"about":[{"href":"https:\/\/opinionpublica.com.ar\/index\/wp-json\/wp\/v2\/types\/post"}],"author":[{"embeddable":true,"href":"https:\/\/opinionpublica.com.ar\/index\/wp-json\/wp\/v2\/users\/8"}],"replies":[{"embeddable":true,"href":"https:\/\/opinionpublica.com.ar\/index\/wp-json\/wp\/v2\/comments?post=3152"}],"version-history":[{"count":1,"href":"https:\/\/opinionpublica.com.ar\/index\/wp-json\/wp\/v2\/posts\/3152\/revisions"}],"predecessor-version":[{"id":3155,"href":"https:\/\/opinionpublica.com.ar\/index\/wp-json\/wp\/v2\/posts\/3152\/revisions\/3155"}],"wp:featuredmedia":[{"embeddable":true,"href":"https:\/\/opinionpublica.com.ar\/index\/wp-json\/wp\/v2\/media\/3153"}],"wp:attachment":[{"href":"https:\/\/opinionpublica.com.ar\/index\/wp-json\/wp\/v2\/media?parent=3152"}],"wp:term":[{"taxonomy":"category","embeddable":true,"href":"https:\/\/opinionpublica.com.ar\/index\/wp-json\/wp\/v2\/categories?post=3152"},{"taxonomy":"post_tag","embeddable":true,"href":"https:\/\/opinionpublica.com.ar\/index\/wp-json\/wp\/v2\/tags?post=3152"}],"curies":[{"name":"wp","href":"https:\/\/api.w.org\/{rel}","templated":true}]}}