{"id":3173,"date":"2024-05-16T11:45:58","date_gmt":"2024-05-16T14:45:58","guid":{"rendered":"https:\/\/opinionpublica.com.ar\/index\/?p=3173"},"modified":"2024-05-16T11:45:58","modified_gmt":"2024-05-16T14:45:58","slug":"el-pro-es-un-partido-que-en-este-momento-esta-intervenido-y-que-esta-camino-a-regularizarse","status":"publish","type":"post","link":"https:\/\/opinionpublica.com.ar\/index\/el-pro-es-un-partido-que-en-este-momento-esta-intervenido-y-que-esta-camino-a-regularizarse\/","title":{"rendered":"El PRO es un partido que en este momento est\u00e1 intervenido y que est\u00e1 camino a regularizarse"},"content":{"rendered":"<p>En una entrevista con FM Master\u00b4s, H\u00e9ctor \u201cTito\u201d Stefani, legislador provincial y referente del PRO en Tierra del Fuego, abord\u00f3 la situaci\u00f3n actual del partido en la provincia, destacando el proceso de intervenci\u00f3n y los planes para su regularizaci\u00f3n. Adem\u00e1s se refiri\u00f3 a los puntos en com\u00fan con partidos de Juntos por el Cambio y La Libertad Avanza quienes quieren llevar dicha alianza, a partido nacional.<\/p>\n<p><a href=\"https:\/\/opinionpublica.com.ar\/index\/wp-content\/uploads\/2024\/05\/Hector-Tito-Stefani.jpg\"><img fetchpriority=\"high\" decoding=\"async\" class=\"alignnone size-full wp-image-2733\" src=\"https:\/\/opinionpublica.com.ar\/index\/wp-content\/uploads\/2024\/05\/Hector-Tito-Stefani.jpg\" alt=\"\" width=\"1200\" height=\"800\" srcset=\"https:\/\/opinionpublica.com.ar\/index\/wp-content\/uploads\/2024\/05\/Hector-Tito-Stefani.jpg 1200w, https:\/\/opinionpublica.com.ar\/index\/wp-content\/uploads\/2024\/05\/Hector-Tito-Stefani-300x200.jpg 300w, https:\/\/opinionpublica.com.ar\/index\/wp-content\/uploads\/2024\/05\/Hector-Tito-Stefani-1024x683.jpg 1024w, https:\/\/opinionpublica.com.ar\/index\/wp-content\/uploads\/2024\/05\/Hector-Tito-Stefani-768x512.jpg 768w\" sizes=\"(max-width: 1200px) 100vw, 1200px\" \/><\/a><\/p>\n<p>\u00abEl PRO es un partido que en este momento est\u00e1 intervenido y que est\u00e1 camino a regularizarse\u00bb, afirm\u00f3 Stefani. \u00abEso va a pasar a partir de que se realicen elecciones internas y, a partir de ah\u00ed, va a participar como cualquier partido pol\u00edtico en todas las elecciones que se pueda participar, haciendo alianzas con los que tengan alg\u00fan proyecto parecido al que nosotros tenemos, o yendo solos en una elecci\u00f3n\u00bb.<\/p>\n<p>El legislador aclar\u00f3 que la intervenci\u00f3n no inhibe al PRO de participar en las elecciones, y que mientras se lleva a cabo, el partido puede continuar con sus actividades pol\u00edticas normales. \u00abMientras no tenga elecci\u00f3n de nuevas autoridades, en la intervenci\u00f3n se puede llevar adelante cualquier tipo de elecci\u00f3n\u00bb, agreg\u00f3.<\/p>\n<p>En cuanto a posibles alianzas pol\u00edticas, Stefani destac\u00f3 la importancia de mantener la identidad del partido y buscar coincidencias en los proyectos. \u00abLo que no cambia es que vos tengas un proyecto hacia adelante como partido pol\u00edtico y que en ese proyecto no te amontones con otros, sino que te juntes cuando los intereses son parecidos\u00bb, explic\u00f3. \u00abEn ese aspecto, Juntos por el Cambio yo creo que en Tierra del Fuego tiene muchos puntos de contacto\u00bb.<\/p>\n<p>Adem\u00e1s, mencion\u00f3 afinidades con La Libertad Avanza en algunos aspectos, aunque resalt\u00f3 la responsabilidad del PRO en mantener sus valores e identidad. \u00abNosotros tenemos una responsabilidad como partido pol\u00edtico de no perder la identidad de los valores que tenemos y en eso hay que ser muy cuidadosos\u00bb, concluy\u00f3.<\/p>\n","protected":false},"excerpt":{"rendered":"<p>En una entrevista con FM Master\u00b4s, H\u00e9ctor \u201cTito\u201d Stefani, legislador provincial y referente del PRO en Tierra del<\/p>\n","protected":false},"author":8,"featured_media":2005,"comment_status":"open","ping_status":"open","sticky":false,"template":"","format":"standard","meta":{"footnotes":""},"categories":[2],"tags":[749,756],"class_list":["post-3173","post","type-post","status-publish","format-standard","has-post-thumbnail","hentry","category-tierra-del-fuego","tag-hector-tito-stefani","tag-pro"],"featured_image_urls":{"full":["https:\/\/opinionpublica.com.ar\/index\/wp-content\/uploads\/2024\/04\/Hector-Stefani.jpg",1200,800,false],"thumbnail":["https:\/\/opinionpublica.com.ar\/index\/wp-content\/uploads\/2024\/04\/Hector-Stefani-150x150.jpg",150,150,true],"medium":["https:\/\/opinionpublica.com.ar\/index\/wp-content\/uploads\/2024\/04\/Hector-Stefani-300x200.jpg",300,200,true],"medium_large":["https:\/\/opinionpublica.com.ar\/index\/wp-content\/uploads\/2024\/04\/Hector-Stefani-768x512.jpg",640,427,true],"large":["https:\/\/opinionpublica.com.ar\/index\/wp-content\/uploads\/2024\/04\/Hector-Stefani-1024x683.jpg",640,427,true],"1536x1536":["https:\/\/opinionpublica.com.ar\/index\/wp-content\/uploads\/2024\/04\/Hector-Stefani.jpg",1200,800,false],"2048x2048":["https:\/\/opinionpublica.com.ar\/index\/wp-content\/uploads\/2024\/04\/Hector-Stefani.jpg",1200,800,false],"morenews-large":["https:\/\/opinionpublica.com.ar\/index\/wp-content\/uploads\/2024\/04\/Hector-Stefani-825x575.jpg",825,575,true],"morenews-medium":["https:\/\/opinionpublica.com.ar\/index\/wp-content\/uploads\/2024\/04\/Hector-Stefani-590x410.jpg",590,410,true]},"author_info":{"display_name":"RKing","author_link":"https:\/\/opinionpublica.com.ar\/index\/author\/rking\/"},"category_info":"<a href=\"https:\/\/opinionpublica.com.ar\/index\/category\/tierra-del-fuego\/\" rel=\"category tag\">Tierra del Fuego<\/a>","tag_info":"Tierra del Fuego","comment_count":"0","_links":{"self":[{"href":"https:\/\/opinionpublica.com.ar\/index\/wp-json\/wp\/v2\/posts\/3173","targetHints":{"allow":["GET"]}}],"collection":[{"href":"https:\/\/opinionpublica.com.ar\/index\/wp-json\/wp\/v2\/posts"}],"about":[{"href":"https:\/\/opinionpublica.com.ar\/index\/wp-json\/wp\/v2\/types\/post"}],"author":[{"embeddable":true,"href":"https:\/\/opinionpublica.com.ar\/index\/wp-json\/wp\/v2\/users\/8"}],"replies":[{"embeddable":true,"href":"https:\/\/opinionpublica.com.ar\/index\/wp-json\/wp\/v2\/comments?post=3173"}],"version-history":[{"count":1,"href":"https:\/\/opinionpublica.com.ar\/index\/wp-json\/wp\/v2\/posts\/3173\/revisions"}],"predecessor-version":[{"id":3174,"href":"https:\/\/opinionpublica.com.ar\/index\/wp-json\/wp\/v2\/posts\/3173\/revisions\/3174"}],"wp:featuredmedia":[{"embeddable":true,"href":"https:\/\/opinionpublica.com.ar\/index\/wp-json\/wp\/v2\/media\/2005"}],"wp:attachment":[{"href":"https:\/\/opinionpublica.com.ar\/index\/wp-json\/wp\/v2\/media?parent=3173"}],"wp:term":[{"taxonomy":"category","embeddable":true,"href":"https:\/\/opinionpublica.com.ar\/index\/wp-json\/wp\/v2\/categories?post=3173"},{"taxonomy":"post_tag","embeddable":true,"href":"https:\/\/opinionpublica.com.ar\/index\/wp-json\/wp\/v2\/tags?post=3173"}],"curies":[{"name":"wp","href":"https:\/\/api.w.org\/{rel}","templated":true}]}}