{"id":327,"date":"2024-03-12T20:15:13","date_gmt":"2024-03-12T20:15:13","guid":{"rendered":"https:\/\/opinionpublica.com.ar\/index\/?p=327"},"modified":"2024-03-12T20:15:13","modified_gmt":"2024-03-12T20:15:13","slug":"paro-de-colectivos-por-48-horas-en-ushuaia-no-habra-servicio-este-miercoles-y-jueves","status":"publish","type":"post","link":"https:\/\/opinionpublica.com.ar\/index\/paro-de-colectivos-por-48-horas-en-ushuaia-no-habra-servicio-este-miercoles-y-jueves\/","title":{"rendered":"Paro de colectivos por 48 horas en Ushuaia: no habr\u00e1 servicio este mi\u00e9rcoles y jueves"},"content":{"rendered":"<p><strong>Jos\u00e9 Zampedri, secretario gremial de UTA en R\u00edo Grande, confirm\u00f3 que \u201ceste mi\u00e9rcoles y jueves habr\u00e1 una medida por 48 horas al no haber oferta de recomposici\u00f3n salarial por parte de la C\u00e1mara Empresarial\u201d. <\/strong><\/p>\n<p>Cabe recordar que esta negociaci\u00f3n se lleva adelante entre la FATAP, Federaci\u00f3n que nuclea a las empresas, y el gremio de UTA a nivel nacional. La medida alcanza a R\u00edo Grande y a Ushuaia.<\/p>\n<p>\u201cNo hay un solo ofrecimiento de la c\u00e1mara empresarial y no hubo novedades\u201d, dijo Zampedri, y agreg\u00f3 que \u201clas empresas con el hecho de no recibir ayuda de los gobiernos, dicen que no pueden afrontar este aumento\u201d.<\/p>\n<p>\u201cDesde el Municipio nos dijeron que est\u00e1n al d\u00eda pero la empresa dice que con eso no alcanza para los nuevos valores que pide el gremio\u201d, coment\u00f3 el dirigente sobre la situaci\u00f3n local. \u201cAlgunas provincias arribaron a un acuerdo, a nivel local, ni Ushuaia ni R\u00edo Grande arribaron a un acuerdo\u201d, indic\u00f3.<\/p>\n<p>Por otro lado, dijo que \u201clos sueldos se pagaron, sin aumento ni nada, pero en tiempo y forma\u201d.<\/p>\n","protected":false},"excerpt":{"rendered":"<p>Jos\u00e9 Zampedri, secretario gremial de UTA en R\u00edo Grande, confirm\u00f3 que \u201ceste mi\u00e9rcoles y jueves habr\u00e1 una medida<\/p>\n","protected":false},"author":2,"featured_media":328,"comment_status":"open","ping_status":"open","sticky":false,"template":"","format":"standard","meta":{"footnotes":""},"categories":[3,2,21],"tags":[5,6],"class_list":["post-327","post","type-post","status-publish","format-standard","has-post-thumbnail","hentry","category-nacionales","category-tierra-del-fuego","category-ushuaia","tag-tierra-del-fuego","tag-ushuaia"],"featured_image_urls":{"full":["https:\/\/opinionpublica.com.ar\/index\/wp-content\/uploads\/2024\/03\/89813411_2394716294153005_8632295261734961152_n.jpg",1280,853,false],"thumbnail":["https:\/\/opinionpublica.com.ar\/index\/wp-content\/uploads\/2024\/03\/89813411_2394716294153005_8632295261734961152_n-150x150.jpg",150,150,true],"medium":["https:\/\/opinionpublica.com.ar\/index\/wp-content\/uploads\/2024\/03\/89813411_2394716294153005_8632295261734961152_n-300x200.jpg",300,200,true],"medium_large":["https:\/\/opinionpublica.com.ar\/index\/wp-content\/uploads\/2024\/03\/89813411_2394716294153005_8632295261734961152_n-768x512.jpg",640,427,true],"large":["https:\/\/opinionpublica.com.ar\/index\/wp-content\/uploads\/2024\/03\/89813411_2394716294153005_8632295261734961152_n-1024x682.jpg",640,426,true],"1536x1536":["https:\/\/opinionpublica.com.ar\/index\/wp-content\/uploads\/2024\/03\/89813411_2394716294153005_8632295261734961152_n.jpg",1280,853,false],"2048x2048":["https:\/\/opinionpublica.com.ar\/index\/wp-content\/uploads\/2024\/03\/89813411_2394716294153005_8632295261734961152_n.jpg",1280,853,false],"morenews-large":["https:\/\/opinionpublica.com.ar\/index\/wp-content\/uploads\/2024\/03\/89813411_2394716294153005_8632295261734961152_n-825x575.jpg",825,575,true],"morenews-medium":["https:\/\/opinionpublica.com.ar\/index\/wp-content\/uploads\/2024\/03\/89813411_2394716294153005_8632295261734961152_n-590x410.jpg",590,410,true]},"author_info":{"display_name":"l0013136","author_link":"https:\/\/opinionpublica.com.ar\/index\/author\/l0013136\/"},"category_info":"<a href=\"https:\/\/opinionpublica.com.ar\/index\/category\/nacionales\/\" rel=\"category tag\">Nacionales<\/a> <a href=\"https:\/\/opinionpublica.com.ar\/index\/category\/tierra-del-fuego\/\" rel=\"category tag\">Tierra del Fuego<\/a> <a href=\"https:\/\/opinionpublica.com.ar\/index\/category\/ushuaia\/\" rel=\"category tag\">Ushuaia<\/a>","tag_info":"Ushuaia","comment_count":"0","_links":{"self":[{"href":"https:\/\/opinionpublica.com.ar\/index\/wp-json\/wp\/v2\/posts\/327","targetHints":{"allow":["GET"]}}],"collection":[{"href":"https:\/\/opinionpublica.com.ar\/index\/wp-json\/wp\/v2\/posts"}],"about":[{"href":"https:\/\/opinionpublica.com.ar\/index\/wp-json\/wp\/v2\/types\/post"}],"author":[{"embeddable":true,"href":"https:\/\/opinionpublica.com.ar\/index\/wp-json\/wp\/v2\/users\/2"}],"replies":[{"embeddable":true,"href":"https:\/\/opinionpublica.com.ar\/index\/wp-json\/wp\/v2\/comments?post=327"}],"version-history":[{"count":1,"href":"https:\/\/opinionpublica.com.ar\/index\/wp-json\/wp\/v2\/posts\/327\/revisions"}],"predecessor-version":[{"id":329,"href":"https:\/\/opinionpublica.com.ar\/index\/wp-json\/wp\/v2\/posts\/327\/revisions\/329"}],"wp:featuredmedia":[{"embeddable":true,"href":"https:\/\/opinionpublica.com.ar\/index\/wp-json\/wp\/v2\/media\/328"}],"wp:attachment":[{"href":"https:\/\/opinionpublica.com.ar\/index\/wp-json\/wp\/v2\/media?parent=327"}],"wp:term":[{"taxonomy":"category","embeddable":true,"href":"https:\/\/opinionpublica.com.ar\/index\/wp-json\/wp\/v2\/categories?post=327"},{"taxonomy":"post_tag","embeddable":true,"href":"https:\/\/opinionpublica.com.ar\/index\/wp-json\/wp\/v2\/tags?post=327"}],"curies":[{"name":"wp","href":"https:\/\/api.w.org\/{rel}","templated":true}]}}