{"id":3283,"date":"2024-05-20T13:11:57","date_gmt":"2024-05-20T16:11:57","guid":{"rendered":"https:\/\/opinionpublica.com.ar\/index\/?p=3283"},"modified":"2024-05-20T13:11:57","modified_gmt":"2024-05-20T16:11:57","slug":"aduana-triangulo-de-las-bermudas-de-los-textiles-chinos-cristian-guglielminetti-claudio-di-giannantonio-y-diego-figueroa","status":"publish","type":"post","link":"https:\/\/opinionpublica.com.ar\/index\/aduana-triangulo-de-las-bermudas-de-los-textiles-chinos-cristian-guglielminetti-claudio-di-giannantonio-y-diego-figueroa\/","title":{"rendered":"Aduana: \u201cTri\u00e1ngulo de las Bermudas\u201d de los textiles chinos: Cristian Guglielminetti, Claudio Di Giannantonio y Diego Figueroa"},"content":{"rendered":"<p>Los tres tienen cargos importantes: director de Investigaciones, de la Aduana Buenos Aires y subdirector general de Control respectivamente. La \u00faltima semana, cuando se daba por descontado el reemplazo de Rosana Lodovico, le cerraron la operaci\u00f3n a importadoras textiles para no levantar sospechas de subfacturaci\u00f3n en las nuevas autoridades.<\/p>\n<div class=\"tapa_contenedort_imagen\">\n<div class=\"tapa_imagen\">\n<div class=\"videoWrapper\"><a href=\"https:\/\/opinionpublica.com.ar\/index\/wp-content\/uploads\/2024\/04\/puerto-conteiner.jpeg\"><img fetchpriority=\"high\" decoding=\"async\" class=\"alignnone size-full wp-image-2231\" src=\"https:\/\/opinionpublica.com.ar\/index\/wp-content\/uploads\/2024\/04\/puerto-conteiner.jpeg\" alt=\"\" width=\"1280\" height=\"853\" srcset=\"https:\/\/opinionpublica.com.ar\/index\/wp-content\/uploads\/2024\/04\/puerto-conteiner.jpeg 1280w, https:\/\/opinionpublica.com.ar\/index\/wp-content\/uploads\/2024\/04\/puerto-conteiner-300x200.jpeg 300w, https:\/\/opinionpublica.com.ar\/index\/wp-content\/uploads\/2024\/04\/puerto-conteiner-1024x682.jpeg 1024w, https:\/\/opinionpublica.com.ar\/index\/wp-content\/uploads\/2024\/04\/puerto-conteiner-768x512.jpeg 768w\" sizes=\"(max-width: 1280px) 100vw, 1280px\" \/><\/a><\/div>\n<\/div>\n<\/div>\n<div id=\"content\">\n<p>Como dice el refr\u00e1n: \u201cSe acab\u00f3 lo que se daba\u201d. Eso mismo tendr\u00e1n que definir\u00a0<strong>este lunes, cuando se re\u00fanan, el flamante director general de Aduanas, Eduardo Mallea, la reflotada nueva directora de Coordinaci\u00f3n y Evaluaci\u00f3n Operativa, Gladys Morando, y el que ser\u00e1 un asesor clave, Marcelo Mignone. Como el desembarco de Mallea forma parte de un acuerdo pol\u00edtico, los funcionarios de carrera que permanecen en la Aduana tomaron la precauci\u00f3n de \u201ccerrar el grifo\u201d a una importante cantidad de importadoras textiles.<\/strong><\/p>\n<p><strong>El listado de \u00e9stas, en poder de Minuto de Cierre (y obviamente tambi\u00e9n de las autoridades), llega a cerca de 20 compa\u00f1\u00edas, las cuales muchos compa\u00f1eros de \u201cChucky\u201d Di Giannatonio, Guglielminetti y Figueroa<\/strong>\u00a0vieron c\u00f3mo ingresaban contenedores en t\u00e9rminos que ellos no habr\u00edan autorizado. Como mano derecha y brazo ejecutor del primero, en el cargo formal de jefe de Fiscalizaci\u00f3n y Operativa, se menciona tambi\u00e9n al ingeniero Luis Pugliese. Aunque el poder est\u00e1 en el tri\u00e1ngulo.<\/p>\n<p><strong>Entre las firmas importadoras, que la \u00faltima semana no pudieron operar igual que los \u00faltimos meses, se nombra a Maz\u00f3n Textil, G&amp;G Internacional S.A., HB Management S.A. o Keytex S.A., entre otras<\/strong>. Algunas tienen a\u00f1os o d\u00e9cadas de vida, otras en cambio nacieron durante el gobierno de Alberto Fern\u00e1ndez, o el encumbramiento de Di Giannatonio en la Aduana Buenos Aires.<\/p>\n<p>Seg\u00fan diversas fuentes de la Aduana,\u00a0<strong>los contenedores tendr\u00edan prendas chinas de las m\u00e1s baratas (de bambula) a las m\u00e1s caras (de algod\u00f3n). El problema ser\u00eda que los primeros se declaran generalmente a un valor de 13.000 a 15.000 d\u00f3lares, cuando el FOB real rondar\u00eda de 70.000. Mientras que las \u00faltimas se declaran a 15.000 d\u00f3lares o algo m\u00e1s, cuando su valor real ronda los 90.000 d\u00f3lares<\/strong>\u00a0por contenedor.<\/p>\n<\/div>\n<p><a href=\"https:\/\/opinionpublica.com.ar\/index\/wp-content\/uploads\/2024\/04\/puerto-buenos-aires.jpg\"><img decoding=\"async\" class=\"alignnone size-full wp-image-2534\" src=\"https:\/\/opinionpublica.com.ar\/index\/wp-content\/uploads\/2024\/04\/puerto-buenos-aires.jpg\" alt=\"\" width=\"1280\" height=\"720\" srcset=\"https:\/\/opinionpublica.com.ar\/index\/wp-content\/uploads\/2024\/04\/puerto-buenos-aires.jpg 1280w, https:\/\/opinionpublica.com.ar\/index\/wp-content\/uploads\/2024\/04\/puerto-buenos-aires-300x169.jpg 300w, https:\/\/opinionpublica.com.ar\/index\/wp-content\/uploads\/2024\/04\/puerto-buenos-aires-1024x576.jpg 1024w, https:\/\/opinionpublica.com.ar\/index\/wp-content\/uploads\/2024\/04\/puerto-buenos-aires-768x432.jpg 768w\" sizes=\"(max-width: 1280px) 100vw, 1280px\" \/><\/a><\/p>\n<p>&nbsp;<\/p>\n<div id=\"content\">\n<p><strong>Chequeo con voluntad pol\u00edtica y la doble maniobra<\/strong><\/p>\n<p>&nbsp;<\/p>\n<p>Si la nueva gesti\u00f3n quiere, el chequeo de esos datos ser\u00e1 sencillo. Aduaneros que tienen conformada la lista de casi 20 empresas hay, el cruce de esos CUITs con los movimientos declarados ser\u00e1 sencillo de realizar,\u00a0<strong>corroborando si hay o no subfacturaci\u00f3n<\/strong>. Quiz\u00e1s en esto Mallea encuentre una ocasi\u00f3n \u201cprofesionar, modernizar y despolitizar la Aduana\u201d, como reza el comunicado oficial de su designaci\u00f3n.<\/p>\n<p><strong>\u201cEsa es una de las maniobras, la otra ser\u00eda declarar una posici\u00f3n arancelaria que no corresponde con lo que realmente llega al pa\u00eds\u201d, se\u00f1ala un funcionario que sigui\u00f3 de cerca el tema<\/strong>, pero luego fue corrido de su cargo. Dos fuentes m\u00e1s abonan esa versi\u00f3n. \u201cLa maniobra se completa pasando la mercader\u00eda r\u00e1pidamente de zona primaria a dep\u00f3sitos fiscales cercanos\u201d, completan -con palabras similares- los tres consultados.<\/p>\n<p>En prevenci\u00f3n a los tiempos que se vienen, siendo gran conocedor adem\u00e1s de los manejos pol\u00edticos,\u00a0<strong>el viernes Di Giannantonio se acerc\u00f3 hasta el Sindicato \u00danico del Personal Aduanero de la Rep\u00fablica Argentina (SUPARA), del cual fue directivo. All\u00ed lo recibi\u00f3 el secretario general, Carlos Sueiro<\/strong>, que con suma cortes\u00eda lo escuch\u00f3. Eso no significa que Sueiro abandone su pol\u00edtica de escasa o nula intervenci\u00f3n cuando los conflictos se desatan.<\/p>\n<p><a href=\"https:\/\/opinionpublica.com.ar\/index\/wp-content\/uploads\/2024\/04\/industria-textil.jpg\"><img decoding=\"async\" class=\"alignnone size-full wp-image-2038\" src=\"https:\/\/opinionpublica.com.ar\/index\/wp-content\/uploads\/2024\/04\/industria-textil.jpg\" alt=\"\" width=\"1200\" height=\"630\" srcset=\"https:\/\/opinionpublica.com.ar\/index\/wp-content\/uploads\/2024\/04\/industria-textil.jpg 1200w, https:\/\/opinionpublica.com.ar\/index\/wp-content\/uploads\/2024\/04\/industria-textil-300x158.jpg 300w, https:\/\/opinionpublica.com.ar\/index\/wp-content\/uploads\/2024\/04\/industria-textil-1024x538.jpg 1024w, https:\/\/opinionpublica.com.ar\/index\/wp-content\/uploads\/2024\/04\/industria-textil-768x403.jpg 768w\" sizes=\"(max-width: 1200px) 100vw, 1200px\" \/><\/a><\/p>\n<p>En cuanto a los otros dos lados del \u201cTri\u00e1ngulo de las Bermudas\u201d, se ganaron con \u201crosca\u201d las posiciones que tienen. Guglielminetti lleg\u00f3 a director de Investigaciones el a\u00f1o pasado, tras desatar rumores que la mayor\u00eda consideran infundados contra su antecesor, Gabriel \u201cPipi\u201d Pieraggini. \u00c9ste promovi\u00f3 algunas investigaciones, en las cuales aparec\u00eda Di Giannantonio como \u201cfacilitador\u201d; al rev\u00e9s de la pol\u00edtica que sigui\u00f3 Guglielminetti.<\/p>\n<p>En cuanto a Figueroa, es quien ostenta el m\u00e1s alto cargo de los tres, nada menos que \u201ccoronel\u201d, como se llama en la jerga a los subdirectores generales, de Control Aduanero. Un cargo que durante la presidencia de Mauricio Macri tuvo Gladys Morando, por supuesto conociendo bien \u201cel pa\u00f1o\u201d. \u00a0Todas las fuentes que coinciden que los tres mencionados siempre trabajaron juntos, apoy\u00e1ndose o cubri\u00e9ndose -los verbos m\u00e1s mencionados- mutuamente. En homenaje al recientemente fallecido C\u00e9sar Luis Menotti, se habla de una \u201cpeque\u00f1a sociedad\u201d que siempre funcion\u00f3 aceitadamente, sobre todo los \u00faltimos a\u00f1os.<\/p>\n<\/div>\n","protected":false},"excerpt":{"rendered":"<p>Los tres tienen cargos importantes: director de Investigaciones, de la Aduana Buenos Aires y subdirector general de Control<\/p>\n","protected":false},"author":8,"featured_media":2534,"comment_status":"open","ping_status":"open","sticky":false,"template":"","format":"standard","meta":{"footnotes":""},"categories":[3],"tags":[100,1230,1229],"class_list":["post-3283","post","type-post","status-publish","format-standard","has-post-thumbnail","hentry","category-nacionales","tag-aduana","tag-empresarios-chinos","tag-subfacturacion"],"featured_image_urls":{"full":["https:\/\/opinionpublica.com.ar\/index\/wp-content\/uploads\/2024\/04\/puerto-buenos-aires.jpg",1280,720,false],"thumbnail":["https:\/\/opinionpublica.com.ar\/index\/wp-content\/uploads\/2024\/04\/puerto-buenos-aires-150x150.jpg",150,150,true],"medium":["https:\/\/opinionpublica.com.ar\/index\/wp-content\/uploads\/2024\/04\/puerto-buenos-aires-300x169.jpg",300,169,true],"medium_large":["https:\/\/opinionpublica.com.ar\/index\/wp-content\/uploads\/2024\/04\/puerto-buenos-aires-768x432.jpg",640,360,true],"large":["https:\/\/opinionpublica.com.ar\/index\/wp-content\/uploads\/2024\/04\/puerto-buenos-aires-1024x576.jpg",640,360,true],"1536x1536":["https:\/\/opinionpublica.com.ar\/index\/wp-content\/uploads\/2024\/04\/puerto-buenos-aires.jpg",1280,720,false],"2048x2048":["https:\/\/opinionpublica.com.ar\/index\/wp-content\/uploads\/2024\/04\/puerto-buenos-aires.jpg",1280,720,false],"morenews-large":["https:\/\/opinionpublica.com.ar\/index\/wp-content\/uploads\/2024\/04\/puerto-buenos-aires-825x575.jpg",825,575,true],"morenews-medium":["https:\/\/opinionpublica.com.ar\/index\/wp-content\/uploads\/2024\/04\/puerto-buenos-aires-590x410.jpg",590,410,true]},"author_info":{"display_name":"RKing","author_link":"https:\/\/opinionpublica.com.ar\/index\/author\/rking\/"},"category_info":"<a href=\"https:\/\/opinionpublica.com.ar\/index\/category\/nacionales\/\" rel=\"category tag\">Nacionales<\/a>","tag_info":"Nacionales","comment_count":"0","_links":{"self":[{"href":"https:\/\/opinionpublica.com.ar\/index\/wp-json\/wp\/v2\/posts\/3283","targetHints":{"allow":["GET"]}}],"collection":[{"href":"https:\/\/opinionpublica.com.ar\/index\/wp-json\/wp\/v2\/posts"}],"about":[{"href":"https:\/\/opinionpublica.com.ar\/index\/wp-json\/wp\/v2\/types\/post"}],"author":[{"embeddable":true,"href":"https:\/\/opinionpublica.com.ar\/index\/wp-json\/wp\/v2\/users\/8"}],"replies":[{"embeddable":true,"href":"https:\/\/opinionpublica.com.ar\/index\/wp-json\/wp\/v2\/comments?post=3283"}],"version-history":[{"count":1,"href":"https:\/\/opinionpublica.com.ar\/index\/wp-json\/wp\/v2\/posts\/3283\/revisions"}],"predecessor-version":[{"id":3284,"href":"https:\/\/opinionpublica.com.ar\/index\/wp-json\/wp\/v2\/posts\/3283\/revisions\/3284"}],"wp:featuredmedia":[{"embeddable":true,"href":"https:\/\/opinionpublica.com.ar\/index\/wp-json\/wp\/v2\/media\/2534"}],"wp:attachment":[{"href":"https:\/\/opinionpublica.com.ar\/index\/wp-json\/wp\/v2\/media?parent=3283"}],"wp:term":[{"taxonomy":"category","embeddable":true,"href":"https:\/\/opinionpublica.com.ar\/index\/wp-json\/wp\/v2\/categories?post=3283"},{"taxonomy":"post_tag","embeddable":true,"href":"https:\/\/opinionpublica.com.ar\/index\/wp-json\/wp\/v2\/tags?post=3283"}],"curies":[{"name":"wp","href":"https:\/\/api.w.org\/{rel}","templated":true}]}}