{"id":330,"date":"2024-03-13T15:24:16","date_gmt":"2024-03-13T15:24:16","guid":{"rendered":"https:\/\/opinionpublica.com.ar\/index\/?p=330"},"modified":"2024-03-13T15:24:16","modified_gmt":"2024-03-13T15:24:16","slug":"el-gobernador-gustavo-melella-respondio-nuevas-criticas-del-diputado-nacional-ricardo-lopez-murphy","status":"publish","type":"post","link":"https:\/\/opinionpublica.com.ar\/index\/el-gobernador-gustavo-melella-respondio-nuevas-criticas-del-diputado-nacional-ricardo-lopez-murphy\/","title":{"rendered":"El gobernador Gustavo Melella respondi\u00f3 nuevas cr\u00edticas del diputado nacional Ricardo L\u00f3pez Murphy"},"content":{"rendered":"<p>El gobernador Gustavo Melella respondi\u00f3 nuevas cr\u00edticas del diputado nacional Ricardo L\u00f3pez Murphy contra la ley 19640 de Tierra del Fuego. \u00abAll\u00e1 por el 2001 nos dej\u00f3 al borde del abismo y hoy desde su c\u00f3modo escritorio en Buenos Aires ataca al r\u00e9gimen de promoci\u00f3n industrial\u00bb<\/p>\n<p>\u00ab<strong>Quien le falta el respeto al pueblo de Tierra del Fuego ahora es el diputado L\u00f3pez Murphy, al atreverse a tratar a las y los fueguinos como &#8216;privilegiados&#8217;<\/strong>\u00ab, respondi\u00f3 el mandatario fueguino en su cuenta de X.<\/p>\n<p>Y agreg\u00f3: \u00ab<strong>El ex Ministro de Econom\u00eda de Fernando De la R\u00faa, que all\u00e1 por el 2001 nos dej\u00f3 al borde del abismo y hoy desde su c\u00f3modo escritorio en Buenos Aires, ataca al r\u00e9gimen de promoci\u00f3n industrial de nuestra provincia<\/strong>\u00ab.<\/p>\n<p>\u00ab<strong>Hoy, su receta es terminar con la industria fueguina con argumentos realmente il\u00f3gicos y llenos de ignorancia. Reiteramos que vamos a defender nuestra industria, del mismo modo que d\u00eda a d\u00eda defendemos la soberan\u00eda nacional, porque eso es defender la Patria<\/strong>\u00ab, cerr\u00f3.<\/p>\n","protected":false},"excerpt":{"rendered":"<p>El gobernador Gustavo Melella respondi\u00f3 nuevas cr\u00edticas del diputado nacional Ricardo L\u00f3pez Murphy contra la ley 19640 de<\/p>\n","protected":false},"author":2,"featured_media":331,"comment_status":"open","ping_status":"open","sticky":false,"template":"","format":"standard","meta":{"footnotes":""},"categories":[3,2],"tags":[16,5],"class_list":["post-330","post","type-post","status-publish","format-standard","has-post-thumbnail","hentry","category-nacionales","category-tierra-del-fuego","tag-nacionales","tag-tierra-del-fuego"],"featured_image_urls":{"full":["https:\/\/opinionpublica.com.ar\/index\/wp-content\/uploads\/2024\/03\/gustavo-mellela.jpg",300,168,false],"thumbnail":["https:\/\/opinionpublica.com.ar\/index\/wp-content\/uploads\/2024\/03\/gustavo-mellela-150x150.jpg",150,150,true],"medium":["https:\/\/opinionpublica.com.ar\/index\/wp-content\/uploads\/2024\/03\/gustavo-mellela.jpg",300,168,false],"medium_large":["https:\/\/opinionpublica.com.ar\/index\/wp-content\/uploads\/2024\/03\/gustavo-mellela.jpg",300,168,false],"large":["https:\/\/opinionpublica.com.ar\/index\/wp-content\/uploads\/2024\/03\/gustavo-mellela.jpg",300,168,false],"1536x1536":["https:\/\/opinionpublica.com.ar\/index\/wp-content\/uploads\/2024\/03\/gustavo-mellela.jpg",300,168,false],"2048x2048":["https:\/\/opinionpublica.com.ar\/index\/wp-content\/uploads\/2024\/03\/gustavo-mellela.jpg",300,168,false],"morenews-large":["https:\/\/opinionpublica.com.ar\/index\/wp-content\/uploads\/2024\/03\/gustavo-mellela.jpg",300,168,false],"morenews-medium":["https:\/\/opinionpublica.com.ar\/index\/wp-content\/uploads\/2024\/03\/gustavo-mellela.jpg",300,168,false]},"author_info":{"display_name":"l0013136","author_link":"https:\/\/opinionpublica.com.ar\/index\/author\/l0013136\/"},"category_info":"<a href=\"https:\/\/opinionpublica.com.ar\/index\/category\/nacionales\/\" rel=\"category tag\">Nacionales<\/a> <a href=\"https:\/\/opinionpublica.com.ar\/index\/category\/tierra-del-fuego\/\" rel=\"category tag\">Tierra del Fuego<\/a>","tag_info":"Tierra del Fuego","comment_count":"0","_links":{"self":[{"href":"https:\/\/opinionpublica.com.ar\/index\/wp-json\/wp\/v2\/posts\/330","targetHints":{"allow":["GET"]}}],"collection":[{"href":"https:\/\/opinionpublica.com.ar\/index\/wp-json\/wp\/v2\/posts"}],"about":[{"href":"https:\/\/opinionpublica.com.ar\/index\/wp-json\/wp\/v2\/types\/post"}],"author":[{"embeddable":true,"href":"https:\/\/opinionpublica.com.ar\/index\/wp-json\/wp\/v2\/users\/2"}],"replies":[{"embeddable":true,"href":"https:\/\/opinionpublica.com.ar\/index\/wp-json\/wp\/v2\/comments?post=330"}],"version-history":[{"count":1,"href":"https:\/\/opinionpublica.com.ar\/index\/wp-json\/wp\/v2\/posts\/330\/revisions"}],"predecessor-version":[{"id":332,"href":"https:\/\/opinionpublica.com.ar\/index\/wp-json\/wp\/v2\/posts\/330\/revisions\/332"}],"wp:featuredmedia":[{"embeddable":true,"href":"https:\/\/opinionpublica.com.ar\/index\/wp-json\/wp\/v2\/media\/331"}],"wp:attachment":[{"href":"https:\/\/opinionpublica.com.ar\/index\/wp-json\/wp\/v2\/media?parent=330"}],"wp:term":[{"taxonomy":"category","embeddable":true,"href":"https:\/\/opinionpublica.com.ar\/index\/wp-json\/wp\/v2\/categories?post=330"},{"taxonomy":"post_tag","embeddable":true,"href":"https:\/\/opinionpublica.com.ar\/index\/wp-json\/wp\/v2\/tags?post=330"}],"curies":[{"name":"wp","href":"https:\/\/api.w.org\/{rel}","templated":true}]}}