{"id":333,"date":"2024-03-13T15:48:56","date_gmt":"2024-03-13T15:48:56","guid":{"rendered":"https:\/\/opinionpublica.com.ar\/index\/?p=333"},"modified":"2024-03-13T15:56:26","modified_gmt":"2024-03-13T15:56:26","slug":"gustavo-venturacon-martin-perez-nos-une-la-mirada-del-orden-financiero-y-economico-que-las-arcas-municipales-deben-tener","status":"publish","type":"post","link":"https:\/\/opinionpublica.com.ar\/index\/gustavo-venturacon-martin-perez-nos-une-la-mirada-del-orden-financiero-y-economico-que-las-arcas-municipales-deben-tener\/","title":{"rendered":"Gustavo Ventura:\u00bbCon Mart\u00edn P\u00e9rez nos une la mirada del orden financiero y econ\u00f3mico que las arcas municipales deben tener\u00bb."},"content":{"rendered":"<p>EL referente del partido PAR, se refiri\u00f3 a esta nueva etapa pol\u00edtica, luego de su paso por la Municipalidad de Ushuaia, mostr\u00f3 coincidencias con el Intendente Mart\u00edn P\u00e9rez, habl\u00f3 de futuros cambios en la capital provincial que, son necesarios como la obra p\u00fablica, la quita de contenedores de la ciudad, y orden y transparencia en el manejo de los fondos. La nueva construcci\u00f3n pol\u00edtica, la critica a la violencia que genera Milei y el camino que eligieron seguir.<\/p>\n<p>Ventura destac\u00f3 que con el intendente de Rio Grande, lo une la mirada del orden financiero y econ\u00f3mico que los municipios deben tener.<\/p>\n<p>Agreg\u00f3,\u00bbtambi\u00e9n hablaba con el en estos d\u00edas que ese orden y esa seriedad con la que llevo los n\u00fameros los cuatro a\u00f1os pasados le permitieron y le permiten hoy, llevar adelante una gesti\u00f3n con un gobierno nacional que corta la obra p\u00fablica, que tira para otro lado, que en estos momentos donde el zapato aprieta en lo econ\u00f3mico, es un valor agregado que nosotros desde PAR defendemos y evidentemente Mart\u00edn P\u00e9rez desde Rio Grande, tambien defiende\u00bb.<\/p>\n<p>El Partido Arraigo y Renovaci\u00f3n fue creado por el ex concejal de Ushuaia, Lolo C\u00e1rdenas en 2013 y seg\u00fan explica Ventura es un espacio de puertas abiertas a todo aquel que quiera participar en una nueva propuesta, transversal, con una mirada puesta en un proyecto para nuestra ciudad de cara al futuro y con Carde\u00f1as tuvimos un acercamiento y coincidimos en algunas cuestiones que ten\u00edan que ver, no solo con la mirada de la ciudad que, nosotros imagin\u00e1bamos d\u00e1ndole herramientas al sector privado para que pueda motorizar esta econom\u00eda que es el turismo\u00bb, puntualiz\u00f3<\/p>\n<p>La idea de Ventura, es que \u00bb esa industria se vincule con toda la sociedad provocando ese derrame que genere la infraestructura necesaria para proyectarnos, para avanzar porque siempre coincid\u00edamos en las obras que nuestra ciudad necesitaba y una cuesti\u00f3n no menor que es el marco \u00e9tico y moral que imagin\u00e1bamos que la pol\u00edtica ten\u00eda que tener y que es lo que el espacio donde me sumo defiende\u00bb.<\/p>\n<p>\u00abNo es un\u00a0 proyecto pol\u00edtico, sino una mirada moral y \u00e9tica de c\u00f3mo llevar adelante una gesti\u00f3n\u00bb, destac\u00f3.<\/p>\n<p>Finalmente, y en referencia a la escalada de violencia en todos los \u00e1mbitos, Ventura, sostuvo que en primer lugar esa violencia parte desde el estado, es el presidente quien pone la bandera de la agresi\u00f3n por delante, mediante las redes sociales, la forma que eligi\u00f3 para comunicar, tanto en la campa\u00f1a como en el gobierno, es un modelo que nosotros desde PAR decidimos no seguir\u00bb.<\/p>\n<p>\u00abEsta es una gesti\u00f3n colectiva, transversal que no importa de d\u00f3nde venimos, sino cual es el proyecto que nos une, que nos convoque y construir juntos\u00bb.<\/p>\n","protected":false},"excerpt":{"rendered":"<p>EL referente del partido PAR, se refiri\u00f3 a esta nueva etapa pol\u00edtica, luego de su paso por la<\/p>\n","protected":false},"author":2,"featured_media":334,"comment_status":"open","ping_status":"open","sticky":false,"template":"","format":"standard","meta":{"footnotes":""},"categories":[3,27,2],"tags":[],"class_list":["post-333","post","type-post","status-publish","format-standard","has-post-thumbnail","hentry","category-nacionales","category-politica","category-tierra-del-fuego"],"featured_image_urls":{"full":["https:\/\/opinionpublica.com.ar\/index\/wp-content\/uploads\/2024\/03\/ea971923-83e3-4eaf-87c1-e769e37988b2.jpg",1170,915,false],"thumbnail":["https:\/\/opinionpublica.com.ar\/index\/wp-content\/uploads\/2024\/03\/ea971923-83e3-4eaf-87c1-e769e37988b2-150x150.jpg",150,150,true],"medium":["https:\/\/opinionpublica.com.ar\/index\/wp-content\/uploads\/2024\/03\/ea971923-83e3-4eaf-87c1-e769e37988b2-300x235.jpg",300,235,true],"medium_large":["https:\/\/opinionpublica.com.ar\/index\/wp-content\/uploads\/2024\/03\/ea971923-83e3-4eaf-87c1-e769e37988b2-768x601.jpg",640,501,true],"large":["https:\/\/opinionpublica.com.ar\/index\/wp-content\/uploads\/2024\/03\/ea971923-83e3-4eaf-87c1-e769e37988b2-1024x801.jpg",640,501,true],"1536x1536":["https:\/\/opinionpublica.com.ar\/index\/wp-content\/uploads\/2024\/03\/ea971923-83e3-4eaf-87c1-e769e37988b2.jpg",1170,915,false],"2048x2048":["https:\/\/opinionpublica.com.ar\/index\/wp-content\/uploads\/2024\/03\/ea971923-83e3-4eaf-87c1-e769e37988b2.jpg",1170,915,false],"morenews-large":["https:\/\/opinionpublica.com.ar\/index\/wp-content\/uploads\/2024\/03\/ea971923-83e3-4eaf-87c1-e769e37988b2-825x575.jpg",825,575,true],"morenews-medium":["https:\/\/opinionpublica.com.ar\/index\/wp-content\/uploads\/2024\/03\/ea971923-83e3-4eaf-87c1-e769e37988b2-590x410.jpg",590,410,true]},"author_info":{"display_name":"l0013136","author_link":"https:\/\/opinionpublica.com.ar\/index\/author\/l0013136\/"},"category_info":"<a href=\"https:\/\/opinionpublica.com.ar\/index\/category\/nacionales\/\" rel=\"category tag\">Nacionales<\/a> <a href=\"https:\/\/opinionpublica.com.ar\/index\/category\/politica\/\" rel=\"category tag\">Politica<\/a> <a href=\"https:\/\/opinionpublica.com.ar\/index\/category\/tierra-del-fuego\/\" rel=\"category tag\">Tierra del Fuego<\/a>","tag_info":"Tierra del Fuego","comment_count":"0","_links":{"self":[{"href":"https:\/\/opinionpublica.com.ar\/index\/wp-json\/wp\/v2\/posts\/333","targetHints":{"allow":["GET"]}}],"collection":[{"href":"https:\/\/opinionpublica.com.ar\/index\/wp-json\/wp\/v2\/posts"}],"about":[{"href":"https:\/\/opinionpublica.com.ar\/index\/wp-json\/wp\/v2\/types\/post"}],"author":[{"embeddable":true,"href":"https:\/\/opinionpublica.com.ar\/index\/wp-json\/wp\/v2\/users\/2"}],"replies":[{"embeddable":true,"href":"https:\/\/opinionpublica.com.ar\/index\/wp-json\/wp\/v2\/comments?post=333"}],"version-history":[{"count":1,"href":"https:\/\/opinionpublica.com.ar\/index\/wp-json\/wp\/v2\/posts\/333\/revisions"}],"predecessor-version":[{"id":335,"href":"https:\/\/opinionpublica.com.ar\/index\/wp-json\/wp\/v2\/posts\/333\/revisions\/335"}],"wp:featuredmedia":[{"embeddable":true,"href":"https:\/\/opinionpublica.com.ar\/index\/wp-json\/wp\/v2\/media\/334"}],"wp:attachment":[{"href":"https:\/\/opinionpublica.com.ar\/index\/wp-json\/wp\/v2\/media?parent=333"}],"wp:term":[{"taxonomy":"category","embeddable":true,"href":"https:\/\/opinionpublica.com.ar\/index\/wp-json\/wp\/v2\/categories?post=333"},{"taxonomy":"post_tag","embeddable":true,"href":"https:\/\/opinionpublica.com.ar\/index\/wp-json\/wp\/v2\/tags?post=333"}],"curies":[{"name":"wp","href":"https:\/\/api.w.org\/{rel}","templated":true}]}}