{"id":3465,"date":"2024-05-29T09:14:10","date_gmt":"2024-05-29T12:14:10","guid":{"rendered":"https:\/\/opinionpublica.com.ar\/index\/?p=3465"},"modified":"2024-05-29T09:14:10","modified_gmt":"2024-05-29T12:14:10","slug":"javier-milei-se-entusiasma-por-el-estilo-de-su-nuevo-jefe-de-gabinete","status":"publish","type":"post","link":"https:\/\/opinionpublica.com.ar\/index\/javier-milei-se-entusiasma-por-el-estilo-de-su-nuevo-jefe-de-gabinete\/","title":{"rendered":"Javier Milei se entusiasma por el estilo de su nuevo jefe de Gabinete"},"content":{"rendered":"<header class=\"news-headline\">\n<p class=\"ignore-parser\">El presidente Milei, de gira por EEUU, se enter\u00f3 del desayuno del Gabinete en una confiter\u00eda c\u00e9ntrica y qued\u00f3\u00a0<strong class=\"ignore-parser\">\u201cencantado<\/strong>\u201d por el gesto de Francos.<\/p>\n<\/header>\n<p>&nbsp;<\/p>\n<div class=\"detail-highlighted-multimedia content-protected-false\">\n<figure class=\"detail-highlighted-multimedia__figure\"><a href=\"https:\/\/opinionpublica.com.ar\/index\/wp-content\/uploads\/2024\/04\/guillermo-francos-1.jpg\"><img fetchpriority=\"high\" decoding=\"async\" class=\"alignnone size-full wp-image-2045\" src=\"https:\/\/opinionpublica.com.ar\/index\/wp-content\/uploads\/2024\/04\/guillermo-francos-1.jpg\" alt=\"\" width=\"1200\" height=\"675\" srcset=\"https:\/\/opinionpublica.com.ar\/index\/wp-content\/uploads\/2024\/04\/guillermo-francos-1.jpg 1200w, https:\/\/opinionpublica.com.ar\/index\/wp-content\/uploads\/2024\/04\/guillermo-francos-1-300x169.jpg 300w, https:\/\/opinionpublica.com.ar\/index\/wp-content\/uploads\/2024\/04\/guillermo-francos-1-1024x576.jpg 1024w, https:\/\/opinionpublica.com.ar\/index\/wp-content\/uploads\/2024\/04\/guillermo-francos-1-768x432.jpg 768w\" sizes=\"(max-width: 1200px) 100vw, 1200px\" \/><\/a><figcaption class=\"detail-highlighted-multimedia__figcaption\">\n<div class=\"detail-highlighted-multimedia__caption\">\n<p>Milei se mostr\u00f3 contento con el primer d\u00eda de Francos como jefe de Gabinete.<\/p>\n<\/div>\n<\/figcaption><\/figure>\n<\/div>\n<article class=\"article-body article-body--first-paragraph content-protected-false\" data-td-script-src=\"https:\/\/www.ambito.com\/td\/modulos\/encuestas\/js\/function-embeds-min-version-1716523673.js\">Mientras el Gobierno intenta mostrar un gabinete unido y en armon\u00eda, tras el cimbronazo provocado por el despido de\u00a0<strong>Nicol\u00e1s Posse<\/strong>\u00a0de la Jefatura de Gabinete,\u00a0<strong>siguen circulando versiones sobre nuevos cambios\u00a0<\/strong>en la Casa Rosada<strong>.<\/strong><\/p>\n<\/article>\n<div class=\"banner banner--free-banner\">\n<div class=\"banner__content-wrapper\">\n<div id=\"ad-slot-outstream\" class=\"ad-slot-outstream ad-slot\" data-lazyload=\"1\" data-adtype=\"outstream\" data-google-query-id=\"CLP5n5fosoYDFTSHlQIdUVENug\">\n<div id=\"google_ads_iframe_\/78858960\/Ambito\/Not-outstream_0__container__\"><\/div>\n<\/div>\n<\/div>\n<\/div>\n<article class=\"article-body article-body--second-paragraph content-protected-false\">Cabe recordar que el propio presidente\u00a0<strong>Javier Milei<\/strong>\u00a0sostuvo en declaraciones period\u00edsticas que, una vez culminada la negociaci\u00f3n de la ley Bases, ser\u00eda revisada la actuaci\u00f3n de todos sus ministros.<\/p>\n<\/article>\n<div class=\"banner banner--free-banner\">\n<div class=\"banner__content-wrapper\">\n<div id=\"394c8479-8534-4988-9fef-2cb91839b0ef\" class=\"pbs\" data-pbs-root=\"true\" data-pbs-position=\"static\" data-pbs-device=\"desktop\" data-pbs-video-title=\"true\" data-pbs-pagination=\"true\" data-pbs-sticky=\"bottom-right\" data-pbs-size=\"medium\" data-pbs-logo-pos=\"right\" data-pbs-content=\"loading\" data-pbs-player=\"content\" data-pbs-slot=\"ended\" data-pbs-hover=\"false\" data-pbs-content-type=\"rss\">\n<div id=\"exp_afb62e90-79de-4896-878c-785552e49cbd\" class=\"pbs__player shown\" tabindex=\"0\" role=\"application\" aria-label=\"Video Player\">\n<div id=\"video125395055fc5a317e-05c7-4ade-b3de-8433b13c78bd\" class=\"pb-stream\" aria-hidden=\"true\">\n<div id=\"__exco_root_container\" class=\" __exco_desktop __exco_root_container\">\n<div id=\"__exco_ad_container_static_ima_0\" class=\"__exco_ad_container\">\n<div class=\"__exco_ad_ima_slot\">\n<div><\/div>\n<\/div>\n<\/div>\n<\/div>\n<\/div>\n<div class=\"exp-ui\">\n<div class=\"exp-ui__wrapper exp-ui__permanent_title\">\n<div class=\"exp-ui__progressive-pagination\">\n<div class=\"exp-ui__progressive-pagination-bar\">\n<div class=\"exp-ui__progressive-pagination-bar-progress\"><\/div>\n<div class=\"exp-ui__progressive-pagination-bar-background\">M\u00e1s all\u00e1 de las versiones, el flamante jefe de ministros, <strong>Guillermo Francos<\/strong>, dio\u00a0<strong>una se\u00f1al de camarader\u00eda y de cercan\u00eda a la gente<\/strong>\u00a0al compartir, tras la reuni\u00f3n de Gabinete Nacional de este martes, un desayuno de trabajo en la tradicional confiter\u00eda Pertutti, ubicada a metros de Casa Rosada.<\/div>\n<\/div>\n<\/div>\n<\/div>\n<\/div>\n<\/div>\n<\/div>\n<\/div>\n<\/div>\n<article class=\"article-body article-body--fourth-paragraph content-protected-false\">Se diferenci\u00f3 de esta forma de Posse, que durante su gesti\u00f3n fue \u201cpoco propicio al di\u00e1logo\u201d.\u00a0El jefe de gabinete cruz\u00f3 la Plaza de Mayo a pie, en tanto que los restantes miembros del gabinete se trasladaron en auto.<\/p>\n<\/article>\n<article class=\"article-body article-body--remaining-paragraph content-protected-false\">\n<div id=\"7939341-401521267_wrap\" class=\"embed_cont type_video\" contenteditable=\"false\">\n<div id=\"7939341-401521267_content\" class=\"embed_content\">\n<div id=\"7939341-401521267_embed\">\n<div id=\"mediaPlayer_7939341-401521267\"><\/div>\n<\/div>\n<\/div>\n<\/div>\n<p>El encuentro, en el que predominaron el caf\u00e9 y el t\u00e9 (la canciller\u00a0<strong>Diana Mondino<\/strong>\u00a0y la ministra de Capital Humano,\u00a0<strong>Sandra Pettovello<\/strong>\u00a0no tomaron nada) cost\u00f3 casi 50.000 pesos que fueron pagados por el ministro de Justicia,\u00a0<strong>Mariano C\u00faneo Libarona<\/strong>.<\/p>\n<p>El presidente Milei se enter\u00f3 de la reuni\u00f3n en esta confiter\u00eda y vio las fotos en el avi\u00f3n que lo conduc\u00eda a Estados Unidos y qued\u00f3\u00a0<strong>\u201cencantado<\/strong>\u201d por el gesto de Francos, seg\u00fan comentaron sus allegados.<\/p>\n<h2><strong>Reestructuraci\u00f3n<\/strong><\/h2>\n<p>En tanto, en el Gobierno se sigue trabajando en una\u00a0<strong>\u201creestructuraci\u00f3n\u201d\u00a0<\/strong>de los ministerios.\u00a0La decisi\u00f3n de rebajar a secretar\u00eda el \u00e1rea de Interior\u00a0tuvo el prop\u00f3sito de mantener la cantidad de carteras haciendo lugar a un nuevo ministerio que se dedicar\u00e1 fundamentalmente a la desregulaci\u00f3n de la econom\u00eda.<\/p>\n<p>Estar\u00e1 a cargo de uno de los economistas preferidos del presidente:\u00a0<strong>Federico Sturzenegger<\/strong>.\u00a0El primer mandatario viene pensando c\u00f3mo denominar a la nueva cartera en conversaciones con su asesor\u00a0<strong>Santiago Caputo.<\/strong><\/p>\n<p><a href=\"https:\/\/opinionpublica.com.ar\/index\/wp-content\/uploads\/2024\/03\/karina-milei-bornoboni.jpg\"><img decoding=\"async\" class=\"alignnone size-full wp-image-966\" src=\"https:\/\/opinionpublica.com.ar\/index\/wp-content\/uploads\/2024\/03\/karina-milei-bornoboni.jpg\" alt=\"\" width=\"739\" height=\"739\" srcset=\"https:\/\/opinionpublica.com.ar\/index\/wp-content\/uploads\/2024\/03\/karina-milei-bornoboni.jpg 739w, https:\/\/opinionpublica.com.ar\/index\/wp-content\/uploads\/2024\/03\/karina-milei-bornoboni-300x300.jpg 300w, https:\/\/opinionpublica.com.ar\/index\/wp-content\/uploads\/2024\/03\/karina-milei-bornoboni-150x150.jpg 150w\" sizes=\"(max-width: 739px) 100vw, 739px\" \/><\/a><\/p>\n<p>En esta reestructuraci\u00f3n se prev\u00e9 que Jefatura de Gabinete se desprenda de ciertas \u00e1reas de gesti\u00f3n. Algunas de ellas, como\u00a0<strong>las privatizaciones, pasar\u00edan a la \u00f3rbita de Sturzenegger.<\/strong><\/p>\n<p>Uno de los objetivos que perseguir\u00e1 el presidente Milei en esta nueva etapa de su gesti\u00f3n, se refiere a imprimirle m\u00e1s ejecutividad a distintas \u00e1reas de su Gobierno. En particular, fuentes de la Casa Rosada se\u00f1alan que existe preocupaci\u00f3n por los\u00a0<strong>\u201cescasos resultados\u201d\u00a0<\/strong>en materia de<strong>\u00a0Justicia y Salud<\/strong>, a cargo de C\u00faneo Libarona y\u00a0<strong>Mario Antonio Russo<\/strong>, en ese orden.\u00a0<strong>Tambi\u00e9n hay quienes realizan cr\u00edticas a Mondino.<\/strong><\/p>\n<div id=\"7939340-1976340940_wrap\" class=\"embed_cont type_video\" contenteditable=\"false\">\n<div id=\"7939340-1976340940_content\" class=\"embed_content\">\n<div id=\"7939340-1976340940_embed\">\n<div id=\"mediaPlayer_7939340-1976340940\"><\/div>\n<\/div>\n<\/div>\n<\/div>\n<p>Por su parte, Francos ratific\u00f3 a quien fuera segundo de Posse,\u00a0<strong>Jos\u00e9 Rolandi<\/strong>, en su puesto en la Jefatura de Gabinete. En cambio, todav\u00eda no est\u00e1 resuelto qui\u00e9n reemplazar\u00e1 a<strong>\u00a0Silvestre S\u00edvori<\/strong>\u00a0al frente de la Agencia Federal de Inteligencia (AFI)<\/p>\n<p>Mientras tanto, siguen los comentarios sobre la salida de Posse.\u00a0En los pasillos de la Casa Rosada se dice que fue el propio Posse el que dej\u00f3\u00a0<strong>\u201cfiltrar\u201d<\/strong>\u00a0ayer la versi\u00f3n de su renuncia esperando ser ratificado por el presidente Milei, pero en realidad provoc\u00f3 el efecto contrario.\u00a0Lo cierto es que, a \u00faltima hora de ayer, el presidente firm\u00f3 el decreto reemplazando a Posse por Franco.<\/p>\n<p>El saliente funcionario estuvo hoy en la casa de gobierno. Lleg\u00f3 9.30 horas y mantuvo una reuni\u00f3n con sus excolaboradores y luego almorz\u00f3 con el embajador norteamericano\u00a0<strong>Marc Stanley<\/strong>. Al respecto, los cr\u00edticos de Posse se\u00f1alan que \u201chace alarde\u201d de su relaci\u00f3n con los Estados Unidos. Por la tarde, mantuvo un encuentro con Francos.<\/p>\n<h2><strong>Inteligencia artificial<\/strong><\/h2>\n<p>Sin desatender la situaci\u00f3n argentina, seg\u00fan se\u00f1alan en su entorno, el presidente Milei lleg\u00f3 al medio d\u00eda de este martes a la ciudad de San Francisco (Estados Unidos). Durante la jornada se comunic\u00f3 con el primer ministro de Canad\u00e1,\u00a0<strong>Justin Trudeau<\/strong>\u00a0y por la noche se reuni\u00f3 con el CEO de Open AI,\u00a0<strong>Sam Altman<\/strong>.<\/p>\n<p>La intenci\u00f3n del primer mandatario y de su ministro de Econom\u00eda,\u00a0<strong>Luis Caputo\u00a0<\/strong>(que lo acompa\u00f1a), es\u00a0<strong>fomentar el desarrollo de la inteligencia artificial en el pa\u00eds<\/strong>\u00a0y, en tal sentido, mantendr\u00e1 importantes encuentros con los principales directivos de las empresas tecnol\u00f3gicas.<\/p>\n<p>El mi\u00e9rcoles Milei disertar\u00e1 en la Instituci\u00f3n Hoover de la Universidad de Stanford y luego se reunir\u00e1 con la directora de esta instituci\u00f3n,\u00a0<strong>Condoleezza Rice<\/strong>\u00a0y el rector de esta casa de estudios,\u00a0<strong>Richard Saller<\/strong>. Tambi\u00e9n mantendr\u00e1 un encuentro con profesores y expertos en pol\u00edtica econ\u00f3mica.<\/p>\n<p>Por la tarde se reunir\u00e1 con el CEO de Google,\u00a0<strong>Sundar Pichai<\/strong>\u00a0y luego con el director ejecutivo de Apple,\u00a0<strong>Timothy Cook<\/strong>. Posteriormente mantendr\u00e1 un encuentro con 30 empresarios e inversores ligados a la inteligencia artificial.<\/p>\n<p>El jueves se reunir\u00e1 con empresarios de Start Ups del sector de la Inteligencia Artificial. Posteriormente, disertar\u00e1 en el Pacific Summit, organizado por Bay Area Council y por la noche se ver\u00e1 con el CEO de Meta,\u00a0<strong>Mark Zuckerberg<\/strong>.<\/p>\n<\/article>\n<div class=\"news-topics\"><\/div>\n","protected":false},"excerpt":{"rendered":"<p>El presidente Milei, de gira por EEUU, se enter\u00f3 del desayuno del Gabinete en una confiter\u00eda c\u00e9ntrica y<\/p>\n","protected":false},"author":8,"featured_media":3466,"comment_status":"open","ping_status":"open","sticky":false,"template":"","format":"standard","meta":{"footnotes":""},"categories":[3],"tags":[387,453,692],"class_list":["post-3465","post","type-post","status-publish","format-standard","has-post-thumbnail","hentry","category-nacionales","tag-estado","tag-guillermo-francos","tag-javier-milei"],"featured_image_urls":{"full":["https:\/\/opinionpublica.com.ar\/index\/wp-content\/uploads\/2024\/05\/guillermo-francos-javier-mileipng.webp",655,368,false],"thumbnail":["https:\/\/opinionpublica.com.ar\/index\/wp-content\/uploads\/2024\/05\/guillermo-francos-javier-mileipng-150x150.webp",150,150,true],"medium":["https:\/\/opinionpublica.com.ar\/index\/wp-content\/uploads\/2024\/05\/guillermo-francos-javier-mileipng-300x169.webp",300,169,true],"medium_large":["https:\/\/opinionpublica.com.ar\/index\/wp-content\/uploads\/2024\/05\/guillermo-francos-javier-mileipng.webp",640,360,false],"large":["https:\/\/opinionpublica.com.ar\/index\/wp-content\/uploads\/2024\/05\/guillermo-francos-javier-mileipng.webp",640,360,false],"1536x1536":["https:\/\/opinionpublica.com.ar\/index\/wp-content\/uploads\/2024\/05\/guillermo-francos-javier-mileipng.webp",655,368,false],"2048x2048":["https:\/\/opinionpublica.com.ar\/index\/wp-content\/uploads\/2024\/05\/guillermo-francos-javier-mileipng.webp",655,368,false],"morenews-large":["https:\/\/opinionpublica.com.ar\/index\/wp-content\/uploads\/2024\/05\/guillermo-francos-javier-mileipng.webp",655,368,false],"morenews-medium":["https:\/\/opinionpublica.com.ar\/index\/wp-content\/uploads\/2024\/05\/guillermo-francos-javier-mileipng-590x368.webp",590,368,true]},"author_info":{"display_name":"RKing","author_link":"https:\/\/opinionpublica.com.ar\/index\/author\/rking\/"},"category_info":"<a href=\"https:\/\/opinionpublica.com.ar\/index\/category\/nacionales\/\" rel=\"category tag\">Nacionales<\/a>","tag_info":"Nacionales","comment_count":"0","_links":{"self":[{"href":"https:\/\/opinionpublica.com.ar\/index\/wp-json\/wp\/v2\/posts\/3465","targetHints":{"allow":["GET"]}}],"collection":[{"href":"https:\/\/opinionpublica.com.ar\/index\/wp-json\/wp\/v2\/posts"}],"about":[{"href":"https:\/\/opinionpublica.com.ar\/index\/wp-json\/wp\/v2\/types\/post"}],"author":[{"embeddable":true,"href":"https:\/\/opinionpublica.com.ar\/index\/wp-json\/wp\/v2\/users\/8"}],"replies":[{"embeddable":true,"href":"https:\/\/opinionpublica.com.ar\/index\/wp-json\/wp\/v2\/comments?post=3465"}],"version-history":[{"count":1,"href":"https:\/\/opinionpublica.com.ar\/index\/wp-json\/wp\/v2\/posts\/3465\/revisions"}],"predecessor-version":[{"id":3467,"href":"https:\/\/opinionpublica.com.ar\/index\/wp-json\/wp\/v2\/posts\/3465\/revisions\/3467"}],"wp:featuredmedia":[{"embeddable":true,"href":"https:\/\/opinionpublica.com.ar\/index\/wp-json\/wp\/v2\/media\/3466"}],"wp:attachment":[{"href":"https:\/\/opinionpublica.com.ar\/index\/wp-json\/wp\/v2\/media?parent=3465"}],"wp:term":[{"taxonomy":"category","embeddable":true,"href":"https:\/\/opinionpublica.com.ar\/index\/wp-json\/wp\/v2\/categories?post=3465"},{"taxonomy":"post_tag","embeddable":true,"href":"https:\/\/opinionpublica.com.ar\/index\/wp-json\/wp\/v2\/tags?post=3465"}],"curies":[{"name":"wp","href":"https:\/\/api.w.org\/{rel}","templated":true}]}}