{"id":348,"date":"2024-03-14T01:06:24","date_gmt":"2024-03-14T01:06:24","guid":{"rendered":"https:\/\/opinionpublica.com.ar\/index\/?p=348"},"modified":"2024-03-14T03:41:13","modified_gmt":"2024-03-14T03:41:13","slug":"rio-grande-se-agrava-la-crisis-en-la-industria-fueguina","status":"publish","type":"post","link":"https:\/\/opinionpublica.com.ar\/index\/rio-grande-se-agrava-la-crisis-en-la-industria-fueguina\/","title":{"rendered":"Rio Grande: Se agrava la crisis en la industria Fueguina"},"content":{"rendered":"<p>LA EMPRESA ELECTROFUEGUINA SUSPENDE A TRABAJADORES<\/p>\n<p>La planta que se dedica a la producci\u00f3n para el grupo Fravega en el Parque Industrial de R\u00edo Grande, comunic\u00f3 oficialmente la suspensi\u00f3n que abarca al personal que pertenece a la Uni\u00f3n Obrera Metal\u00fargica (UOM).<\/p>\n<p>Aplic\u00e1ndose un per\u00edodo de suspensiones que se extiende de 6 a 7 semanas. El personal no prestar\u00e1 tareas desde el pr\u00f3ximo lunes 18 de marzo hasta el 28 de abril inclusive.<\/p>\n","protected":false},"excerpt":{"rendered":"<p>LA EMPRESA ELECTROFUEGUINA SUSPENDE A TRABAJADORES La planta que se dedica a la producci\u00f3n para el grupo Fravega<\/p>\n","protected":false},"author":2,"featured_media":349,"comment_status":"open","ping_status":"open","sticky":false,"template":"","format":"standard","meta":{"footnotes":""},"categories":[25,2],"tags":[7,5],"class_list":["post-348","post","type-post","status-publish","format-standard","has-post-thumbnail","hentry","category-rio-grande","category-tierra-del-fuego","tag-rio-grande","tag-tierra-del-fuego"],"featured_image_urls":{"full":["https:\/\/opinionpublica.com.ar\/index\/wp-content\/uploads\/2024\/03\/electrofueguina.jpg",256,197,false],"thumbnail":["https:\/\/opinionpublica.com.ar\/index\/wp-content\/uploads\/2024\/03\/electrofueguina-150x150.jpg",150,150,true],"medium":["https:\/\/opinionpublica.com.ar\/index\/wp-content\/uploads\/2024\/03\/electrofueguina.jpg",256,197,false],"medium_large":["https:\/\/opinionpublica.com.ar\/index\/wp-content\/uploads\/2024\/03\/electrofueguina.jpg",256,197,false],"large":["https:\/\/opinionpublica.com.ar\/index\/wp-content\/uploads\/2024\/03\/electrofueguina.jpg",256,197,false],"1536x1536":["https:\/\/opinionpublica.com.ar\/index\/wp-content\/uploads\/2024\/03\/electrofueguina.jpg",256,197,false],"2048x2048":["https:\/\/opinionpublica.com.ar\/index\/wp-content\/uploads\/2024\/03\/electrofueguina.jpg",256,197,false],"morenews-large":["https:\/\/opinionpublica.com.ar\/index\/wp-content\/uploads\/2024\/03\/electrofueguina.jpg",256,197,false],"morenews-medium":["https:\/\/opinionpublica.com.ar\/index\/wp-content\/uploads\/2024\/03\/electrofueguina.jpg",256,197,false]},"author_info":{"display_name":"l0013136","author_link":"https:\/\/opinionpublica.com.ar\/index\/author\/l0013136\/"},"category_info":"<a href=\"https:\/\/opinionpublica.com.ar\/index\/category\/rio-grande\/\" rel=\"category tag\">Rio Grande<\/a> <a href=\"https:\/\/opinionpublica.com.ar\/index\/category\/tierra-del-fuego\/\" rel=\"category tag\">Tierra del Fuego<\/a>","tag_info":"Tierra del Fuego","comment_count":"0","_links":{"self":[{"href":"https:\/\/opinionpublica.com.ar\/index\/wp-json\/wp\/v2\/posts\/348","targetHints":{"allow":["GET"]}}],"collection":[{"href":"https:\/\/opinionpublica.com.ar\/index\/wp-json\/wp\/v2\/posts"}],"about":[{"href":"https:\/\/opinionpublica.com.ar\/index\/wp-json\/wp\/v2\/types\/post"}],"author":[{"embeddable":true,"href":"https:\/\/opinionpublica.com.ar\/index\/wp-json\/wp\/v2\/users\/2"}],"replies":[{"embeddable":true,"href":"https:\/\/opinionpublica.com.ar\/index\/wp-json\/wp\/v2\/comments?post=348"}],"version-history":[{"count":1,"href":"https:\/\/opinionpublica.com.ar\/index\/wp-json\/wp\/v2\/posts\/348\/revisions"}],"predecessor-version":[{"id":350,"href":"https:\/\/opinionpublica.com.ar\/index\/wp-json\/wp\/v2\/posts\/348\/revisions\/350"}],"wp:featuredmedia":[{"embeddable":true,"href":"https:\/\/opinionpublica.com.ar\/index\/wp-json\/wp\/v2\/media\/349"}],"wp:attachment":[{"href":"https:\/\/opinionpublica.com.ar\/index\/wp-json\/wp\/v2\/media?parent=348"}],"wp:term":[{"taxonomy":"category","embeddable":true,"href":"https:\/\/opinionpublica.com.ar\/index\/wp-json\/wp\/v2\/categories?post=348"},{"taxonomy":"post_tag","embeddable":true,"href":"https:\/\/opinionpublica.com.ar\/index\/wp-json\/wp\/v2\/tags?post=348"}],"curies":[{"name":"wp","href":"https:\/\/api.w.org\/{rel}","templated":true}]}}