{"id":354,"date":"2024-03-14T02:53:15","date_gmt":"2024-03-14T02:53:15","guid":{"rendered":"https:\/\/opinionpublica.com.ar\/index\/?p=354"},"modified":"2024-03-14T02:53:15","modified_gmt":"2024-03-14T02:53:15","slug":"patagonia-la-inflacion-fue-del-113-en-febrero","status":"publish","type":"post","link":"https:\/\/opinionpublica.com.ar\/index\/patagonia-la-inflacion-fue-del-113-en-febrero\/","title":{"rendered":"Patagonia: la inflaci\u00f3n fue del 11,3 % en febrero"},"content":{"rendered":"<p style=\"text-align: left;\">La Regi\u00f3n Patag\u00f3nica, donde est\u00e1 incluido el conglomerado Ushuaia-R\u00edo Grande, la inflaci\u00f3n de enero se ubic\u00f3 en el 11,3% y result\u00f3 estar 1,9 puntos por debajo de la media nacional que fue del 13,2% seg\u00fan el informe que dio a conocer el INDEC, en el relevamiento mensual del \u00cdndice de Precios al Consumidor.<\/p>\n<p>En el segundo mes del a\u00f1o los grupos que superaron la variaci\u00f3n del nivel general del IPC en la Patagonia fueron Servicios de telefon\u00eda e Internet con una variaci\u00f3n del 25,6% y Tabaco con el 24,7%. En el otro extremo se ubicaron Funcionamiento de equipos de transporte personal con el 4,2% y Alquiler de la vivienda y gastos conexos con el 4,1%.<\/p>\n<p>Al evaluar lo sucedido el mes pasado, el rubro de mayor impacto fue Comunicaci\u00f3n con una variaci\u00f3n del 24,2%; en tanto que el de menor incidencia result\u00f3 ser Educaci\u00f3n 8,2%.<\/p>\n<p>Los dem\u00e1s rubros tuvieron el siguiente comportamiento: Alimentos y Bebidas no alcoh\u00f3licas 9,7%; Bebidas alcoh\u00f3licas y tabaco 19,8%; Prendas de vestir y calzado 9,2%; Vivienda, agua, electricidad, gas y otros combustibles 14,7%; Equipamiento y mantenimiento del hogar 10,6%; Salud 12,4%; Transporte 11,2%; Recreaci\u00f3n y cultura 8,3%; Restaurante y hoteles 10,9% y Bienes y servicios varios 22,0%<\/p>\n<p>En relaci\u00f3n a Alimentos la variaci\u00f3n fue del 8,9%; seg\u00fan el siguiente detalle: Pan y cereales 10,3%; Carnes y derivados 4,7%; Leche, productos l\u00e1cteos y huevos 15,3%; Aceites, grasas y manteca 11,1%; Frutas 13,5%; Verduras, tub\u00e9rculos y legumbres 7,2% y Az\u00facar, dulces, chocolate, golosinas, etc. 7,5%.<\/p>\n","protected":false},"excerpt":{"rendered":"<p>La Regi\u00f3n Patag\u00f3nica, donde est\u00e1 incluido el conglomerado Ushuaia-R\u00edo Grande, la inflaci\u00f3n de enero se ubic\u00f3 en el<\/p>\n","protected":false},"author":2,"featured_media":355,"comment_status":"open","ping_status":"open","sticky":false,"template":"","format":"standard","meta":{"footnotes":""},"categories":[3,2],"tags":[16,5],"class_list":["post-354","post","type-post","status-publish","format-standard","has-post-thumbnail","hentry","category-nacionales","category-tierra-del-fuego","tag-nacionales","tag-tierra-del-fuego"],"featured_image_urls":{"full":["https:\/\/opinionpublica.com.ar\/index\/wp-content\/uploads\/2024\/03\/inflacion.jpeg",300,168,false],"thumbnail":["https:\/\/opinionpublica.com.ar\/index\/wp-content\/uploads\/2024\/03\/inflacion-150x150.jpeg",150,150,true],"medium":["https:\/\/opinionpublica.com.ar\/index\/wp-content\/uploads\/2024\/03\/inflacion.jpeg",300,168,false],"medium_large":["https:\/\/opinionpublica.com.ar\/index\/wp-content\/uploads\/2024\/03\/inflacion.jpeg",300,168,false],"large":["https:\/\/opinionpublica.com.ar\/index\/wp-content\/uploads\/2024\/03\/inflacion.jpeg",300,168,false],"1536x1536":["https:\/\/opinionpublica.com.ar\/index\/wp-content\/uploads\/2024\/03\/inflacion.jpeg",300,168,false],"2048x2048":["https:\/\/opinionpublica.com.ar\/index\/wp-content\/uploads\/2024\/03\/inflacion.jpeg",300,168,false],"morenews-large":["https:\/\/opinionpublica.com.ar\/index\/wp-content\/uploads\/2024\/03\/inflacion.jpeg",300,168,false],"morenews-medium":["https:\/\/opinionpublica.com.ar\/index\/wp-content\/uploads\/2024\/03\/inflacion.jpeg",300,168,false]},"author_info":{"display_name":"l0013136","author_link":"https:\/\/opinionpublica.com.ar\/index\/author\/l0013136\/"},"category_info":"<a href=\"https:\/\/opinionpublica.com.ar\/index\/category\/nacionales\/\" rel=\"category tag\">Nacionales<\/a> <a href=\"https:\/\/opinionpublica.com.ar\/index\/category\/tierra-del-fuego\/\" rel=\"category tag\">Tierra del Fuego<\/a>","tag_info":"Tierra del Fuego","comment_count":"0","_links":{"self":[{"href":"https:\/\/opinionpublica.com.ar\/index\/wp-json\/wp\/v2\/posts\/354","targetHints":{"allow":["GET"]}}],"collection":[{"href":"https:\/\/opinionpublica.com.ar\/index\/wp-json\/wp\/v2\/posts"}],"about":[{"href":"https:\/\/opinionpublica.com.ar\/index\/wp-json\/wp\/v2\/types\/post"}],"author":[{"embeddable":true,"href":"https:\/\/opinionpublica.com.ar\/index\/wp-json\/wp\/v2\/users\/2"}],"replies":[{"embeddable":true,"href":"https:\/\/opinionpublica.com.ar\/index\/wp-json\/wp\/v2\/comments?post=354"}],"version-history":[{"count":1,"href":"https:\/\/opinionpublica.com.ar\/index\/wp-json\/wp\/v2\/posts\/354\/revisions"}],"predecessor-version":[{"id":356,"href":"https:\/\/opinionpublica.com.ar\/index\/wp-json\/wp\/v2\/posts\/354\/revisions\/356"}],"wp:featuredmedia":[{"embeddable":true,"href":"https:\/\/opinionpublica.com.ar\/index\/wp-json\/wp\/v2\/media\/355"}],"wp:attachment":[{"href":"https:\/\/opinionpublica.com.ar\/index\/wp-json\/wp\/v2\/media?parent=354"}],"wp:term":[{"taxonomy":"category","embeddable":true,"href":"https:\/\/opinionpublica.com.ar\/index\/wp-json\/wp\/v2\/categories?post=354"},{"taxonomy":"post_tag","embeddable":true,"href":"https:\/\/opinionpublica.com.ar\/index\/wp-json\/wp\/v2\/tags?post=354"}],"curies":[{"name":"wp","href":"https:\/\/api.w.org\/{rel}","templated":true}]}}