{"id":3581,"date":"2024-06-04T10:52:09","date_gmt":"2024-06-04T13:52:09","guid":{"rendered":"https:\/\/opinionpublica.com.ar\/index\/?p=3581"},"modified":"2024-06-04T10:52:09","modified_gmt":"2024-06-04T13:52:09","slug":"de-pronto-el-gobierno-de-milei-paso-a-la-defensiva","status":"publish","type":"post","link":"https:\/\/opinionpublica.com.ar\/index\/de-pronto-el-gobierno-de-milei-paso-a-la-defensiva\/","title":{"rendered":"De pronto, el gobierno de Milei pas\u00f3 a la defensiva"},"content":{"rendered":"<div>\n<nav>La inexperiencia en la gesti\u00f3n p\u00fablica fue vista como un activo del oficialismo frente a los vicios de la dirigencia tradicional; el esc\u00e1ndalo en el Ministerio de Capital Humano replantea esa tesitura<\/p>\n<p><a href=\"https:\/\/opinionpublica.com.ar\/index\/wp-content\/uploads\/2024\/03\/milei-villarrueljpg.webp\"><img fetchpriority=\"high\" decoding=\"async\" class=\"alignnone size-full wp-image-558\" src=\"https:\/\/opinionpublica.com.ar\/index\/wp-content\/uploads\/2024\/03\/milei-villarrueljpg.webp\" alt=\"\" width=\"655\" height=\"368\" srcset=\"https:\/\/opinionpublica.com.ar\/index\/wp-content\/uploads\/2024\/03\/milei-villarrueljpg.webp 655w, https:\/\/opinionpublica.com.ar\/index\/wp-content\/uploads\/2024\/03\/milei-villarrueljpg-300x169.webp 300w\" sizes=\"(max-width: 655px) 100vw, 655px\" \/><\/a><\/p>\n<\/nav>\n<\/div>\n<p><main id=\"content\" class=\"--header-fixed-margin\"><\/p>\n<div class=\"lay-sidebar\">\n<div class=\"sidebar__main\">\n<section class=\"cuerpo__nota\" data-mrf-recirculation=\"n_links\">\n<div class=\"row\">\n<div>\n<div>\n<div>\n<div id=\"v-share\">\n<div><\/div>\n<\/div>\n<\/div>\n<\/div>\n<\/div>\n<div class=\"col-deskxl-10 offset-deskxl-1 col-desksm-11\">\n<div class=\"row\">\n<div class=\"col-12\">\n<div id=\"audio-player-desktop\"><button id=\"btnAudioDesktop\" title=\"Escuchar nota\" type=\"button\" data-section=\"Escuchar Nota\" data-event=\"LinkClick\" data-variant=\"primary\"><\/button>A escasos d\u00edas de cumplirse seis meses desde que Javier Milei\u00a0asumi\u00f3 la presidencia de la Naci\u00f3n, su gobierno puede exhibir\u00a0no pocos logros en materia econ\u00f3mica y un innegable d\u00e9ficit en t\u00e9rminos pol\u00edticos, cuya principal evidencia ha sido la expulsi\u00f3n de\u00a0Nicol\u00e1s Posse\u00a0de la Jefatura de Gabinete y su reemplazo por alguien con mayor experiencia pol\u00edtica como\u00a0Guillermo Francos.<\/div>\n<p>Aun cuando para buena parte de la opini\u00f3n p\u00fablica la\u00a0inexperiencia que transmiten Milei y algunos de sus principales colaboradores pueda ser vista como un activo, alejado de las pr\u00e1cticas corruptas que han caracterizado a la dirigencia pol\u00edtica tradicional, los errores de estrategia y de praxis pol\u00edtica del Gobierno no solo trasladan dudas sobre la sustentabilidad de la pol\u00edtica econ\u00f3mica, sino que nutren de argumentos a un discurso opositor que, principalmente desde las usinas kirchneristas, apunta a persuadir a la sociedad de que el sacrificio de la gente no servir\u00e1 para nada y de que la gesti\u00f3n de Milei terminar\u00e1 horriblemente mal.<\/p>\n<p>&nbsp;<\/p>\n<p>El Gobierno, con la ministra de Capital Humano,\u00a0Sandra Pettovello, a la cabeza, debi\u00f3 pasar en menos de diez d\u00edas\u00a0de una eficaz ofensiva contra los \u201cgerentes de la pobreza\u201d a una posici\u00f3n defensiva\u00a0por el esc\u00e1ndalo derivado de la existencia de dep\u00f3sitos repletos de alimentos retenidos a punto de vencer, al que sigui\u00f3 el despido del secretario de Ni\u00f1ez, Adolescencia y Familia,\u00a0Pablo de la Torre. De igual gravedad es el internismo desatado en el seno del ministerio y la sospecha de que contratos con la Organizaci\u00f3n de Estados Iberoamericanos escond\u00edan una\u00a0caja pol\u00edtica que inclu\u00eda el pago de sobresueldos a funcionarios, que ha sido denunciada ante la\u00a0Oficina Anticorrupci\u00f3n\u00a0y la Justicia por el propio\u00a0Ministerio de Capital Humano.<\/p>\n<p>No es poco lo que ha conseguido el Gobierno en seis meses, pese a su situaci\u00f3n hiperminoritaria en el Congreso de la Naci\u00f3n, donde hasta el momento no ha podido obtener la sanci\u00f3n de ninguna ley. En tal sentido, ha logrado un super\u00e1vit fiscal financiero durante cinco meses consecutivos, si se confirman las proyecciones del ministro\u00a0Luis Caputo\u00a0para mayo; la desaceleraci\u00f3n de la inflaci\u00f3n, con la ilusi\u00f3n de que mayo haya concluido con un alza no mayor al 5%, luego de que el \u00edndice mayorista de abril alcanzar un aumento de solo el 3,4%; el saneamiento parcial del Banco Central, con un incremento de las reservas y una baja de las tasas de inter\u00e9s, adem\u00e1s de la reaparici\u00f3n de los cr\u00e9ditos hipotecarios.<\/p>\n<p>\u201cPasamos de discutir si \u00edbamos a la hiperinflaci\u00f3n a hablar de cr\u00e9ditos hipotecarios\u201d, se jacta el presidente de la Naci\u00f3n.<\/p>\n<p>Las encuestas de opini\u00f3n p\u00fablica lo avalan. La palabra\u00a0\u201cesperanza\u201d\u00a0ha sido la m\u00e1s mencionada frente a la pregunta acerca de qu\u00e9 emoci\u00f3n produce la situaci\u00f3n actual de la Argentina formulada en el \u00faltimo sondeo de la consultora\u00a0Giacobbe y Asociados, llevado a cabo desde el 20 hasta el 24 de mayo entre 2500 personas consultadas en el orden nacional a trav\u00e9s de dispositivos m\u00f3viles. Mucho m\u00e1s atr\u00e1s figuran las palabras \u201ctristeza\u201d y \u201cbronca\u201d.<\/p>\n<p>El mismo relevamiento se\u00f1ala que, en cuanto a la sensaci\u00f3n econ\u00f3mica,\u00a0el 57,3% de la poblaci\u00f3n cree que \u201clo peor ya pas\u00f3\u201d, frente al 42% que cree que \u201clo peor est\u00e1 por venir\u201d.<\/p>\n<div>\n<section role=\"button\">\n<figure role=\"button\">\n<div><a href=\"https:\/\/opinionpublica.com.ar\/index\/wp-content\/uploads\/2024\/06\/milei-francos.avif\"><img decoding=\"async\" class=\"alignnone size-full wp-image-3582\" src=\"https:\/\/opinionpublica.com.ar\/index\/wp-content\/uploads\/2024\/06\/milei-francos.avif\" alt=\"\" width=\"780\" height=\"521\" \/><\/a><\/div><figcaption><\/figcaption><\/figure>\n<\/section>\n<\/div>\n<p>Un indicador de que la opini\u00f3n p\u00fablica se sostiene en la esperanza lo ofrece tambi\u00e9n un reciente estudio de la consultora\u00a0Poliarqu\u00eda, seg\u00fan el cual\u00a0mientras en diciembre \u00faltimo el 84% de la poblaci\u00f3n ve\u00eda algo parecido a una hiperinflaci\u00f3n, hoy ese porcentaje ha ca\u00eddo dr\u00e1sticamente hasta el 24%. Del mismo modo, el 44% de las personas consultadas creen que la inflaci\u00f3n va a seguir bajando.<\/p>\n<p>Paralelamente,\u00a0la imagen positiva de Milei pas\u00f3 del 52,4% en abril al 58,7% en mayo, seg\u00fan Giacobbe. Tal porcentaje contrasta con el obtenido por las principales figuras de la oposici\u00f3n peronista:\u00a0Axel Kicillof\u00a0queda relegado con el 25,4% de opiniones favorables; m\u00e1s atr\u00e1s se encuentra\u00a0Cristina Kirchner, con el 20%, y mucho m\u00e1s atr\u00e1s,\u00a0Sergio Massa, con el 12,6%, y\u00a0M\u00e1ximo Kirchner, con el 8,7% de imagen positiva.<\/p>\n<p>Es cierto que los propios logros del programa econ\u00f3mico gubernamental ofrecen igualmente dudas. Por ejemplo, si el super\u00e1vit fiscal que se exhibe como un trofeo no puede ser el resultado de que se vienen difiriendo pagos del Estado, si la acumulaci\u00f3n de reservas no puede darse porque continuamos teniendo un cepo cambiario y restricciones a las importaciones, si la ca\u00edda del riesgo pa\u00eds es sustentable con un proceso de reformas que a\u00fan no ha podido avanzar y si la desaceleraci\u00f3n de la inflaci\u00f3n no es producto de un escenario signado por la recesi\u00f3n.<\/p>\n<p>Pero lo m\u00e1s complejo del primer semestre de Milei como primer mandatario ha pasado por el plano pol\u00edtico. Y, en ese sentido, se combinan dos tipos de inexperiencias: la falta de experiencia en t\u00e9rminos de relacionarse con otros sectores pol\u00edticos y buscar consensos y acuerdos en la toma de decisiones, y la inexperiencia en la gesti\u00f3n p\u00fablica propiamente dicha. Estas dos inexperiencias pusieron de manifiesto el\u00a0d\u00e9ficit pol\u00edtico de un gobierno que pec\u00f3 de ambicioso e intransigente en el comienzo de su mandato y no pudo sacar las leyes que necesitaba.<\/p>\n<p><a href=\"https:\/\/opinionpublica.com.ar\/index\/wp-content\/uploads\/2024\/03\/hermanos-smilei-749x561-1.webp\"><img decoding=\"async\" class=\"alignnone size-full wp-image-638\" src=\"https:\/\/opinionpublica.com.ar\/index\/wp-content\/uploads\/2024\/03\/hermanos-smilei-749x561-1.webp\" alt=\"\" width=\"749\" height=\"561\" srcset=\"https:\/\/opinionpublica.com.ar\/index\/wp-content\/uploads\/2024\/03\/hermanos-smilei-749x561-1.webp 749w, https:\/\/opinionpublica.com.ar\/index\/wp-content\/uploads\/2024\/03\/hermanos-smilei-749x561-1-300x225.webp 300w\" sizes=\"(max-width: 749px) 100vw, 749px\" \/><\/a><\/p>\n<p>As\u00ed, como lo plantea el director de la consultora\u00a0Synopsis,\u00a0Lucas Romero, el problema de Milei es que se ha desperdiciado mucho tiempo y la econom\u00eda sigue estando en terapia intensiva, aunque la crisis parecer\u00eda volverse asintom\u00e1tica. \u201cLa opini\u00f3n p\u00fablica o, en t\u00e9rminos de una met\u00e1fora m\u00e9dica, los familiares del paciente, pueden empezar a impacientarse porque ven que pasa el tiempo y el paciente todav\u00eda no camina. Quiz\u00e1s vayan minimizando el hecho de que el paciente est\u00e1 a\u00fan en terapia intensiva, al tiempo que Milei no pueda transmitir eso con claridad. Y en la medida que eso se torne asintom\u00e1tico, los familiares del paciente podr\u00edan virar hacia una mirada cr\u00edtica y empezar a descreer que efectivamente el equipo m\u00e9dico podr\u00e1 sacar al paciente de la terapia intensiva y hacerlo caminar\u201d, afirma Romero.<\/p>\n<p>La llegada de Francos a la Jefatura de Gabinete materializa los anteriores errores de dise\u00f1o del gabinete, al tiempo que el\u00a0esc\u00e1ndalo que ha rodeado al Ministerio de Capital Humano, m\u00e1s all\u00e1 del firme apoyo que le reiter\u00f3 el Presidente a\u00a0Sandra Pettovello, es demostrativo de que podr\u00edamos estar ante una estructura tan gigantesca como inmanejable para alguien sin experiencia en la gesti\u00f3n p\u00fablica que debe velar por \u00e1reas tan dis\u00edmiles como Trabajo, Desarrollo Social y Educaci\u00f3n y Cultura.<\/p>\n<p>As\u00ed como\u00a0Federico Sturzenegger\u00a0y sus ambiciosos planes desregulatorios representan lo que Milei quisiera hacer, Francos representa lo que el Presidente puede hacer. La designaci\u00f3n del exministro del Interior al frente del lugar m\u00e1s importante del equipo de gobierno trasluce que\u00a0Milei es consciente de lo que adolece: una adecuada gesti\u00f3n pol\u00edtica.<\/p>\n<div>\n<div>\n<section>\n<div><\/div>\n<\/section>\n<\/div>\n<\/div>\n<div class=\"row\">\n<div class=\"col-12\">\n<section role=\"contentinfo\">\n<h3><\/h3>\n<\/section>\n<section class=\"mod-themes \"><\/section>\n<\/div>\n<\/div>\n<\/div>\n<\/div>\n<\/div>\n<\/div>\n<\/section>\n<\/div>\n<\/div>\n<p><\/main><\/p>\n","protected":false},"excerpt":{"rendered":"<p>La inexperiencia en la gesti\u00f3n p\u00fablica fue vista como un activo del oficialismo frente a los vicios de<\/p>\n","protected":false},"author":8,"featured_media":2349,"comment_status":"open","ping_status":"open","sticky":false,"template":"","format":"standard","meta":{"footnotes":""},"categories":[3],"tags":[1335,1337,1336,453,1338,692,35,431],"class_list":["post-3581","post","type-post","status-publish","format-standard","has-post-thumbnail","hentry","category-nacionales","tag-actualidad","tag-corrupcion-en-la-argentina","tag-federico-sturzenegger","tag-guillermo-francos","tag-inflacion-y-precios","tag-javier-milei","tag-politica","tag-sandra-pettovello"],"featured_image_urls":{"full":["https:\/\/opinionpublica.com.ar\/index\/wp-content\/uploads\/2024\/04\/Sandra-Pettovello-milei.jpg",1280,720,false],"thumbnail":["https:\/\/opinionpublica.com.ar\/index\/wp-content\/uploads\/2024\/04\/Sandra-Pettovello-milei-150x150.jpg",150,150,true],"medium":["https:\/\/opinionpublica.com.ar\/index\/wp-content\/uploads\/2024\/04\/Sandra-Pettovello-milei-300x169.jpg",300,169,true],"medium_large":["https:\/\/opinionpublica.com.ar\/index\/wp-content\/uploads\/2024\/04\/Sandra-Pettovello-milei-768x432.jpg",640,360,true],"large":["https:\/\/opinionpublica.com.ar\/index\/wp-content\/uploads\/2024\/04\/Sandra-Pettovello-milei-1024x576.jpg",640,360,true],"1536x1536":["https:\/\/opinionpublica.com.ar\/index\/wp-content\/uploads\/2024\/04\/Sandra-Pettovello-milei.jpg",1280,720,false],"2048x2048":["https:\/\/opinionpublica.com.ar\/index\/wp-content\/uploads\/2024\/04\/Sandra-Pettovello-milei.jpg",1280,720,false],"morenews-large":["https:\/\/opinionpublica.com.ar\/index\/wp-content\/uploads\/2024\/04\/Sandra-Pettovello-milei-825x575.jpg",825,575,true],"morenews-medium":["https:\/\/opinionpublica.com.ar\/index\/wp-content\/uploads\/2024\/04\/Sandra-Pettovello-milei-590x410.jpg",590,410,true]},"author_info":{"display_name":"RKing","author_link":"https:\/\/opinionpublica.com.ar\/index\/author\/rking\/"},"category_info":"<a href=\"https:\/\/opinionpublica.com.ar\/index\/category\/nacionales\/\" rel=\"category tag\">Nacionales<\/a>","tag_info":"Nacionales","comment_count":"0","_links":{"self":[{"href":"https:\/\/opinionpublica.com.ar\/index\/wp-json\/wp\/v2\/posts\/3581","targetHints":{"allow":["GET"]}}],"collection":[{"href":"https:\/\/opinionpublica.com.ar\/index\/wp-json\/wp\/v2\/posts"}],"about":[{"href":"https:\/\/opinionpublica.com.ar\/index\/wp-json\/wp\/v2\/types\/post"}],"author":[{"embeddable":true,"href":"https:\/\/opinionpublica.com.ar\/index\/wp-json\/wp\/v2\/users\/8"}],"replies":[{"embeddable":true,"href":"https:\/\/opinionpublica.com.ar\/index\/wp-json\/wp\/v2\/comments?post=3581"}],"version-history":[{"count":2,"href":"https:\/\/opinionpublica.com.ar\/index\/wp-json\/wp\/v2\/posts\/3581\/revisions"}],"predecessor-version":[{"id":3584,"href":"https:\/\/opinionpublica.com.ar\/index\/wp-json\/wp\/v2\/posts\/3581\/revisions\/3584"}],"wp:featuredmedia":[{"embeddable":true,"href":"https:\/\/opinionpublica.com.ar\/index\/wp-json\/wp\/v2\/media\/2349"}],"wp:attachment":[{"href":"https:\/\/opinionpublica.com.ar\/index\/wp-json\/wp\/v2\/media?parent=3581"}],"wp:term":[{"taxonomy":"category","embeddable":true,"href":"https:\/\/opinionpublica.com.ar\/index\/wp-json\/wp\/v2\/categories?post=3581"},{"taxonomy":"post_tag","embeddable":true,"href":"https:\/\/opinionpublica.com.ar\/index\/wp-json\/wp\/v2\/tags?post=3581"}],"curies":[{"name":"wp","href":"https:\/\/api.w.org\/{rel}","templated":true}]}}