{"id":360,"date":"2024-03-14T03:38:48","date_gmt":"2024-03-14T03:38:48","guid":{"rendered":"https:\/\/opinionpublica.com.ar\/index\/?p=360"},"modified":"2024-03-14T03:38:48","modified_gmt":"2024-03-14T03:38:48","slug":"river-supercampeon-del-futbol-argentino","status":"publish","type":"post","link":"https:\/\/opinionpublica.com.ar\/index\/river-supercampeon-del-futbol-argentino\/","title":{"rendered":"River, supercampe\u00f3n del f\u00fatbol argentino"},"content":{"rendered":"<p>En un inicio de semestre que no est\u00e1 siendo el que todos los hinchas esperaban,\u00a0<strong>River Plate enfrent\u00f3 a Estudiantes de La Plata en el estadio Mario Alberto Kempes y lo derrot\u00f3 por 2-1 en la final de la Supercopa Argentina<\/strong>, coron\u00e1ndose como el nuevo campe\u00f3n del f\u00fatbol argentino.<\/p>\n<p>En la previa se pod\u00eda visualizar que ser\u00eda un partido complicado para el Millonario. Adem\u00e1s de enfrentar a un gran equipo que ten\u00eda como objetivo revalidar su t\u00edtulo de la Copa Argentina, los dirigidos por Mart\u00edn Demichelis deb\u00edan enfrentarse a s\u00ed mismos, ya que hab\u00edan empatado cinco de los \u00faltimos seis encuentros de la Copa de la Liga y necesitaban una victoria que calme las aguas.<\/p>\n<p>A pesar de ello, el conjunto de Eduardo Dom\u00ednguez sali\u00f3 decidido a campeonar y anot\u00f3 el primer gol de la noche a solo tres minutos comenzada la historia de la mano de\u00a0<strong>Javier Correa<\/strong>. El colombiano Edwuin Cetr\u00e9, de buen rendimiento, coloc\u00f3 un preciso centro con su pierda derecha para que el ex delantero de Godoy Cruz conecte la pelota con la cabeza y sobrepase las manos de Franco Armani.<\/p>\n<p>Luego de ser inferior en la primera mitad, el Millonario disput\u00f3 el complemento con la furia necesaria para comerse la cancha. Tras intentar convertir en varias oportunidades,<strong>\u00a0Pablo Solari<\/strong>\u00a0recurri\u00f3 a la fortuna para igualar el marcador. A los 35 minutos, el joven de 22 a\u00f1os pis\u00f3 el \u00e1rea con la intenci\u00f3n de tirar un centro para alguno de sus compa\u00f1eros, pero un desv\u00edo en el defensor Zaid Romero hizo que el bal\u00f3n tome otra direcci\u00f3n y se meta en el arco que defend\u00eda el arquero Mat\u00edas Mansilla.<\/p>\n<p>Con mucho nerviosismo en la tribuna e intensidad en los futbolistas, los de N\u00fa\u00f1ez fueron decidos a ganar el t\u00edtulo. En el tiempo adicional, cuando nadie lo esperaba ni lo ve\u00eda venir,\u00a0<strong>Rodrigo Aliendro<\/strong>\u00a0utiliz\u00f3 toda su jerarqu\u00eda y, como su \u00e9poca en Col\u00f3n de Santa Fe, remat\u00f3 de forma potente al \u00e1ngulo izquierdo del portero pincharrata, convirtiendo un golazo para que se desate la locura en el banco de suplentes de la Banda.<\/p>\n<p>De esta manera, River derrot\u00f3 a Estudiantes con mucha actitud y se convirti\u00f3 en el primer campe\u00f3n argentino del a\u00f1o. Con este trofeo, Demichelis alcanz\u00f3 los tres t\u00edtulos como entrenador y estir\u00f3 su palmar\u00e9s con los colores del club de sus amores.<\/p>\n","protected":false},"excerpt":{"rendered":"<p>En un inicio de semestre que no est\u00e1 siendo el que todos los hinchas esperaban,\u00a0River Plate enfrent\u00f3 a<\/p>\n","protected":false},"author":2,"featured_media":361,"comment_status":"open","ping_status":"open","sticky":false,"template":"","format":"standard","meta":{"footnotes":""},"categories":[28,3],"tags":[33,32],"class_list":["post-360","post","type-post","status-publish","format-standard","has-post-thumbnail","hentry","category-deportes","category-nacionales","tag-futbol","tag-rivera-plate"],"featured_image_urls":{"full":["https:\/\/opinionpublica.com.ar\/index\/wp-content\/uploads\/2024\/03\/aliendro-980x653-1.jpg",980,653,false],"thumbnail":["https:\/\/opinionpublica.com.ar\/index\/wp-content\/uploads\/2024\/03\/aliendro-980x653-1-150x150.jpg",150,150,true],"medium":["https:\/\/opinionpublica.com.ar\/index\/wp-content\/uploads\/2024\/03\/aliendro-980x653-1-300x200.jpg",300,200,true],"medium_large":["https:\/\/opinionpublica.com.ar\/index\/wp-content\/uploads\/2024\/03\/aliendro-980x653-1-768x512.jpg",640,427,true],"large":["https:\/\/opinionpublica.com.ar\/index\/wp-content\/uploads\/2024\/03\/aliendro-980x653-1.jpg",640,426,false],"1536x1536":["https:\/\/opinionpublica.com.ar\/index\/wp-content\/uploads\/2024\/03\/aliendro-980x653-1.jpg",980,653,false],"2048x2048":["https:\/\/opinionpublica.com.ar\/index\/wp-content\/uploads\/2024\/03\/aliendro-980x653-1.jpg",980,653,false],"morenews-large":["https:\/\/opinionpublica.com.ar\/index\/wp-content\/uploads\/2024\/03\/aliendro-980x653-1-825x575.jpg",825,575,true],"morenews-medium":["https:\/\/opinionpublica.com.ar\/index\/wp-content\/uploads\/2024\/03\/aliendro-980x653-1-590x410.jpg",590,410,true]},"author_info":{"display_name":"l0013136","author_link":"https:\/\/opinionpublica.com.ar\/index\/author\/l0013136\/"},"category_info":"<a href=\"https:\/\/opinionpublica.com.ar\/index\/category\/deportes\/\" rel=\"category tag\">Deportes<\/a> <a href=\"https:\/\/opinionpublica.com.ar\/index\/category\/nacionales\/\" rel=\"category tag\">Nacionales<\/a>","tag_info":"Nacionales","comment_count":"0","_links":{"self":[{"href":"https:\/\/opinionpublica.com.ar\/index\/wp-json\/wp\/v2\/posts\/360","targetHints":{"allow":["GET"]}}],"collection":[{"href":"https:\/\/opinionpublica.com.ar\/index\/wp-json\/wp\/v2\/posts"}],"about":[{"href":"https:\/\/opinionpublica.com.ar\/index\/wp-json\/wp\/v2\/types\/post"}],"author":[{"embeddable":true,"href":"https:\/\/opinionpublica.com.ar\/index\/wp-json\/wp\/v2\/users\/2"}],"replies":[{"embeddable":true,"href":"https:\/\/opinionpublica.com.ar\/index\/wp-json\/wp\/v2\/comments?post=360"}],"version-history":[{"count":1,"href":"https:\/\/opinionpublica.com.ar\/index\/wp-json\/wp\/v2\/posts\/360\/revisions"}],"predecessor-version":[{"id":362,"href":"https:\/\/opinionpublica.com.ar\/index\/wp-json\/wp\/v2\/posts\/360\/revisions\/362"}],"wp:featuredmedia":[{"embeddable":true,"href":"https:\/\/opinionpublica.com.ar\/index\/wp-json\/wp\/v2\/media\/361"}],"wp:attachment":[{"href":"https:\/\/opinionpublica.com.ar\/index\/wp-json\/wp\/v2\/media?parent=360"}],"wp:term":[{"taxonomy":"category","embeddable":true,"href":"https:\/\/opinionpublica.com.ar\/index\/wp-json\/wp\/v2\/categories?post=360"},{"taxonomy":"post_tag","embeddable":true,"href":"https:\/\/opinionpublica.com.ar\/index\/wp-json\/wp\/v2\/tags?post=360"}],"curies":[{"name":"wp","href":"https:\/\/api.w.org\/{rel}","templated":true}]}}