{"id":3611,"date":"2024-06-05T12:42:18","date_gmt":"2024-06-05T15:42:18","guid":{"rendered":"https:\/\/opinionpublica.com.ar\/index\/?p=3611"},"modified":"2024-06-05T12:42:18","modified_gmt":"2024-06-05T15:42:18","slug":"el-recorte-de-obras-nacionales-freno-un-proyecto-ambiental-vital-para-rio-grande","status":"publish","type":"post","link":"https:\/\/opinionpublica.com.ar\/index\/el-recorte-de-obras-nacionales-freno-un-proyecto-ambiental-vital-para-rio-grande\/","title":{"rendered":"El recorte de obras nacionales fren\u00f3 un proyecto ambiental vital para R\u00edo Grande"},"content":{"rendered":"<header class=\"entry-header\">\n<p class=\"entry-title\"><strong><span style=\"font-size: 16px;\">Se trata del proyecto de entubado del Canal Islas Malvinas, cuya construcci\u00f3n beneficiar\u00e1 a m\u00e1s de 40,000 vecinos. Es una de las 10 obras paralizadas que el municipio reclama al gobierno de Javier Milei.<\/span><\/strong><\/p>\n<p><a href=\"https:\/\/opinionpublica.com.ar\/index\/wp-content\/uploads\/2024\/06\/rio-grande-obra-ambiental-1.webp\"><img fetchpriority=\"high\" decoding=\"async\" class=\"alignnone size-full wp-image-3612\" src=\"https:\/\/opinionpublica.com.ar\/index\/wp-content\/uploads\/2024\/06\/rio-grande-obra-ambiental-1.webp\" alt=\"\" width=\"1200\" height=\"799\" srcset=\"https:\/\/opinionpublica.com.ar\/index\/wp-content\/uploads\/2024\/06\/rio-grande-obra-ambiental-1.webp 1200w, https:\/\/opinionpublica.com.ar\/index\/wp-content\/uploads\/2024\/06\/rio-grande-obra-ambiental-1-300x200.webp 300w, https:\/\/opinionpublica.com.ar\/index\/wp-content\/uploads\/2024\/06\/rio-grande-obra-ambiental-1-1024x682.webp 1024w, https:\/\/opinionpublica.com.ar\/index\/wp-content\/uploads\/2024\/06\/rio-grande-obra-ambiental-1-768x511.webp 768w\" sizes=\"(max-width: 1200px) 100vw, 1200px\" \/><\/a><\/p>\n<\/header>\n<div class=\"entry-content\">\n<p>El proyecto de \u201cEntubado del Canal Islas Malvinas\u201d se encuentra dentro de las pol\u00edticas ambientales que promueve el intendente Mart\u00edn Perez y tiene como objetivo mejorar el sistema pluvial de los barrios Malvinas Argentinas, De las Aves, Chacras 8 y 9; y aleda\u00f1os.<\/p>\n<p>&nbsp;<\/p>\n<p>Es un entubado que tiene una extensi\u00f3n de 3000 metros y va desde el Monumento a La Trucha hasta la calle del Cabo Domingo.<\/p>\n<p>La obra, adem\u00e1s de buscar mejorar la calidad del aire de la ciudad, tiene prevista una segunda etapa que es transformar el espacio p\u00fablico sumando una nueva bicisenda y paseo urbano para el esparcimiento al aire libre y mayor conectividad entre los barrios.<\/p>\n<p>En la actualidad se encuentra en un estado de ejecuci\u00f3n del 22%. La secretaria de Obras y Servicios P\u00fablicos, Silvina M\u00f3naco, explic\u00f3 que \u201ces una obra financiada \u00edntegramente por el Gobierno nacional. Nosotros lo que hac\u00edamos era administrar la ejecuci\u00f3n y el control de la obra; pero los aportes son s\u00f3lo nacionales\u201d.<\/p>\n<p>M\u00f3naco record\u00f3 que cuando se licit\u00f3 el proyecto, a trav\u00e9s de la Secretar\u00eda de Infraestructura y Pol\u00edtica H\u00eddrica, durante el Gobierno nacional de Alberto Fern\u00e1ndez en el a\u00f1o 2022, ten\u00eda un costo original de 1200 millones de pesos. \u201cUn valor que hoy ya no es el mismo y en cuestiones financieras excede al presupuesto del municipio para poder continuarla\u201d.<\/p>\n<p>M\u00f3naco aclar\u00f3: \u201cNo hemos tenido ninguna directiva del Gobierno nacional sobre su continuidad, estamos sin un canal de comunicaci\u00f3n sobre cu\u00e1l ser\u00e1 su destino\u201d.<\/p>\n<\/div>\n<footer class=\"entry-meta\"><\/footer>\n","protected":false},"excerpt":{"rendered":"<p>Se trata del proyecto de entubado del Canal Islas Malvinas, cuya construcci\u00f3n beneficiar\u00e1 a m\u00e1s de 40,000 vecinos.<\/p>\n","protected":false},"author":8,"featured_media":3614,"comment_status":"open","ping_status":"open","sticky":false,"template":"","format":"standard","meta":{"footnotes":""},"categories":[25],"tags":[1355,1356,1357,1358,346,7,5],"class_list":["post-3611","post","type-post","status-publish","format-standard","has-post-thumbnail","hentry","category-rio-grande","tag-canal-islas-malvinas","tag-entubado","tag-obras-nacionales","tag-proyecto-ambiental","tag-recorte","tag-rio-grande","tag-tierra-del-fuego"],"featured_image_urls":{"full":["https:\/\/opinionpublica.com.ar\/index\/wp-content\/uploads\/2024\/06\/obra-rio-grande.jpg",880,586,false],"thumbnail":["https:\/\/opinionpublica.com.ar\/index\/wp-content\/uploads\/2024\/06\/obra-rio-grande-150x150.jpg",150,150,true],"medium":["https:\/\/opinionpublica.com.ar\/index\/wp-content\/uploads\/2024\/06\/obra-rio-grande-300x200.jpg",300,200,true],"medium_large":["https:\/\/opinionpublica.com.ar\/index\/wp-content\/uploads\/2024\/06\/obra-rio-grande-768x511.jpg",640,426,true],"large":["https:\/\/opinionpublica.com.ar\/index\/wp-content\/uploads\/2024\/06\/obra-rio-grande.jpg",640,426,false],"1536x1536":["https:\/\/opinionpublica.com.ar\/index\/wp-content\/uploads\/2024\/06\/obra-rio-grande.jpg",880,586,false],"2048x2048":["https:\/\/opinionpublica.com.ar\/index\/wp-content\/uploads\/2024\/06\/obra-rio-grande.jpg",880,586,false],"morenews-large":["https:\/\/opinionpublica.com.ar\/index\/wp-content\/uploads\/2024\/06\/obra-rio-grande-825x575.jpg",825,575,true],"morenews-medium":["https:\/\/opinionpublica.com.ar\/index\/wp-content\/uploads\/2024\/06\/obra-rio-grande-590x410.jpg",590,410,true]},"author_info":{"display_name":"RKing","author_link":"https:\/\/opinionpublica.com.ar\/index\/author\/rking\/"},"category_info":"<a href=\"https:\/\/opinionpublica.com.ar\/index\/category\/rio-grande\/\" rel=\"category tag\">Rio Grande<\/a>","tag_info":"Rio Grande","comment_count":"0","_links":{"self":[{"href":"https:\/\/opinionpublica.com.ar\/index\/wp-json\/wp\/v2\/posts\/3611","targetHints":{"allow":["GET"]}}],"collection":[{"href":"https:\/\/opinionpublica.com.ar\/index\/wp-json\/wp\/v2\/posts"}],"about":[{"href":"https:\/\/opinionpublica.com.ar\/index\/wp-json\/wp\/v2\/types\/post"}],"author":[{"embeddable":true,"href":"https:\/\/opinionpublica.com.ar\/index\/wp-json\/wp\/v2\/users\/8"}],"replies":[{"embeddable":true,"href":"https:\/\/opinionpublica.com.ar\/index\/wp-json\/wp\/v2\/comments?post=3611"}],"version-history":[{"count":1,"href":"https:\/\/opinionpublica.com.ar\/index\/wp-json\/wp\/v2\/posts\/3611\/revisions"}],"predecessor-version":[{"id":3615,"href":"https:\/\/opinionpublica.com.ar\/index\/wp-json\/wp\/v2\/posts\/3611\/revisions\/3615"}],"wp:featuredmedia":[{"embeddable":true,"href":"https:\/\/opinionpublica.com.ar\/index\/wp-json\/wp\/v2\/media\/3614"}],"wp:attachment":[{"href":"https:\/\/opinionpublica.com.ar\/index\/wp-json\/wp\/v2\/media?parent=3611"}],"wp:term":[{"taxonomy":"category","embeddable":true,"href":"https:\/\/opinionpublica.com.ar\/index\/wp-json\/wp\/v2\/categories?post=3611"},{"taxonomy":"post_tag","embeddable":true,"href":"https:\/\/opinionpublica.com.ar\/index\/wp-json\/wp\/v2\/tags?post=3611"}],"curies":[{"name":"wp","href":"https:\/\/api.w.org\/{rel}","templated":true}]}}