{"id":3633,"date":"2024-06-06T12:26:40","date_gmt":"2024-06-06T15:26:40","guid":{"rendered":"https:\/\/opinionpublica.com.ar\/index\/?p=3633"},"modified":"2024-06-06T12:26:40","modified_gmt":"2024-06-06T15:26:40","slug":"el-diputado-de-loredo-quiere-eliminar-las-exenciones-tributarias-para-darle-a-los-jubilados","status":"publish","type":"post","link":"https:\/\/opinionpublica.com.ar\/index\/el-diputado-de-loredo-quiere-eliminar-las-exenciones-tributarias-para-darle-a-los-jubilados\/","title":{"rendered":"El diputado De Loredo quiere eliminar las exenciones tributarias para darle a los jubilados"},"content":{"rendered":"<section class=\"elementor-section elementor-top-section elementor-element elementor-element-0861e4f elementor-section-boxed elementor-section-height-default elementor-section-height-default\" data-id=\"0861e4f\" data-element_type=\"section\">\n<div class=\"elementor-container elementor-column-gap-default\">\n<div class=\"elementor-row\">\n<div class=\"elementor-column elementor-col-100 elementor-top-column elementor-element elementor-element-43b1334\" data-id=\"43b1334\" data-element_type=\"column\">\n<div class=\"elementor-column-wrap elementor-element-populated\">\n<div class=\"elementor-widget-wrap\">\n<div class=\"elementor-element elementor-element-4e7a5ac elementor-widget elementor-widget-theme-post-title elementor-page-title elementor-widget-heading\" data-id=\"4e7a5ac\" data-element_type=\"widget\" data-widget_type=\"theme-post-title.default\">\n<div class=\"elementor-widget-container\">\n<p class=\"elementor-heading-title elementor-size-default\"><strong><span style=\"font-size: 16px;\">Haciendo gala de una pobreza de recursos intelectuales extrema y de ignorar el sabio refranero popular que no recomienda \u201cdesvestir un santo para vestir otro\u2026\u201d, el diputado cordob\u00e9s Rodrigo De Loredo sorprendi\u00f3 con su propuesta y prendi\u00f3 la mecha de la pol\u00e9mica.<\/span><\/strong><\/p>\n<\/div>\n<\/div>\n<\/div>\n<\/div>\n<\/div>\n<\/div>\n<\/div>\n<\/section>\n<section class=\"elementor-section elementor-top-section elementor-element elementor-element-640466e elementor-section-boxed elementor-section-height-default elementor-section-height-default\" data-id=\"640466e\" data-element_type=\"section\">\n<div class=\"elementor-container elementor-column-gap-default\">\n<div class=\"elementor-row\">\n<div class=\"elementor-column elementor-col-100 elementor-top-column elementor-element elementor-element-2d4a842\" data-id=\"2d4a842\" data-element_type=\"column\">\n<div class=\"elementor-column-wrap elementor-element-populated\">\n<div class=\"elementor-widget-wrap\">\n<div class=\"elementor-element elementor-element-ff1c4ba elementor-widget elementor-widget-theme-post-content\" data-id=\"ff1c4ba\" data-element_type=\"widget\" data-widget_type=\"theme-post-content.default\">\n<div class=\"elementor-widget-container\">\n<p><a href=\"https:\/\/opinionpublica.com.ar\/index\/wp-content\/uploads\/2024\/06\/Rodrigo-de-Loredo.webp\"><img fetchpriority=\"high\" decoding=\"async\" class=\"alignnone size-full wp-image-3635\" src=\"https:\/\/opinionpublica.com.ar\/index\/wp-content\/uploads\/2024\/06\/Rodrigo-de-Loredo.webp\" alt=\"\" width=\"1023\" height=\"682\" srcset=\"https:\/\/opinionpublica.com.ar\/index\/wp-content\/uploads\/2024\/06\/Rodrigo-de-Loredo.webp 1023w, https:\/\/opinionpublica.com.ar\/index\/wp-content\/uploads\/2024\/06\/Rodrigo-de-Loredo-300x200.webp 300w, https:\/\/opinionpublica.com.ar\/index\/wp-content\/uploads\/2024\/06\/Rodrigo-de-Loredo-768x512.webp 768w\" sizes=\"(max-width: 1023px) 100vw, 1023px\" \/><\/a><\/p>\n<p>Si algo hay que reconocerle al diputado nacional Rodrigo Loredo es que es coherente en su animosidad contra Tierra del Fuego a lo largo del tiempo.<br \/>\nYa en enero de este mismo a\u00f1o el cordob\u00e9s se despach\u00f3 con declaraciones en contra de la industria fueguina, a la que tild\u00f3 de simple ensambladora de celulares. Muy lejos de analizar la mano de obra que genera la actividad fabril y el asentamiento de poblaci\u00f3n argentina en el extremo sur del pa\u00eds que ello conlleva, el diputado insisti\u00f3 en que \u2013 a su criterio \u2013 las empresas desarman sus productos para luego rearmarlos en suelo austral.<\/p>\n<p>La \u00faltima joyita intelectual y discursiva del nativo de la tierra de la peperina pudo ser apreciada, en toda la dimensi\u00f3n de su dislate, cuando muy verborr\u00e1gico propuso que se le quite a la provincia m\u00e1s joven del pa\u00eds su sub r\u00e9gimen de exenciones impositivas \u201cpara que los jubilados no se vean afectados y se alcance el equilibrio fiscal\u201d.<br \/>\nCon su caracter\u00edstica postura de hablar agitando el aire con un dedo en alto, De Loredo pronunci\u00f3 un vehemente discurso durante la sesi\u00f3n especial convocada para tratar los proyectos sobre movilidad jubilatoria.<\/p>\n<p>Su disparatada propuesta plantea eliminar las exenciones tributarias que rigen en la Provincia: \u201cAs\u00ed no tendr\u00edamos que afectar las jubilaciones y podr\u00edamos lograr el equilibrio fiscal que busca el Gobierno nacional\u201d \u2013 afirm\u00f3 con la voz tr\u00e9mula de entusiasmo, como si hubiera descubierto la p\u00f3lvora.<\/p>\n<p>Continuando con su culto al ajuste y mimetizado con los colores del Gobierno nacional, pese a que pertenece al partido de la Uni\u00f3n C\u00edvica Radical, De Loredo asegur\u00f3 que \u201cel equilibrio fiscal no se puede obtener sin aumentar tarifas, sin prescindir de \u00e1reas del Estado y sin achicar transferencias a provincias\u201d.<\/p>\n<p>Para rematar y como si se creyera acreedor de un aplauso imaginario de la clase pasiva argentina, dispar\u00f3 sin sonrojarse: \u201cPara no podar los haberes previsionales de nuestros viejos podr\u00edamos trocarlos por el gasto tributario de Tierra del Fuego\u201d.<\/p>\n<p>Con ignorancia supina, De Loredo habl\u00f3 de \u201cgasto\u201d, sin siquiera saber que Tierra del Fuego no le genera desembolsos al pa\u00eds sino que est\u00e1 eximida, por el esp\u00edritu de la Ley 19.640, del pago de ciertos tributos, a modo de incentivo para la radicaci\u00f3n de industrias y de pobladores. En todo caso, dejar de percibir no es lo mismo que gastar. Pero quiz\u00e1s es muy compleja la idea para el radical disertante.<\/p>\n<p>Para terminar, el parlamentario oriundo de la provincia de las sierras y los burros, se autoelogi\u00f3, en un acto de onanismo verbal admirable: \u00abLa propuesta nuestra es de una sensatez y un equilibrio fiscal absoluto y total\u00bb.<br \/>\nDios m\u00edo\u2026<\/p>\n<\/div>\n<\/div>\n<\/div>\n<\/div>\n<\/div>\n<\/div>\n<\/div>\n<\/section>\n","protected":false},"excerpt":{"rendered":"<p>Haciendo gala de una pobreza de recursos intelectuales extrema y de ignorar el sabio refranero popular que no<\/p>\n","protected":false},"author":8,"featured_media":3634,"comment_status":"open","ping_status":"open","sticky":false,"template":"","format":"standard","meta":{"footnotes":""},"categories":[3,2],"tags":[1371,261,750],"class_list":["post-3633","post","type-post","status-publish","format-standard","has-post-thumbnail","hentry","category-nacionales","category-tierra-del-fuego","tag-de-loredo","tag-jubilados","tag-ley-19640"],"featured_image_urls":{"full":["https:\/\/opinionpublica.com.ar\/index\/wp-content\/uploads\/2024\/06\/de-loredo.jpg",987,555,false],"thumbnail":["https:\/\/opinionpublica.com.ar\/index\/wp-content\/uploads\/2024\/06\/de-loredo-150x150.jpg",150,150,true],"medium":["https:\/\/opinionpublica.com.ar\/index\/wp-content\/uploads\/2024\/06\/de-loredo-300x169.jpg",300,169,true],"medium_large":["https:\/\/opinionpublica.com.ar\/index\/wp-content\/uploads\/2024\/06\/de-loredo-768x432.jpg",640,360,true],"large":["https:\/\/opinionpublica.com.ar\/index\/wp-content\/uploads\/2024\/06\/de-loredo.jpg",640,360,false],"1536x1536":["https:\/\/opinionpublica.com.ar\/index\/wp-content\/uploads\/2024\/06\/de-loredo.jpg",987,555,false],"2048x2048":["https:\/\/opinionpublica.com.ar\/index\/wp-content\/uploads\/2024\/06\/de-loredo.jpg",987,555,false],"morenews-large":["https:\/\/opinionpublica.com.ar\/index\/wp-content\/uploads\/2024\/06\/de-loredo-825x555.jpg",825,555,true],"morenews-medium":["https:\/\/opinionpublica.com.ar\/index\/wp-content\/uploads\/2024\/06\/de-loredo-590x410.jpg",590,410,true]},"author_info":{"display_name":"RKing","author_link":"https:\/\/opinionpublica.com.ar\/index\/author\/rking\/"},"category_info":"<a href=\"https:\/\/opinionpublica.com.ar\/index\/category\/nacionales\/\" rel=\"category tag\">Nacionales<\/a> <a href=\"https:\/\/opinionpublica.com.ar\/index\/category\/tierra-del-fuego\/\" rel=\"category tag\">Tierra del Fuego<\/a>","tag_info":"Tierra del Fuego","comment_count":"0","_links":{"self":[{"href":"https:\/\/opinionpublica.com.ar\/index\/wp-json\/wp\/v2\/posts\/3633","targetHints":{"allow":["GET"]}}],"collection":[{"href":"https:\/\/opinionpublica.com.ar\/index\/wp-json\/wp\/v2\/posts"}],"about":[{"href":"https:\/\/opinionpublica.com.ar\/index\/wp-json\/wp\/v2\/types\/post"}],"author":[{"embeddable":true,"href":"https:\/\/opinionpublica.com.ar\/index\/wp-json\/wp\/v2\/users\/8"}],"replies":[{"embeddable":true,"href":"https:\/\/opinionpublica.com.ar\/index\/wp-json\/wp\/v2\/comments?post=3633"}],"version-history":[{"count":1,"href":"https:\/\/opinionpublica.com.ar\/index\/wp-json\/wp\/v2\/posts\/3633\/revisions"}],"predecessor-version":[{"id":3636,"href":"https:\/\/opinionpublica.com.ar\/index\/wp-json\/wp\/v2\/posts\/3633\/revisions\/3636"}],"wp:featuredmedia":[{"embeddable":true,"href":"https:\/\/opinionpublica.com.ar\/index\/wp-json\/wp\/v2\/media\/3634"}],"wp:attachment":[{"href":"https:\/\/opinionpublica.com.ar\/index\/wp-json\/wp\/v2\/media?parent=3633"}],"wp:term":[{"taxonomy":"category","embeddable":true,"href":"https:\/\/opinionpublica.com.ar\/index\/wp-json\/wp\/v2\/categories?post=3633"},{"taxonomy":"post_tag","embeddable":true,"href":"https:\/\/opinionpublica.com.ar\/index\/wp-json\/wp\/v2\/tags?post=3633"}],"curies":[{"name":"wp","href":"https:\/\/api.w.org\/{rel}","templated":true}]}}