{"id":386,"date":"2024-03-14T15:08:11","date_gmt":"2024-03-14T15:08:11","guid":{"rendered":"https:\/\/opinionpublica.com.ar\/index\/?p=386"},"modified":"2024-03-14T15:08:11","modified_gmt":"2024-03-14T15:08:11","slug":"remolcador-europeo-que-vino-a-reemplazar-empleo-argentino-ahora-fue-demorado-por-aduana","status":"publish","type":"post","link":"https:\/\/opinionpublica.com.ar\/index\/remolcador-europeo-que-vino-a-reemplazar-empleo-argentino-ahora-fue-demorado-por-aduana\/","title":{"rendered":"Remolcador europeo que vino a reemplazar empleo argentino ahora fue demorado por Aduana"},"content":{"rendered":"<p>El pol\u00e9mico remolcador, pedido por la petrolera Oiltanking Ebytem, est\u00e1 demorado por la Aduana Argentina. La nave lleg\u00f3 desde Europa por un trabajo que realiz\u00f3 en 5 d\u00edas y que era reservado para los argentinos. Sospechas de un negociado.<\/p>\n<p>La expresi\u00f3n \u00abSi pasa, pasa\u00bb cobra fuerza dentro del gobierno de Javier Milei y cada d\u00eda se suman m\u00e1s ejemplos de la discutida doble vara con la que miden las consecuencias y oportunidades. Esta semana, la Aduana Argentina demor\u00f3 al remolcador \u00abAlp Striker\u00bb, de bandera de Pa\u00edses Bajos, por incumplir normas aduaneras en el ingreso de la nave para realizar un trabajo en el Puerto Rosales de la petrolera Oiltanking Ebytem. La embarcaci\u00f3n fue habilitada el pasado 1 de marzo por el Secretario de Transporte de la Naci\u00f3n Franco Mogetta, para realizar una tarea de cabotaje reservada para la bandera nacional bajo la Ley 19.492.<\/p>\n<p>La pol\u00e9mica surgi\u00f3 de las denuncias gremiales que alertaban de una posible violaci\u00f3n a la Ley de Cabotaje cuando el remolcador zarp\u00f3 desde el puerto de Las Palmas (ESP) sin la habilitaci\u00f3n vigente para realizar el trabajo. En ese sentido, el secretario general del Centro de Patrones y Oficiales Fluviales, de Pesca y de Cabotaje Mar\u00edtimo, Mariano Moreno, se\u00f1al\u00f3 que \u00abning\u00fan remolcador cruza el Oc\u00e9ano Atl\u00e1ntico si no tiene las garant\u00edas de que va a trabajar\u00bb.<\/p>\n<p>&nbsp;<\/p>\n<p>Hoy la retenci\u00f3n de la embarcaci\u00f3n por la Aduana del puerto de Bah\u00eda Blanca sugiere al menos una desprolijidad m\u00e1s en el af\u00e1n y celeridad libertaria de alg\u00fan funcionario en otorgar un Waiver (permiso) que despoja el trabajo argentino en favor de empresa y trabajo extranjero.<\/p>\n<p>&nbsp;<\/p>\n<p>M\u00e1s desprolijidades en el sector naval: el remolcador europeo que vino a reemplazar empleo argentino ahora fue demorado por Aduana<\/p>\n<p>\u00abSi pasa, pasa: el aumento a diputados y senadores; si pasa, pasa el aumento de sueldo del presidente,; mientras la gente se ajusta el mango para comer. Y si pasa, pasa: un remolcador extranjero le saca la changa a los trabajadores argentinos, incumpliendo la Ley de Cabotaje y normativas aduaneras\u00bb, dijo Moreno al ser consultado sobre el incumplimiento. Adem\u00e1s, resalt\u00f3 que \u00abes la primera vez en la historia que un remolcador al otro lado del mundo obtiene un permiso y al d\u00eda siguiente est\u00e1 en Argentina trabajando\u00bb.<\/p>\n<p>&nbsp;<\/p>\n<p>\u00abSi fueran as\u00ed de expeditivos para la gesti\u00f3n que requiere la flota nacional ser\u00edamos potencia\u00bb, manifest\u00f3 el dirigente gremial y a\u00f1adi\u00f3: \u00abEste remolcador naveg\u00f3 miles de kil\u00f3metros a trav\u00e9s de mar abierto, \u00abrealiz\u00f3\u00bb un trabajo en 5 d\u00edas en el cual no se utilizaron los requisitos \u00abexcluyentes\u00bb que exigieron en el pedido de excepci\u00f3n para desplazar a la gr\u00faa argentina del trabajo\u00bb.<\/p>\n<p>El Capit\u00e1n remarc\u00f3 adem\u00e1s que \u00abeste negocio de miles de d\u00f3lares que fueron justificados con esta operaci\u00f3n y no podr\u00eda ser as\u00ed con los trabajadores argentinos\u00bb.<\/p>\n<p>Para Moreno el gobierno \u00abentr\u00f3 en las tinieblas legales de las fuerzas del cielo\u00bb al permitir esta operaci\u00f3n que \u00abadem\u00e1s es un p\u00e9simo mensaje a los armadores y trabajadores nacionales\u00bb ya que no tiene reglas claras aun con la evidencia y certeza de que este trabajo correspond\u00eda y deb\u00eda hacerlo el pabell\u00f3n nacional.: \u00abEs un certificado de defunci\u00f3n para la Marina Mercante nacional\u00bb.<\/p>\n<p>&nbsp;<\/p>\n<p>\u00abTenemos que analizar estas acciones y preguntarnos a d\u00f3nde nos llevan. Porque hoy nos sacan el trabajo, van en busca de quitarnos una parte del sueldo con el Impuesto a las Ganancias, nos ponen techo en las paritarias, debemos ayudar a nuestros jubilados porque no les alcanza, nos suben las tarifas, quieren la apertura de la pesca, extranjerizar nuestros recursos y fuentes de trabajo y todo esto en aras de ser libres dicen; \u00bfLibres de qu\u00e9?\u00bb, critic\u00f3 Moreno.<\/p>\n","protected":false},"excerpt":{"rendered":"<p>El pol\u00e9mico remolcador, pedido por la petrolera Oiltanking Ebytem, est\u00e1 demorado por la Aduana Argentina. La nave lleg\u00f3<\/p>\n","protected":false},"author":2,"featured_media":387,"comment_status":"open","ping_status":"open","sticky":false,"template":"","format":"standard","meta":{"footnotes":""},"categories":[3],"tags":[43,16],"class_list":["post-386","post","type-post","status-publish","format-standard","has-post-thumbnail","hentry","category-nacionales","tag-gremiales","tag-nacionales"],"featured_image_urls":{"full":["https:\/\/opinionpublica.com.ar\/index\/wp-content\/uploads\/2024\/03\/4b4dbf9a-326c-4e75-9106-069c326a617f.jpg",750,514,false],"thumbnail":["https:\/\/opinionpublica.com.ar\/index\/wp-content\/uploads\/2024\/03\/4b4dbf9a-326c-4e75-9106-069c326a617f-150x150.jpg",150,150,true],"medium":["https:\/\/opinionpublica.com.ar\/index\/wp-content\/uploads\/2024\/03\/4b4dbf9a-326c-4e75-9106-069c326a617f-300x206.jpg",300,206,true],"medium_large":["https:\/\/opinionpublica.com.ar\/index\/wp-content\/uploads\/2024\/03\/4b4dbf9a-326c-4e75-9106-069c326a617f.jpg",640,439,false],"large":["https:\/\/opinionpublica.com.ar\/index\/wp-content\/uploads\/2024\/03\/4b4dbf9a-326c-4e75-9106-069c326a617f.jpg",640,439,false],"1536x1536":["https:\/\/opinionpublica.com.ar\/index\/wp-content\/uploads\/2024\/03\/4b4dbf9a-326c-4e75-9106-069c326a617f.jpg",750,514,false],"2048x2048":["https:\/\/opinionpublica.com.ar\/index\/wp-content\/uploads\/2024\/03\/4b4dbf9a-326c-4e75-9106-069c326a617f.jpg",750,514,false],"morenews-large":["https:\/\/opinionpublica.com.ar\/index\/wp-content\/uploads\/2024\/03\/4b4dbf9a-326c-4e75-9106-069c326a617f.jpg",750,514,false],"morenews-medium":["https:\/\/opinionpublica.com.ar\/index\/wp-content\/uploads\/2024\/03\/4b4dbf9a-326c-4e75-9106-069c326a617f-590x410.jpg",590,410,true]},"author_info":{"display_name":"l0013136","author_link":"https:\/\/opinionpublica.com.ar\/index\/author\/l0013136\/"},"category_info":"<a href=\"https:\/\/opinionpublica.com.ar\/index\/category\/nacionales\/\" rel=\"category tag\">Nacionales<\/a>","tag_info":"Nacionales","comment_count":"0","_links":{"self":[{"href":"https:\/\/opinionpublica.com.ar\/index\/wp-json\/wp\/v2\/posts\/386","targetHints":{"allow":["GET"]}}],"collection":[{"href":"https:\/\/opinionpublica.com.ar\/index\/wp-json\/wp\/v2\/posts"}],"about":[{"href":"https:\/\/opinionpublica.com.ar\/index\/wp-json\/wp\/v2\/types\/post"}],"author":[{"embeddable":true,"href":"https:\/\/opinionpublica.com.ar\/index\/wp-json\/wp\/v2\/users\/2"}],"replies":[{"embeddable":true,"href":"https:\/\/opinionpublica.com.ar\/index\/wp-json\/wp\/v2\/comments?post=386"}],"version-history":[{"count":1,"href":"https:\/\/opinionpublica.com.ar\/index\/wp-json\/wp\/v2\/posts\/386\/revisions"}],"predecessor-version":[{"id":388,"href":"https:\/\/opinionpublica.com.ar\/index\/wp-json\/wp\/v2\/posts\/386\/revisions\/388"}],"wp:featuredmedia":[{"embeddable":true,"href":"https:\/\/opinionpublica.com.ar\/index\/wp-json\/wp\/v2\/media\/387"}],"wp:attachment":[{"href":"https:\/\/opinionpublica.com.ar\/index\/wp-json\/wp\/v2\/media?parent=386"}],"wp:term":[{"taxonomy":"category","embeddable":true,"href":"https:\/\/opinionpublica.com.ar\/index\/wp-json\/wp\/v2\/categories?post=386"},{"taxonomy":"post_tag","embeddable":true,"href":"https:\/\/opinionpublica.com.ar\/index\/wp-json\/wp\/v2\/tags?post=386"}],"curies":[{"name":"wp","href":"https:\/\/api.w.org\/{rel}","templated":true}]}}