{"id":389,"date":"2024-03-14T15:37:08","date_gmt":"2024-03-14T15:37:08","guid":{"rendered":"https:\/\/opinionpublica.com.ar\/index\/?p=389"},"modified":"2024-03-14T15:37:08","modified_gmt":"2024-03-14T15:37:08","slug":"importacion-de-alimentos-un-negocio-para-pocos","status":"publish","type":"post","link":"https:\/\/opinionpublica.com.ar\/index\/importacion-de-alimentos-un-negocio-para-pocos\/","title":{"rendered":"Importaci\u00f3n de alimentos un negocio para pocos"},"content":{"rendered":"<p>Funes de Rioja cruza las importaciones de alimentos y advierten sobre un negocio a la medida de Jumbo y Carrefour<\/p>\n<p>El l\u00edder de la UIA expres\u00f3 la posici\u00f3n de las alimenticias de la Copal. Las multinacionales Jumbo y Carrefour ser\u00edan las grandes beneficiadas.<\/p>\n<p>Funes de Rioja cruza las importaciones de alimentos y advierten sobre un negocio a la medida de Jumbo y Carrefour<\/p>\n<p>&nbsp;<\/p>\n<p>La decisi\u00f3n del gobierno de Milei de abrir las importaciones de alimentos abri\u00f3 un interesante conflicto al interior del bloque empresario, que hasta ahora se mostraba blindado en apoyo a la administraci\u00f3n libertaria.<\/p>\n<p>&nbsp;<\/p>\n<p>La Uni\u00f3n Industrial Argentina (UIA) conden\u00f3 p\u00fablicamente la decisi\u00f3n. Un posicionamiento en el que fue determinante su presidente, Daniel Funde de Rioja que representa al interior de esa entidad a las alimenticias nucleadas en la Copal, principales perjudicadas por la medida de Milei.<\/p>\n<p>Lo que no hizo p\u00fablico la entidad fabril fue su malestar por lo que entienden es un negocio fabuloso construido a la medida de las multinacionales Jumbo y Carrefour.<\/p>\n<p>&nbsp;<\/p>\n<p>\u00abSon los dos supermercados que exhiben productos importados en g\u00f3ndola. Cuentan con la estructura contable y jur\u00eddica necesaria para agilizar las operaciones de comercio exterior. Para cualquier otra pyme de la cadena de valor, importar es casi impracticable\u00bb, indic\u00f3 a los medios una fuente del sector de las alimenticias.<\/p>\n<p>La acusaci\u00f3n sobre un negocio a medida no es antojadiza y la UIA lo dej\u00f3 muy claro en su comunicado. \u00abMientras los productores nacionales deben pagar en 4 cuotas mensuales y con impuesto PAIS los insumos necesarios para la fabricaci\u00f3n, los importadores de bienes terminados estar\u00e1n exentos de impuestos y tendr\u00e1n acceso total a las divisas necesarias en un solo pago a 30 d\u00edas\u00bb, afirmo la instituci\u00f3n en el texto distribuido a la prensa.<\/p>\n<p>&nbsp;<\/p>\n<p>Mientras los productores nacionales deben pagar en 4 cuotas mensuales y con impuesto PAIS los insumos necesarios para la fabricaci\u00f3n, los importadores de bienes terminados estar\u00e1n exentos de impuestos y tendr\u00e1n acceso total a las divisas necesarias en un solo pago a 30 d\u00edas.<\/p>\n<p>\u00abEst\u00e1 claro que es un negocio para jugadores elegidos. Si quisieran bajar los precios, la mejor medida que pueden tomar es reducirnos los impuestos. La carga impositiva de la industria alimenticia promedia el 45%\u00bb, agreg\u00f3 a los medios un directivo de la UIA.<\/p>\n<p>En efecto, el Palacio de Hacienda anunci\u00f3 que el Banco Central reducir\u00e1 el plazo de pago de importaciones de alimentos, bebidas y productos de limpieza, cuidado e higiene personal, que pasar\u00e1n de un esquema de pago en 4 cuotas a los 30, 60, 90 y 120 d\u00edas a un plazo de pago en una sola cuota a los 30 d\u00edas. Adem\u00e1s, se suspende por el plazo de 120 d\u00edas el cobro de la percepci\u00f3n de IVA adicional y el impuesto a las ganancias a las importaciones de estos productos y de los medicamentos.<\/p>\n<p>&nbsp;<\/p>\n<p>El gobierno detall\u00f3 que entre los productos beneficiados por esta medida figuran la banana, papas, carne de cerdo, caf\u00e9, at\u00fan, productos de cacao, insecticidas, shampoo, pa\u00f1ales, entre muchos otros productos.<\/p>\n<p>&nbsp;<\/p>\n<p>Los economistas coinciden en que la eliminaci\u00f3n del IVA y el acceso al d\u00f3lar oficial para los importadores con capacidad y estructura, abarata los costos. En lo que no est\u00e1n de acuerdo es que necesariamente esta reducci\u00f3n de costos se traslada automaticamente al precio final.<\/p>\n<p>&nbsp;<\/p>\n<p>\u00abSon pocos los comercializadores que pueden importar estos productos, con lo cual en lugar de bajar precios para competir en el mercado, van a capitalizar como rentabilidad esa ampliaci\u00f3n del margen de ganancias\u00bb, vaticin\u00f3 en di\u00e1logo a los medios un ex funcionario de la Secretar\u00eda de Comercio.<\/p>\n","protected":false},"excerpt":{"rendered":"<p>Funes de Rioja cruza las importaciones de alimentos y advierten sobre un negocio a la medida de Jumbo<\/p>\n","protected":false},"author":2,"featured_media":390,"comment_status":"open","ping_status":"open","sticky":false,"template":"","format":"standard","meta":{"footnotes":""},"categories":[3,27],"tags":[16,35],"class_list":["post-389","post","type-post","status-publish","format-standard","has-post-thumbnail","hentry","category-nacionales","category-politica","tag-nacionales","tag-politica"],"featured_image_urls":{"full":["https:\/\/opinionpublica.com.ar\/index\/wp-content\/uploads\/2024\/03\/658c4124cf9eb-screen-and-max-width480px_880_880-1.jpg",880,880,false],"thumbnail":["https:\/\/opinionpublica.com.ar\/index\/wp-content\/uploads\/2024\/03\/658c4124cf9eb-screen-and-max-width480px_880_880-1-150x150.jpg",150,150,true],"medium":["https:\/\/opinionpublica.com.ar\/index\/wp-content\/uploads\/2024\/03\/658c4124cf9eb-screen-and-max-width480px_880_880-1-300x300.jpg",300,300,true],"medium_large":["https:\/\/opinionpublica.com.ar\/index\/wp-content\/uploads\/2024\/03\/658c4124cf9eb-screen-and-max-width480px_880_880-1-768x768.jpg",640,640,true],"large":["https:\/\/opinionpublica.com.ar\/index\/wp-content\/uploads\/2024\/03\/658c4124cf9eb-screen-and-max-width480px_880_880-1.jpg",640,640,false],"1536x1536":["https:\/\/opinionpublica.com.ar\/index\/wp-content\/uploads\/2024\/03\/658c4124cf9eb-screen-and-max-width480px_880_880-1.jpg",880,880,false],"2048x2048":["https:\/\/opinionpublica.com.ar\/index\/wp-content\/uploads\/2024\/03\/658c4124cf9eb-screen-and-max-width480px_880_880-1.jpg",880,880,false],"morenews-large":["https:\/\/opinionpublica.com.ar\/index\/wp-content\/uploads\/2024\/03\/658c4124cf9eb-screen-and-max-width480px_880_880-1-825x575.jpg",825,575,true],"morenews-medium":["https:\/\/opinionpublica.com.ar\/index\/wp-content\/uploads\/2024\/03\/658c4124cf9eb-screen-and-max-width480px_880_880-1-590x410.jpg",590,410,true]},"author_info":{"display_name":"l0013136","author_link":"https:\/\/opinionpublica.com.ar\/index\/author\/l0013136\/"},"category_info":"<a href=\"https:\/\/opinionpublica.com.ar\/index\/category\/nacionales\/\" rel=\"category tag\">Nacionales<\/a> <a href=\"https:\/\/opinionpublica.com.ar\/index\/category\/politica\/\" rel=\"category tag\">Politica<\/a>","tag_info":"Politica","comment_count":"0","_links":{"self":[{"href":"https:\/\/opinionpublica.com.ar\/index\/wp-json\/wp\/v2\/posts\/389","targetHints":{"allow":["GET"]}}],"collection":[{"href":"https:\/\/opinionpublica.com.ar\/index\/wp-json\/wp\/v2\/posts"}],"about":[{"href":"https:\/\/opinionpublica.com.ar\/index\/wp-json\/wp\/v2\/types\/post"}],"author":[{"embeddable":true,"href":"https:\/\/opinionpublica.com.ar\/index\/wp-json\/wp\/v2\/users\/2"}],"replies":[{"embeddable":true,"href":"https:\/\/opinionpublica.com.ar\/index\/wp-json\/wp\/v2\/comments?post=389"}],"version-history":[{"count":1,"href":"https:\/\/opinionpublica.com.ar\/index\/wp-json\/wp\/v2\/posts\/389\/revisions"}],"predecessor-version":[{"id":391,"href":"https:\/\/opinionpublica.com.ar\/index\/wp-json\/wp\/v2\/posts\/389\/revisions\/391"}],"wp:featuredmedia":[{"embeddable":true,"href":"https:\/\/opinionpublica.com.ar\/index\/wp-json\/wp\/v2\/media\/390"}],"wp:attachment":[{"href":"https:\/\/opinionpublica.com.ar\/index\/wp-json\/wp\/v2\/media?parent=389"}],"wp:term":[{"taxonomy":"category","embeddable":true,"href":"https:\/\/opinionpublica.com.ar\/index\/wp-json\/wp\/v2\/categories?post=389"},{"taxonomy":"post_tag","embeddable":true,"href":"https:\/\/opinionpublica.com.ar\/index\/wp-json\/wp\/v2\/tags?post=389"}],"curies":[{"name":"wp","href":"https:\/\/api.w.org\/{rel}","templated":true}]}}