{"id":394,"date":"2024-03-14T16:01:56","date_gmt":"2024-03-14T16:01:56","guid":{"rendered":"https:\/\/opinionpublica.com.ar\/index\/?p=394"},"modified":"2024-03-14T16:01:56","modified_gmt":"2024-03-14T16:01:56","slug":"dnu-victoria-villarruel-reunio-a-los-senadores-que-pueden-voltearlo","status":"publish","type":"post","link":"https:\/\/opinionpublica.com.ar\/index\/dnu-victoria-villarruel-reunio-a-los-senadores-que-pueden-voltearlo\/","title":{"rendered":"DNU: Victoria Villarruel reuni\u00f3 a los senadores que pueden voltearlo"},"content":{"rendered":"<p>Victoria Villarruel reuni\u00f3 a los senadores que pueden voltear el DNU y los areng\u00f3 para que voten en contra del decreto de Javier Milei en la sesi\u00f3n de este jueves.<\/p>\n<p>\u00abVoten lo que tengan que votar, hay que hacer respetar el Congreso\u00bb, les dijo la vicepresidenta, en medio de la guerra que se desat\u00f3 con el presidente.<\/p>\n<p>Los senadores del medio son el entrerriano Edgardo Kueider, el correntino Camau Esp\u00ednola, la rionegrina M\u00f3nca Silva, la neuquina Lucila Crexell y la cordobesa Alejandra Vigo. Estos senadores no pertenecen a Uni\u00f3n por la Patria y son claves para inclinar las votaciones a favor o en contra del oficialismo.<\/p>\n<p>Villarruel vivi\u00f3 las horas m\u00e1s vertiginosas desde que es vicepresidenta. Luego de incluir el DNU en el temario de la sesi\u00f3n, fue v\u00edctima de ataques de trolls que trabajan f\u00edsicamente en Casa Rosada.<\/p>\n<p>Uno incluso habl\u00f3 de colgar a la vice en Plaza de Mayo y otros se metieron con cuestiones personales de la vice que agravaron el conflicto. Pese a esos ataques, Villarruel lanz\u00f3 una maniobra, para postergar el tratamiento del DNU por una o dos semanas.<\/p>\n<p>Pero un comunicado de Milei en la que la acus\u00f3 de \u00abavanzar con una agenda propia e inconsulta\u00bb. Villarruel dej\u00f3 sin efecto la maniobra en la reuni\u00f3n parlamentaria y luego se reuni\u00f3 con los senadores del medio.<\/p>\n<p>Milei sospecha que Mauricio Macri est\u00e1 detr\u00e1s de los movimientos de autonom\u00eda de Villarruel, que en la semana se reuni\u00f3 en privado con Miguel Pichetto. Macri y el peronismo republicano son las dos bases en las que se apoya la vicepresidenta para hacer de contrapeso contra el presidente.<\/p>\n","protected":false},"excerpt":{"rendered":"<p>Victoria Villarruel reuni\u00f3 a los senadores que pueden voltear el DNU y los areng\u00f3 para que voten en<\/p>\n","protected":false},"author":2,"featured_media":395,"comment_status":"open","ping_status":"open","sticky":false,"template":"","format":"standard","meta":{"footnotes":""},"categories":[3,27],"tags":[16,35],"class_list":["post-394","post","type-post","status-publish","format-standard","has-post-thumbnail","hentry","category-nacionales","category-politica","tag-nacionales","tag-politica"],"featured_image_urls":{"full":["https:\/\/opinionpublica.com.ar\/index\/wp-content\/uploads\/2024\/03\/images-4.jpeg",275,183,false],"thumbnail":["https:\/\/opinionpublica.com.ar\/index\/wp-content\/uploads\/2024\/03\/images-4-150x150.jpeg",150,150,true],"medium":["https:\/\/opinionpublica.com.ar\/index\/wp-content\/uploads\/2024\/03\/images-4.jpeg",275,183,false],"medium_large":["https:\/\/opinionpublica.com.ar\/index\/wp-content\/uploads\/2024\/03\/images-4.jpeg",275,183,false],"large":["https:\/\/opinionpublica.com.ar\/index\/wp-content\/uploads\/2024\/03\/images-4.jpeg",275,183,false],"1536x1536":["https:\/\/opinionpublica.com.ar\/index\/wp-content\/uploads\/2024\/03\/images-4.jpeg",275,183,false],"2048x2048":["https:\/\/opinionpublica.com.ar\/index\/wp-content\/uploads\/2024\/03\/images-4.jpeg",275,183,false],"morenews-large":["https:\/\/opinionpublica.com.ar\/index\/wp-content\/uploads\/2024\/03\/images-4.jpeg",275,183,false],"morenews-medium":["https:\/\/opinionpublica.com.ar\/index\/wp-content\/uploads\/2024\/03\/images-4.jpeg",275,183,false]},"author_info":{"display_name":"l0013136","author_link":"https:\/\/opinionpublica.com.ar\/index\/author\/l0013136\/"},"category_info":"<a href=\"https:\/\/opinionpublica.com.ar\/index\/category\/nacionales\/\" rel=\"category tag\">Nacionales<\/a> <a href=\"https:\/\/opinionpublica.com.ar\/index\/category\/politica\/\" rel=\"category tag\">Politica<\/a>","tag_info":"Politica","comment_count":"0","_links":{"self":[{"href":"https:\/\/opinionpublica.com.ar\/index\/wp-json\/wp\/v2\/posts\/394","targetHints":{"allow":["GET"]}}],"collection":[{"href":"https:\/\/opinionpublica.com.ar\/index\/wp-json\/wp\/v2\/posts"}],"about":[{"href":"https:\/\/opinionpublica.com.ar\/index\/wp-json\/wp\/v2\/types\/post"}],"author":[{"embeddable":true,"href":"https:\/\/opinionpublica.com.ar\/index\/wp-json\/wp\/v2\/users\/2"}],"replies":[{"embeddable":true,"href":"https:\/\/opinionpublica.com.ar\/index\/wp-json\/wp\/v2\/comments?post=394"}],"version-history":[{"count":1,"href":"https:\/\/opinionpublica.com.ar\/index\/wp-json\/wp\/v2\/posts\/394\/revisions"}],"predecessor-version":[{"id":396,"href":"https:\/\/opinionpublica.com.ar\/index\/wp-json\/wp\/v2\/posts\/394\/revisions\/396"}],"wp:featuredmedia":[{"embeddable":true,"href":"https:\/\/opinionpublica.com.ar\/index\/wp-json\/wp\/v2\/media\/395"}],"wp:attachment":[{"href":"https:\/\/opinionpublica.com.ar\/index\/wp-json\/wp\/v2\/media?parent=394"}],"wp:term":[{"taxonomy":"category","embeddable":true,"href":"https:\/\/opinionpublica.com.ar\/index\/wp-json\/wp\/v2\/categories?post=394"},{"taxonomy":"post_tag","embeddable":true,"href":"https:\/\/opinionpublica.com.ar\/index\/wp-json\/wp\/v2\/tags?post=394"}],"curies":[{"name":"wp","href":"https:\/\/api.w.org\/{rel}","templated":true}]}}