{"id":4063,"date":"2024-06-24T13:38:30","date_gmt":"2024-06-24T16:38:30","guid":{"rendered":"https:\/\/opinionpublica.com.ar\/index\/?p=4063"},"modified":"2024-06-24T13:38:30","modified_gmt":"2024-06-24T16:38:30","slug":"preocupacion-en-ushuaia-no-pudo-superar-el-60-de-ocupacion-hotelera","status":"publish","type":"post","link":"https:\/\/opinionpublica.com.ar\/index\/preocupacion-en-ushuaia-no-pudo-superar-el-60-de-ocupacion-hotelera\/","title":{"rendered":"Preocupaci\u00f3n en Ushuaia, no pudo superar el 60% de ocupaci\u00f3n hotelera"},"content":{"rendered":"<div class=\"pt3p pb3p g11 flr\">\n<p class=\"arial ctext fz18 lh25\"><strong>Los datos fueron difundidos por la Confederaci\u00f3n Argentina de la Mediana Empresa (CAME) pero son aportados por las c\u00e1maras de comercio, de turismo y federaciones asociadas a este organismo en todo el pa\u00eds, as\u00ed como por las direcciones y agencias de turismo regionales.<\/strong><\/p>\n<\/div>\n<p><a href=\"https:\/\/opinionpublica.com.ar\/index\/wp-content\/uploads\/2024\/04\/hoteles-ushuaia-tierra-del-fuego.jpg\"><img fetchpriority=\"high\" decoding=\"async\" class=\"alignnone size-full wp-image-2590\" src=\"https:\/\/opinionpublica.com.ar\/index\/wp-content\/uploads\/2024\/04\/hoteles-ushuaia-tierra-del-fuego.jpg\" alt=\"\" width=\"1298\" height=\"729\" srcset=\"https:\/\/opinionpublica.com.ar\/index\/wp-content\/uploads\/2024\/04\/hoteles-ushuaia-tierra-del-fuego.jpg 1298w, https:\/\/opinionpublica.com.ar\/index\/wp-content\/uploads\/2024\/04\/hoteles-ushuaia-tierra-del-fuego-300x168.jpg 300w, https:\/\/opinionpublica.com.ar\/index\/wp-content\/uploads\/2024\/04\/hoteles-ushuaia-tierra-del-fuego-1024x575.jpg 1024w, https:\/\/opinionpublica.com.ar\/index\/wp-content\/uploads\/2024\/04\/hoteles-ushuaia-tierra-del-fuego-768x431.jpg 768w\" sizes=\"(max-width: 1298px) 100vw, 1298px\" \/><\/a><\/p>\n<p>&nbsp;<\/p>\n<div class=\"flr g10 arial ctext fz16 lh26 mb20\">\n<div class=\"wysiwyg mb15\">\n<p>Seg\u00fan datos de la Confederaci\u00f3n Argentina de la Mediana Empresa (CAME), la ciudad de Ushuaia no pudo superar el\u00a060% de ocupaci\u00f3n hotelera en los dos fines de semana largos de junio, mientras que diferentes destinos importantes del pa\u00eds superaron ampliamente el 70%.<\/p>\n<p>Cabe recordar que los informes de CAME son elaborados a partir de datos\u00a0\u00a0aportados por las c\u00e1maras de comercio, de turismo y federaciones asociadas a este organismo en todo el pa\u00eds, as\u00ed como por las direcciones y agencias de turismo regionales.<\/p>\n<p>De acuerdo a este organismo, en Tierra del Fuego\u00a0\u00abUshuaia fue lo m\u00e1s concurrido, con 60% de ocupaci\u00f3n hotelera\u00bb, mencionando que\u00a0\u00abla propuesta de la Fiesta Nacional de la Noche M\u00e1s Larga 2024 tuvo buena convocatoria\u00bb.<\/p>\n<p>\u00abFuera de las actividades programas por el Municipio, quienes llegaron a la ciudad navegaron en el Canal Beagle, recorrieron el Parque Nacional Tierra del Fuego a bordo del tren del Fin del Mundo y realizaron senderismo. Otros lugares concurridos fueron Cabo San Pablo, y el Lago Fagnano de Tolhuin\u00bb, agrega el apartado sobre la actividad tur\u00edstica en la capital fueguina durante los dos fines de semana largos de junio.<\/p>\n<p>Seg\u00fan CAME, en lo que va del a\u00f1o tuvieron lugar cuatro fines de semana largos, donde viajaron 8,4 millones de turistas y gastaron $1.369.395 millones (US$1.488 millones a d\u00f3lar oficial venta del Banco de la Naci\u00f3n Argentina).<\/p>\n<\/div>\n<\/div>\n","protected":false},"excerpt":{"rendered":"<p>Los datos fueron difundidos por la Confederaci\u00f3n Argentina de la Mediana Empresa (CAME) pero son aportados por las<\/p>\n","protected":false},"author":8,"featured_media":2678,"comment_status":"open","ping_status":"open","sticky":false,"template":"","format":"standard","meta":{"footnotes":""},"categories":[2,23,21],"tags":[1640,19,6],"class_list":["post-4063","post","type-post","status-publish","format-standard","has-post-thumbnail","hentry","category-tierra-del-fuego","category-turismo","category-ushuaia","tag-fin-de-semana-largo","tag-turismo","tag-ushuaia"],"featured_image_urls":{"full":["https:\/\/opinionpublica.com.ar\/index\/wp-content\/uploads\/2024\/05\/ushuaia-postal.jpeg",1200,600,false],"thumbnail":["https:\/\/opinionpublica.com.ar\/index\/wp-content\/uploads\/2024\/05\/ushuaia-postal-150x150.jpeg",150,150,true],"medium":["https:\/\/opinionpublica.com.ar\/index\/wp-content\/uploads\/2024\/05\/ushuaia-postal-300x150.jpeg",300,150,true],"medium_large":["https:\/\/opinionpublica.com.ar\/index\/wp-content\/uploads\/2024\/05\/ushuaia-postal-768x384.jpeg",640,320,true],"large":["https:\/\/opinionpublica.com.ar\/index\/wp-content\/uploads\/2024\/05\/ushuaia-postal-1024x512.jpeg",640,320,true],"1536x1536":["https:\/\/opinionpublica.com.ar\/index\/wp-content\/uploads\/2024\/05\/ushuaia-postal.jpeg",1200,600,false],"2048x2048":["https:\/\/opinionpublica.com.ar\/index\/wp-content\/uploads\/2024\/05\/ushuaia-postal.jpeg",1200,600,false],"morenews-large":["https:\/\/opinionpublica.com.ar\/index\/wp-content\/uploads\/2024\/05\/ushuaia-postal-825x575.jpeg",825,575,true],"morenews-medium":["https:\/\/opinionpublica.com.ar\/index\/wp-content\/uploads\/2024\/05\/ushuaia-postal-590x410.jpeg",590,410,true]},"author_info":{"display_name":"RKing","author_link":"https:\/\/opinionpublica.com.ar\/index\/author\/rking\/"},"category_info":"<a href=\"https:\/\/opinionpublica.com.ar\/index\/category\/tierra-del-fuego\/\" rel=\"category tag\">Tierra del Fuego<\/a> <a href=\"https:\/\/opinionpublica.com.ar\/index\/category\/turismo\/\" rel=\"category tag\">Turismo<\/a> <a href=\"https:\/\/opinionpublica.com.ar\/index\/category\/ushuaia\/\" rel=\"category tag\">Ushuaia<\/a>","tag_info":"Ushuaia","comment_count":"0","_links":{"self":[{"href":"https:\/\/opinionpublica.com.ar\/index\/wp-json\/wp\/v2\/posts\/4063","targetHints":{"allow":["GET"]}}],"collection":[{"href":"https:\/\/opinionpublica.com.ar\/index\/wp-json\/wp\/v2\/posts"}],"about":[{"href":"https:\/\/opinionpublica.com.ar\/index\/wp-json\/wp\/v2\/types\/post"}],"author":[{"embeddable":true,"href":"https:\/\/opinionpublica.com.ar\/index\/wp-json\/wp\/v2\/users\/8"}],"replies":[{"embeddable":true,"href":"https:\/\/opinionpublica.com.ar\/index\/wp-json\/wp\/v2\/comments?post=4063"}],"version-history":[{"count":1,"href":"https:\/\/opinionpublica.com.ar\/index\/wp-json\/wp\/v2\/posts\/4063\/revisions"}],"predecessor-version":[{"id":4064,"href":"https:\/\/opinionpublica.com.ar\/index\/wp-json\/wp\/v2\/posts\/4063\/revisions\/4064"}],"wp:featuredmedia":[{"embeddable":true,"href":"https:\/\/opinionpublica.com.ar\/index\/wp-json\/wp\/v2\/media\/2678"}],"wp:attachment":[{"href":"https:\/\/opinionpublica.com.ar\/index\/wp-json\/wp\/v2\/media?parent=4063"}],"wp:term":[{"taxonomy":"category","embeddable":true,"href":"https:\/\/opinionpublica.com.ar\/index\/wp-json\/wp\/v2\/categories?post=4063"},{"taxonomy":"post_tag","embeddable":true,"href":"https:\/\/opinionpublica.com.ar\/index\/wp-json\/wp\/v2\/tags?post=4063"}],"curies":[{"name":"wp","href":"https:\/\/api.w.org\/{rel}","templated":true}]}}