{"id":418,"date":"2024-03-14T17:29:41","date_gmt":"2024-03-14T17:29:41","guid":{"rendered":"https:\/\/opinionpublica.com.ar\/index\/?p=418"},"modified":"2024-03-14T17:29:41","modified_gmt":"2024-03-14T17:29:41","slug":"pescadores-artesanales-piden-por-la-emergencia-del-sector","status":"publish","type":"post","link":"https:\/\/opinionpublica.com.ar\/index\/pescadores-artesanales-piden-por-la-emergencia-del-sector\/","title":{"rendered":"Pescadores artesanales piden por la emergencia del sector"},"content":{"rendered":"<p>Carlos Dar\u00edo Bravo, pescador artesanal del canal Beagle, present\u00f3 la problem\u00e1tica que afecta al sector a ra\u00edz de la legislaci\u00f3n que considera perjudicial por las exigencias que plantea. Requiri\u00f3 la necesidad de declarar la emergencia de la pesca artesanal y reclam\u00f3 pol\u00edticas p\u00fablicas que incentiven la actividad.<\/p>\n<p>El pescador Carlos Bravo expres\u00f3:\u00a0<em>\u201cEstamos trabados con la Ley 931, que es la regulaci\u00f3n de la 244. Son leyes provinciales que regula la Legislatura. Este gobierno actual funcion\u00f3 as\u00ed con esa ley, durante cuatro a\u00f1os pas\u00f3 eso. Hoy arrancan de vuelta, y salen con una ley donde las exigencias son mayores\u201d<\/em>.<\/p>\n<p>Bravo tambi\u00e9n destac\u00f3 aspectos de la ley 931 que regula la captura de centolla en el canal Beagle, y su diferencia con pescadores chilenos.\u00a0<em>\u201cSomos tres, cuatro pescadores chicos, enfrente del canal de Beagle hay una industria, exportan, son organizados. No unificamos las vedas\u201d<\/em>\u00a0denunci\u00f3.\u00a0<em>\u201cEllos hoy est\u00e1n pescando, nosotros estamos en veda\u201d<\/em>.<\/p>\n<p>Adem\u00e1s, se\u00f1al\u00f3 la dif\u00edcil situaci\u00f3n econ\u00f3mica que deben actualmente afrontar:\u00a0<em>\u201cHoy, los pescadores artesanales que tenemos ac\u00e1 en Ushuaia, no atentan el recurso. Est\u00e1n todos callados. Por ejemplo, en turismo nadie sali\u00f3 a hablar y decir \u2018che, \u00bfqu\u00e9 pasa que no abastecen?\u2019. Nosotros tenemos cuatro meses de veda, m\u00e1s el invierno, cuando paran todos. \u00bfC\u00f3mo hacemos para aguantar todo ese tiempo?\u201d<\/em><\/p>\n<p>En tal sentido, Carlos Bravo destac\u00f3 la necesidad de adoptar medidas urgentes:\u00a0<em>\u201cNo hay sistema productivo en la provincia. Queremos que nos atiendan. Queremos una emergencia pesquera artesanal. Queremos que estos funcionarios se retiren, que den lugar a nuevas pol\u00edticas y nuevos proyectos\u201d<\/em>.<\/p>\n<p>Respecto al futuro de su oficio, afirm\u00f3 enf\u00e1ticamente:\u00a0<em>\u201cYo tengo todos mis hijos que est\u00e1n recibidos de patr\u00f3n y que tienen ganas de seguir adelante con la pesca artesanal. Ellos lo van a heredar, es un legado. \u00a1Esc\u00fachennos!\u201d<\/em><\/p>\n<p>En cuanto a las condiciones laborales, Bravo lament\u00f3:\u00a0<em>\u201cLa centolla result\u00f3 ser un atractivo para la provincia y en el Concejo Deliberante. Lo curioso es que cuando vamos al restaurante, es ah\u00ed donde est\u00e1 el valor agregado. Nadie piensa que mi puesto de trabajo est\u00e1 en las costas aleda\u00f1as, le llam\u00f3 as\u00ed la provincia, es un pozo chico, no hay muelle, no hay planta, no hay proyectos\u201d<\/em>.<\/p>\n<p>En tal sentido, hizo un llamado p\u00fablico a la colaboraci\u00f3n, en virtud de la profunda crisis que los afecta al sector: <em>\u201cNosotros como siempre tenemos los documentos que le donamos a la provincia y que siempre incentivamos el consumo, que nos escuchen y que est\u00e1 bueno, que somos poquitos, que tenemos muchas falencias. Hay que seguir trabajando. Ay\u00fadennos\u201d<\/em>.<\/p>\n<p>Finalmente, Carlos Dar\u00edo Bravo propuso soluciones concretas, partiendo de la unidad que deben exhibir los entes gubernamentales:\u00a0<em>\u201cYo fui una de las de las personas que recomend\u00f3 al gobierno de la provincia hacer el muelle en la planta municipal para acercar las partes, porque ellos tienen que estar unidos para que nosotros salgamos adelante\u201d<\/em>.<\/p>\n","protected":false},"excerpt":{"rendered":"<p>Carlos Dar\u00edo Bravo, pescador artesanal del canal Beagle, present\u00f3 la problem\u00e1tica que afecta al sector a ra\u00edz de<\/p>\n","protected":false},"author":2,"featured_media":420,"comment_status":"open","ping_status":"open","sticky":false,"template":"","format":"standard","meta":{"footnotes":""},"categories":[29],"tags":[49,20,48],"class_list":["post-418","post","type-post","status-publish","format-standard","has-post-thumbnail","hentry","category-interes-general","tag-emergencia","tag-interes-general","tag-pesca-artesanal"],"featured_image_urls":{"full":["https:\/\/opinionpublica.com.ar\/index\/wp-content\/uploads\/2024\/03\/images-5.jpeg",306,165,false],"thumbnail":["https:\/\/opinionpublica.com.ar\/index\/wp-content\/uploads\/2024\/03\/images-5-150x150.jpeg",150,150,true],"medium":["https:\/\/opinionpublica.com.ar\/index\/wp-content\/uploads\/2024\/03\/images-5-300x162.jpeg",300,162,true],"medium_large":["https:\/\/opinionpublica.com.ar\/index\/wp-content\/uploads\/2024\/03\/images-5.jpeg",306,165,false],"large":["https:\/\/opinionpublica.com.ar\/index\/wp-content\/uploads\/2024\/03\/images-5.jpeg",306,165,false],"1536x1536":["https:\/\/opinionpublica.com.ar\/index\/wp-content\/uploads\/2024\/03\/images-5.jpeg",306,165,false],"2048x2048":["https:\/\/opinionpublica.com.ar\/index\/wp-content\/uploads\/2024\/03\/images-5.jpeg",306,165,false],"morenews-large":["https:\/\/opinionpublica.com.ar\/index\/wp-content\/uploads\/2024\/03\/images-5.jpeg",306,165,false],"morenews-medium":["https:\/\/opinionpublica.com.ar\/index\/wp-content\/uploads\/2024\/03\/images-5.jpeg",306,165,false]},"author_info":{"display_name":"l0013136","author_link":"https:\/\/opinionpublica.com.ar\/index\/author\/l0013136\/"},"category_info":"<a href=\"https:\/\/opinionpublica.com.ar\/index\/category\/interes-general\/\" rel=\"category tag\">Interes General<\/a>","tag_info":"Interes General","comment_count":"0","_links":{"self":[{"href":"https:\/\/opinionpublica.com.ar\/index\/wp-json\/wp\/v2\/posts\/418","targetHints":{"allow":["GET"]}}],"collection":[{"href":"https:\/\/opinionpublica.com.ar\/index\/wp-json\/wp\/v2\/posts"}],"about":[{"href":"https:\/\/opinionpublica.com.ar\/index\/wp-json\/wp\/v2\/types\/post"}],"author":[{"embeddable":true,"href":"https:\/\/opinionpublica.com.ar\/index\/wp-json\/wp\/v2\/users\/2"}],"replies":[{"embeddable":true,"href":"https:\/\/opinionpublica.com.ar\/index\/wp-json\/wp\/v2\/comments?post=418"}],"version-history":[{"count":1,"href":"https:\/\/opinionpublica.com.ar\/index\/wp-json\/wp\/v2\/posts\/418\/revisions"}],"predecessor-version":[{"id":421,"href":"https:\/\/opinionpublica.com.ar\/index\/wp-json\/wp\/v2\/posts\/418\/revisions\/421"}],"wp:featuredmedia":[{"embeddable":true,"href":"https:\/\/opinionpublica.com.ar\/index\/wp-json\/wp\/v2\/media\/420"}],"wp:attachment":[{"href":"https:\/\/opinionpublica.com.ar\/index\/wp-json\/wp\/v2\/media?parent=418"}],"wp:term":[{"taxonomy":"category","embeddable":true,"href":"https:\/\/opinionpublica.com.ar\/index\/wp-json\/wp\/v2\/categories?post=418"},{"taxonomy":"post_tag","embeddable":true,"href":"https:\/\/opinionpublica.com.ar\/index\/wp-json\/wp\/v2\/tags?post=418"}],"curies":[{"name":"wp","href":"https:\/\/api.w.org\/{rel}","templated":true}]}}