{"id":4310,"date":"2024-07-03T10:04:37","date_gmt":"2024-07-03T13:04:37","guid":{"rendered":"https:\/\/opinionpublica.com.ar\/index\/?p=4310"},"modified":"2024-07-03T10:04:37","modified_gmt":"2024-07-03T13:04:37","slug":"dieron-de-baja-a-11-empleados-contratados-del-pn-los-glaciares","status":"publish","type":"post","link":"https:\/\/opinionpublica.com.ar\/index\/dieron-de-baja-a-11-empleados-contratados-del-pn-los-glaciares\/","title":{"rendered":"Dieron de baja a 11 empleados contratados del PN Los Glaciares"},"content":{"rendered":"<section class=\"principal\">\n<div class=\"fullpost__encabezado \">\n<p class=\"fullpost__copete\"><strong>Al cumplirse el plazo en el \u00faltimo d\u00eda de junio, la Administraci\u00f3n de Parques Nacionales decidi\u00f3 no renovar el contrato de 71 trabajadores del organismo. Entre ellos once son del PN Los Glaciares. El gremio ATE dio a conocer la informaci\u00f3n y anunci\u00f3 estado de Alerta y Movilizaci\u00f3n.<\/strong><\/p>\n<p><a href=\"https:\/\/opinionpublica.com.ar\/index\/wp-content\/uploads\/2024\/07\/parque-nacionales-los-glaciares.jpg\"><img fetchpriority=\"high\" decoding=\"async\" class=\"alignnone wp-image-4312\" src=\"https:\/\/opinionpublica.com.ar\/index\/wp-content\/uploads\/2024\/07\/parque-nacionales-los-glaciares.jpg\" alt=\"\" width=\"799\" height=\"450\" srcset=\"https:\/\/opinionpublica.com.ar\/index\/wp-content\/uploads\/2024\/07\/parque-nacionales-los-glaciares.jpg 600w, https:\/\/opinionpublica.com.ar\/index\/wp-content\/uploads\/2024\/07\/parque-nacionales-los-glaciares-300x169.jpg 300w\" sizes=\"(max-width: 799px) 100vw, 799px\" \/><\/a><\/p>\n<\/div>\n<\/section>\n<section class=\"extra1\">\n<div class=\"fullpost__main \">\n<div class=\"fullpost__cuerpo\">\n<p>\u201cHoy tomamos conocimiento de 11 despidos nuestro Parque Nacional Los Glaciares\u201d, inform\u00f3 la delegaci\u00f3n de ATE El Calafate al dar a conocer la decisi\u00f3n del organismo.<\/p>\n<p>D\u00edas atr\u00e1s Ahora Calafate inform\u00f3 sobre una reuni\u00f3n entre las autoridades de Parques Nacionales y representantes del gremio, quienes alertaron el inminente despido de 80 trabajadores en varias dependencias, aunque a\u00fan no se conoc\u00edan mayores detalles.<\/p>\n<div class=\"medios-widget post\"><\/div>\n<p>Desde Parques Nacionales informaron recientemente que son 71 los contratos que caen desde hoy, totalizando una reducci\u00f3n de 206 puestos de trabajo desde el inicio del gobierno de Milei.<\/p>\n<p>En esta oportunidad el recorte pega fuerte en el PN Los Glaciares, donde hay once trabajadores que pierden su fuente laboral. \u201cSi no retrotraen la decisi\u00f3n, no habr\u00e1 servicio de maestranza (ya que despidieron a las 3 compa\u00f1eras que prestaban dichas funciones) y en Mantenimiento no podr\u00e1n garantizar las tareas correctamente (5 trabajadores despedidos)\u201d, alerta ATE El Calafate.<\/p>\n<p>&nbsp;<\/p>\n<p>Afirma el gremio que los trabajadores cesados en su v\u00ednculo laboral se enteraron hoy mismo \u201csin previo aviso\u201d, ya que no pudieron fichar por \u201cfueron removidos de la base de huellas digitales\u201d.<\/p>\n<p>La tensa situaci\u00f3n se da en coincidencia con la llegada a El Calafate del nuevo intendente del PN Los Glaciares, Horacio Pelozo \u201ccon quien nos reunimos hoy y que a\u00fan no cuenta con firma habilitante\u201d, agrega el comunicado.<\/p>\n<p>Ahora con esta confirmaci\u00f3n el gremio se declar\u00f3 en estado de alerta y movilizaci\u00f3n analizando medidas a tomar para intentar revertir la decisi\u00f3n superior.<\/p>\n<\/div>\n<div class=\"fullpost__share-post widget-share-post share_post \"><\/div>\n<\/div>\n<\/section>\n","protected":false},"excerpt":{"rendered":"<p>Al cumplirse el plazo en el \u00faltimo d\u00eda de junio, la Administraci\u00f3n de Parques Nacionales decidi\u00f3 no renovar<\/p>\n","protected":false},"author":8,"featured_media":4311,"comment_status":"open","ping_status":"open","sticky":false,"template":"","format":"standard","meta":{"footnotes":""},"categories":[3],"tags":[1760,282,392,1761],"class_list":["post-4310","post","type-post","status-publish","format-standard","has-post-thumbnail","hentry","category-nacionales","tag-ate-calafate","tag-contratos","tag-parques-nacionales","tag-pnlg"],"featured_image_urls":{"full":["https:\/\/opinionpublica.com.ar\/index\/wp-content\/uploads\/2024\/07\/parques-nacionales-calafate.jpg",1024,600,false],"thumbnail":["https:\/\/opinionpublica.com.ar\/index\/wp-content\/uploads\/2024\/07\/parques-nacionales-calafate-150x150.jpg",150,150,true],"medium":["https:\/\/opinionpublica.com.ar\/index\/wp-content\/uploads\/2024\/07\/parques-nacionales-calafate-300x176.jpg",300,176,true],"medium_large":["https:\/\/opinionpublica.com.ar\/index\/wp-content\/uploads\/2024\/07\/parques-nacionales-calafate-768x450.jpg",640,375,true],"large":["https:\/\/opinionpublica.com.ar\/index\/wp-content\/uploads\/2024\/07\/parques-nacionales-calafate.jpg",640,375,false],"1536x1536":["https:\/\/opinionpublica.com.ar\/index\/wp-content\/uploads\/2024\/07\/parques-nacionales-calafate.jpg",1024,600,false],"2048x2048":["https:\/\/opinionpublica.com.ar\/index\/wp-content\/uploads\/2024\/07\/parques-nacionales-calafate.jpg",1024,600,false],"morenews-large":["https:\/\/opinionpublica.com.ar\/index\/wp-content\/uploads\/2024\/07\/parques-nacionales-calafate-825x575.jpg",825,575,true],"morenews-medium":["https:\/\/opinionpublica.com.ar\/index\/wp-content\/uploads\/2024\/07\/parques-nacionales-calafate-590x410.jpg",590,410,true]},"author_info":{"display_name":"RKing","author_link":"https:\/\/opinionpublica.com.ar\/index\/author\/rking\/"},"category_info":"<a href=\"https:\/\/opinionpublica.com.ar\/index\/category\/nacionales\/\" rel=\"category tag\">Nacionales<\/a>","tag_info":"Nacionales","comment_count":"0","_links":{"self":[{"href":"https:\/\/opinionpublica.com.ar\/index\/wp-json\/wp\/v2\/posts\/4310","targetHints":{"allow":["GET"]}}],"collection":[{"href":"https:\/\/opinionpublica.com.ar\/index\/wp-json\/wp\/v2\/posts"}],"about":[{"href":"https:\/\/opinionpublica.com.ar\/index\/wp-json\/wp\/v2\/types\/post"}],"author":[{"embeddable":true,"href":"https:\/\/opinionpublica.com.ar\/index\/wp-json\/wp\/v2\/users\/8"}],"replies":[{"embeddable":true,"href":"https:\/\/opinionpublica.com.ar\/index\/wp-json\/wp\/v2\/comments?post=4310"}],"version-history":[{"count":2,"href":"https:\/\/opinionpublica.com.ar\/index\/wp-json\/wp\/v2\/posts\/4310\/revisions"}],"predecessor-version":[{"id":4317,"href":"https:\/\/opinionpublica.com.ar\/index\/wp-json\/wp\/v2\/posts\/4310\/revisions\/4317"}],"wp:featuredmedia":[{"embeddable":true,"href":"https:\/\/opinionpublica.com.ar\/index\/wp-json\/wp\/v2\/media\/4311"}],"wp:attachment":[{"href":"https:\/\/opinionpublica.com.ar\/index\/wp-json\/wp\/v2\/media?parent=4310"}],"wp:term":[{"taxonomy":"category","embeddable":true,"href":"https:\/\/opinionpublica.com.ar\/index\/wp-json\/wp\/v2\/categories?post=4310"},{"taxonomy":"post_tag","embeddable":true,"href":"https:\/\/opinionpublica.com.ar\/index\/wp-json\/wp\/v2\/tags?post=4310"}],"curies":[{"name":"wp","href":"https:\/\/api.w.org\/{rel}","templated":true}]}}