{"id":4359,"date":"2024-07-04T12:15:52","date_gmt":"2024-07-04T15:15:52","guid":{"rendered":"https:\/\/opinionpublica.com.ar\/index\/?p=4359"},"modified":"2024-07-04T12:15:52","modified_gmt":"2024-07-04T15:15:52","slug":"guillermo-francos-acuso-a-sergio-massa-de-estar-haciendo-el-mantenimiento-del-helicoptero","status":"publish","type":"post","link":"https:\/\/opinionpublica.com.ar\/index\/guillermo-francos-acuso-a-sergio-massa-de-estar-haciendo-el-mantenimiento-del-helicoptero\/","title":{"rendered":"Guillermo Francos acus\u00f3 a Sergio Massa de estar haciendo el mantenimiento del helic\u00f3ptero"},"content":{"rendered":"<article class=\"precontent update\">\n<p class=\"sufix-ficha\"><strong>El jefe de Gabinete apunt\u00f3 contra el ex candidato presidencial de UxP por la turbulencia que sacudi\u00f3 los mercados durante los \u00faltimos d\u00edas.<\/strong><\/p>\n<\/article>\n<figure class=\"image-detail\"><figcaption><a href=\"https:\/\/opinionpublica.com.ar\/index\/wp-content\/uploads\/2024\/04\/guillermo-francos.jpg\"><img fetchpriority=\"high\" decoding=\"async\" class=\"alignnone  wp-image-1662\" src=\"https:\/\/opinionpublica.com.ar\/index\/wp-content\/uploads\/2024\/04\/guillermo-francos.jpg\" alt=\"\" width=\"523\" height=\"293\" \/><\/a><\/figcaption><\/figure>\n<div class=\"row\">\n<div class=\"content-news\">\n<article class=\"content\">El jefe de Gabinete,<strong>\u00a0<\/strong><strong>Guillermo Francos<\/strong>, asegur\u00f3 que el ex candidato a presidente de Uni\u00f3n por la Patria<strong>\u00a0Sergio Massa<\/strong>\u00a0\u00abest\u00e1 trabajando para generar inestabilidad\u00bb en el Gobierno, luego de una semana adversa en los mercados por la suba del d\u00f3lar blue, el rebote del riesgo pa\u00eds y la ca\u00edda de bonos y acciones.<\/p>\n<p>Entrevistado por Luis Novaresio en LN+, el funcionario apunt\u00f3 contra el ex ministro de Econom\u00eda. \u00abEst\u00e1 haciendo mantenimiento del helic\u00f3ptero\u00bb, afirm\u00f3, a la vez que se\u00f1al\u00f3 que la oposici\u00f3n busca que el Gobierno se equivoque: \u00abNo pararon las aspas del club del helic\u00f3ptero, se trabaja para eso y detr\u00e1s de eso hay un poder econ\u00f3mico que opera en los mercados\u00bb.<\/p>\n<p>\u00abCreo que hay actitudes que llevan a pensar que el excandidato est\u00e1 trabajando para generar inestabilidad en el Gobierno porque le conviene en t\u00e9rminos pol\u00edticos\u00bb, sostuvo el ex ministro del Interior.<\/p>\n<p>Asimismo, indic\u00f3 que parte de la situaci\u00f3n actual de la Argentina es producto de las medidas que tom\u00f3 el ex ministro de Hacienda durante su gesti\u00f3n.<\/p>\n<p>\u00abA Massa le dir\u00eda que tome conciencia de la realidad, de que lo que vive la Argentina es producto de su gobierno y muchas de las medidas que tom\u00f3. Que guarde las herramientas y espere otra oportunidad\u00bb, dijo.<\/p>\n<h3><strong>Francos adelant\u00f3 que Sturzenegger asumir\u00eda el viernes\u00a0<\/strong><\/h3>\n<p>El jefe de Gabinete,\u00a0<strong>Guillermo Francos, confirm\u00f3 ayer que est\u00e1 casi todo listo para el desembarco del economista Federico Sturzenegger<\/strong>\u00a0al frente de un nuevo ministerio, mientras que ratific\u00f3 el rumbo econ\u00f3mico de Luis Caputo tras la reciente subida del d\u00f3lar blue y del riesgo pa\u00eds. Tambi\u00e9n\u00a0<strong>acus\u00f3 a Sergio Massa de trabajar \u00abpara generar inestabilidad en el Gobierno\u00bb<\/strong>.<\/p>\n<p>\u00abEl Gobierno no ha cambiado su posici\u00f3n, ha sido muy claro en los ejes centrales que ha tenido para salir de una situaci\u00f3n de emergencia econ\u00f3mica cuando asumi\u00f3 el 10 de diciembre.\u00a0<strong>En ese momento est\u00e1bamos al borde del precipicio, el Gobierno tom\u00f3 medidas para salir de esa situaci\u00f3n<\/strong>, sigui\u00f3 con esa pol\u00edtica y ha habido un cambio de una enorme significaci\u00f3n\u00bb, se\u00f1al\u00f3 el funcionario.<\/p>\n<div class=\"statics_module block-aside\">\n<div id=\"div-gpt-ad-1633520743534-0\" data-google-query-id=\"CPiWjLDSjYcDFQODlQIdq2AKOQ\">\n<div id=\"google_ads_iframe_\/21709548400\/Eleconomista\/nota_wide3_0__container__\"><\/div>\n<\/div>\n<\/div>\n<p>Francos agreg\u00f3: \u00abLa masa monetaria no se ha incrementado, no se ha emitido, no se ha endeudado, entonces\u00a0<strong>no hay una situaci\u00f3n como para generar ese estado de \u00e1nimo inestable en los mercados<\/strong>\u00ab. \u00abEl Gobierno no va a cambiar lo que viene haciendo, va a\u00a0<strong>continuar aplicando esta pol\u00edtica hasta conseguir estabilizar todas las variables macro<\/strong>\u00a0y ahora, a partir de la sanci\u00f3n de estas leyes que estamos debatiendo hace seis meses, las pondremos en vigencia para tener mayor crecimiento de la actividad econ\u00f3mica\u00bb, sigui\u00f3.<\/p>\n<h3><strong>Ley de Bases, Pacto de mayo y mujeres en la Corte<\/strong><\/h3>\n<p>Sobre la aprobada ley de Bases, Guillermo Francos afirm\u00f3 que \u00abel presidente est\u00e1 detr\u00e1s de esa reglamentaci\u00f3n porque\u00a0<strong>de ah\u00ed va a venir una parte significativa e importante de la actividad econ\u00f3mica del pa\u00eds<\/strong>\u00ab. Tambi\u00e9n se refiri\u00f3 a la firma del Pacto de mayo en Tucum\u00e1n, prevista para el lunes pr\u00f3ximo, antes del D\u00eda de la Independencia.<\/p>\n<p>\u00abPor supuesto que hay algunos (gobernadores) que no van a estar, nosotros\u00a0<strong>lamentamos mucho que no se comprenda en algunos sectores de la oposici\u00f3n m\u00e1s recalcitrante que no ven la necesidad que expresa el pueblo<\/strong>. Para nosotros es una fecha importante porque es el d\u00eda que los argentinos celebramos la independencia y con este pacto simb\u00f3lico\u00a0<strong>queremos dar vuelta la p\u00e1gina de los fracasos<\/strong>, y empezar una etapa diferente de crecimiento y cambio\u00bb, sostuvo.<\/p>\n<div class=\"statics_module block-aside\">\n<div id=\"div-gpt-ad-1674406448920-0\" data-google-query-id=\"CPmWjLDSjYcDFQODlQIdq2AKOQ\">\n<div id=\"google_ads_iframe_\/21709548400\/Eleconomista\/nota_wide4_0__container__\"><\/div>\n<\/div>\n<\/div>\n<p>Adem\u00e1s, cuando Luis Novaresio le consult\u00f3 si estaba previsto \u00abcambiar el pliego de Garc\u00eda Mansilla por una mujer, como se reclama\u00bb, Francos respondi\u00f3: \u00abNo. No est\u00e1 previsto hacer eso. Estos d\u00edas s\u00ed se estaba hablando de la posibilidad de ampliar los ministros de la Corte. Alguna vez fue de 5, otra de 7 y otra de 9. Me parece que la inclusi\u00f3n de la mujer en la Corte es importante\u00bb.<\/p>\n<p>Luego sum\u00f3: \u00abHay mujeres con mucha capacidad para integrar la Corte, habr\u00e1 que verlo, es un tema que tiene que evaluar el presidente de la Rep\u00fablica. Hubo conversaciones sobre ese punto, pero no hay una decisi\u00f3n tomada. Si el presidente la toma, a m\u00ed no me parecer\u00eda mal\u00bb. \u00a0Manuel Garc\u00eda Mansilla, el abogado elegido para reemplazar a Juan Carlos Maqueda en la Corte Suprema, fue propuesto por Javier Milei junto al juez federal Ariel Lijo, en reemplazo de Elena Highton de Nolasco.<\/p>\n<h2><strong>Lo cruz\u00f3 Galmarini<\/strong><\/h2>\n<p>Uno de los que cruz\u00f3 a Francos fue\u00a0<strong>Sebasti\u00e1n Galmarini<\/strong>, hermano de Malena y director del Bapro. \u00abNo pretenda poner la irresponsabilidad de su administraci\u00f3n en otros actores, que para internas tiene mucho con Victoria Villaruel y Mauricio Macri\u00bb, dijo Galmarini en X.<\/p>\n<\/article>\n<\/div>\n<\/div>\n","protected":false},"excerpt":{"rendered":"<p>El jefe de Gabinete apunt\u00f3 contra el ex candidato presidencial de UxP por la turbulencia que sacudi\u00f3 los<\/p>\n","protected":false},"author":8,"featured_media":4360,"comment_status":"open","ping_status":"open","sticky":false,"template":"","format":"standard","meta":{"footnotes":""},"categories":[3],"tags":[453,1774,1775],"class_list":["post-4359","post","type-post","status-publish","format-standard","has-post-thumbnail","hentry","category-nacionales","tag-guillermo-francos","tag-sergio-massa","tag-sturzenegger"],"featured_image_urls":{"full":["https:\/\/opinionpublica.com.ar\/index\/wp-content\/uploads\/2024\/07\/sergio-massa.jpg",1366,909,false],"thumbnail":["https:\/\/opinionpublica.com.ar\/index\/wp-content\/uploads\/2024\/07\/sergio-massa-150x150.jpg",150,150,true],"medium":["https:\/\/opinionpublica.com.ar\/index\/wp-content\/uploads\/2024\/07\/sergio-massa-300x200.jpg",300,200,true],"medium_large":["https:\/\/opinionpublica.com.ar\/index\/wp-content\/uploads\/2024\/07\/sergio-massa-768x511.jpg",640,426,true],"large":["https:\/\/opinionpublica.com.ar\/index\/wp-content\/uploads\/2024\/07\/sergio-massa-1024x681.jpg",640,426,true],"1536x1536":["https:\/\/opinionpublica.com.ar\/index\/wp-content\/uploads\/2024\/07\/sergio-massa.jpg",1366,909,false],"2048x2048":["https:\/\/opinionpublica.com.ar\/index\/wp-content\/uploads\/2024\/07\/sergio-massa.jpg",1366,909,false],"morenews-large":["https:\/\/opinionpublica.com.ar\/index\/wp-content\/uploads\/2024\/07\/sergio-massa-825x575.jpg",825,575,true],"morenews-medium":["https:\/\/opinionpublica.com.ar\/index\/wp-content\/uploads\/2024\/07\/sergio-massa-590x410.jpg",590,410,true]},"author_info":{"display_name":"RKing","author_link":"https:\/\/opinionpublica.com.ar\/index\/author\/rking\/"},"category_info":"<a href=\"https:\/\/opinionpublica.com.ar\/index\/category\/nacionales\/\" rel=\"category tag\">Nacionales<\/a>","tag_info":"Nacionales","comment_count":"0","_links":{"self":[{"href":"https:\/\/opinionpublica.com.ar\/index\/wp-json\/wp\/v2\/posts\/4359","targetHints":{"allow":["GET"]}}],"collection":[{"href":"https:\/\/opinionpublica.com.ar\/index\/wp-json\/wp\/v2\/posts"}],"about":[{"href":"https:\/\/opinionpublica.com.ar\/index\/wp-json\/wp\/v2\/types\/post"}],"author":[{"embeddable":true,"href":"https:\/\/opinionpublica.com.ar\/index\/wp-json\/wp\/v2\/users\/8"}],"replies":[{"embeddable":true,"href":"https:\/\/opinionpublica.com.ar\/index\/wp-json\/wp\/v2\/comments?post=4359"}],"version-history":[{"count":1,"href":"https:\/\/opinionpublica.com.ar\/index\/wp-json\/wp\/v2\/posts\/4359\/revisions"}],"predecessor-version":[{"id":4361,"href":"https:\/\/opinionpublica.com.ar\/index\/wp-json\/wp\/v2\/posts\/4359\/revisions\/4361"}],"wp:featuredmedia":[{"embeddable":true,"href":"https:\/\/opinionpublica.com.ar\/index\/wp-json\/wp\/v2\/media\/4360"}],"wp:attachment":[{"href":"https:\/\/opinionpublica.com.ar\/index\/wp-json\/wp\/v2\/media?parent=4359"}],"wp:term":[{"taxonomy":"category","embeddable":true,"href":"https:\/\/opinionpublica.com.ar\/index\/wp-json\/wp\/v2\/categories?post=4359"},{"taxonomy":"post_tag","embeddable":true,"href":"https:\/\/opinionpublica.com.ar\/index\/wp-json\/wp\/v2\/tags?post=4359"}],"curies":[{"name":"wp","href":"https:\/\/api.w.org\/{rel}","templated":true}]}}