{"id":4371,"date":"2024-07-05T11:15:14","date_gmt":"2024-07-05T14:15:14","guid":{"rendered":"https:\/\/opinionpublica.com.ar\/index\/?p=4371"},"modified":"2024-07-05T11:15:14","modified_gmt":"2024-07-05T14:15:14","slug":"asume-federico-sturzenegger-como-ministro","status":"publish","type":"post","link":"https:\/\/opinionpublica.com.ar\/index\/asume-federico-sturzenegger-como-ministro\/","title":{"rendered":"Asume Federico Sturzenegger como ministro"},"content":{"rendered":"<header class=\"news-headline\">\n<p class=\"ignore-parser\"><strong>En el entorno presidencial explican que las competencias con el Ministerio de Econom\u00eda \u201cya fueron establecidas\u201d para descartar que pueda haber fricciones entre el funcionario entrante y Luis Caputo.<\/strong><\/p>\n<\/header>\n<div class=\"detail-highlighted-multimedia content-protected-false\">\n<figure class=\"detail-highlighted-multimedia__figure\"><figcaption class=\"detail-highlighted-multimedia__figcaption\">\n<div class=\"detail-highlighted-multimedia__caption\">\n<p><a href=\"https:\/\/opinionpublica.com.ar\/index\/wp-content\/uploads\/2024\/07\/federico-sturzenegger.webp\"><img fetchpriority=\"high\" decoding=\"async\" class=\"alignnone size-full wp-image-4373\" src=\"https:\/\/opinionpublica.com.ar\/index\/wp-content\/uploads\/2024\/07\/federico-sturzenegger.webp\" alt=\"\" width=\"790\" height=\"592\" srcset=\"https:\/\/opinionpublica.com.ar\/index\/wp-content\/uploads\/2024\/07\/federico-sturzenegger.webp 790w, https:\/\/opinionpublica.com.ar\/index\/wp-content\/uploads\/2024\/07\/federico-sturzenegger-300x225.webp 300w, https:\/\/opinionpublica.com.ar\/index\/wp-content\/uploads\/2024\/07\/federico-sturzenegger-768x576.webp 768w\" sizes=\"(max-width: 790px) 100vw, 790px\" \/><\/a><\/p>\n<\/div>\n<\/figcaption><\/figure>\n<\/div>\n<article class=\"article-body article-body--first-paragraph content-protected-false\" data-td-script-src=\"https:\/\/www.ambito.com\/td\/modulos\/encuestas\/js\/function-embeds-min-version-1719979672.js\">Finalmente,\u00a0<strong>Federico Sturzenegger<\/strong>\u00a0<strong>jurar\u00e1 este viernes como\u00a0ministro<\/strong>\u00a0de Desregulaci\u00f3n y Transformaci\u00f3n\u00a0tras la publicaci\u00f3n su nuevo cargo en el Bolet\u00edn Oficial. No le result\u00f3 f\u00e1cil al Gobierno establecer qu\u00e9 \u00e1reas de competencia tendr\u00e1 el extitular del Banco Central durante el gobierno de\u00a0<strong>Mauricio Macri.<\/strong>\u00a0En las \u00faltimas horas, el nombre del expresidente fue muchas veces mencionado en los despachos oficiales y no precisamente con cari\u00f1o.<\/p>\n<\/article>\n<div id=\"hybs-mslot-8600-0\" class=\"hybs-mslot\"><\/div>\n<article class=\"article-body article-body--second-paragraph content-protected-false\">Comentan que\u00a0<strong>sorprendi\u00f3\u00a0<\/strong>la\u00a0carta reclamando los fondos de la Ciudad.\u00a0<strong>\u201cNo se entiende\u201d\u00a0<\/strong>afirman en el entorno presidencial porque\u00a0<strong>\u201chace meses (Luis) \u201cToto\u201d Caputo lleg\u00f3 a un acuerdo con Jorge Macri\u201d.<\/strong><\/p>\n<\/article>\n<article class=\"article-body article-body--third-paragraph content-protected-false\">Sin entrar en detalles, en la Rosada sostienen que\u00a0<strong>la deuda pasada no se pagar\u00e1 y si habr\u00e1 giros a partir de ahora, dependiendo de los ingresos.<\/strong><\/p>\n<p>&nbsp;<\/p>\n<\/article>\n<article class=\"article-body article-body--fourth-paragraph content-protected-false\"><\/article>\n<article class=\"article-body article-body--remaining-paragraph content-protected-false\">\n<h2><strong>L\u00edmites a la funci\u00f3n de Federico Sturzenegger<\/strong><\/h2>\n<p>Volviendo a Sturzenegger, en el entorno presidencial explican que\u00a0<strong>las competencias con el Ministerio de Econom\u00eda \u201cya fueron establecidas\u201d<\/strong>\u00a0para\u00a0<strong>descartar que pueda haber fricciones\u00a0<\/strong>entre el funcionario entrante y Caputo.<\/p>\n<p>Tambi\u00e9n se precisaron las atribuciones respecto a las\u00a0<strong>empresas p\u00fablicas y a ser privatizadas que, en principio, quedan bajo la \u00f3rbita del Palacio de Hacienda.<\/strong><\/p>\n<p>El nuevo ministerio\u00a0<strong>absorber\u00e1 mayoritariamente \u00e1reas que le cedi\u00f3 la Jefatura de Gabinete<\/strong>. En este sentido, su titular,\u00a0<strong>Guillermo Francos<\/strong>\u00a0decidi\u00f3 que la Jefatura de Ministros sea una cartera de \u201ccoordinaci\u00f3n\u201d no de \u201ccontrol\u201d, dejando bajo su \u00f3rbita las dependencias espec\u00edficas, como, por ejemplo, el tema del presupuesto nacional.<\/p>\n<p>La incorporaci\u00f3n de Sturzenegger al Gobierno apunta a\u00a0<strong>\u201cmodernizar y liberar la mayor parte de las trabas que frenan al sector privado\u201d<\/strong>. Es m\u00e1s, tendr\u00eda una secretar\u00eda de\u00a0<strong>\u201cDesregulaci\u00f3n Econ\u00f3mica\u201d<\/strong>\u00a0con la intenci\u00f3n de\u00a0<strong>revisar \u00e1rea por \u00e1rea las normas que impidan el funcionamiento de la econom\u00eda.<\/strong>\u00a0Asimismo, buscar\u00e1 establecer\u00a0<strong>marcos regulatorios m\u00e1s simples.<\/strong><\/p>\n<p>El presidente\u00a0<strong>Javier Milei<\/strong>\u00a0se refiri\u00f3 a\u00a0<strong>Federico Sturzenegger como el \u201cmejor economista del planeta\u201d.\u00a0<\/strong>En \u00e1mbitos oficiales se dice que el funcionario entrante tiene un estilo \u201cmuy particular\u201d que no pasar\u00e1 desapercibido en el Gabinete. Esta puede ser una de las causas de la demora en su asunci\u00f3n, ya que se busc\u00f3 definir con la mayor claridad posible sus competencias.<\/p>\n<p>Lo que nadie duda es que el nuevo ministro tendr\u00e1\u00a0<strong>amplias facultades para desregular, desburocratizar y reducir la injerencia del Estado.<\/strong><\/p>\n<\/article>\n<form id=\"form-news-v2\" class=\"newsletter-subscription needs-validation form\" role=\"form\" data-td-script-src=\"https:\/\/www.ambito.com\/js-custom\/239\/v3\/newsletter-min-version-1719979585.js\"><\/form>\n","protected":false},"excerpt":{"rendered":"<p>En el entorno presidencial explican que las competencias con el Ministerio de Econom\u00eda \u201cya fueron establecidas\u201d para descartar<\/p>\n","protected":false},"author":8,"featured_media":4372,"comment_status":"open","ping_status":"open","sticky":false,"template":"","format":"standard","meta":{"footnotes":""},"categories":[3],"tags":[1336,692,797],"class_list":["post-4371","post","type-post","status-publish","format-standard","has-post-thumbnail","hentry","category-nacionales","tag-federico-sturzenegger","tag-javier-milei","tag-luis-caputo"],"featured_image_urls":{"full":["https:\/\/opinionpublica.com.ar\/index\/wp-content\/uploads\/2024\/07\/federico-sturzenegger-1828843.jpg",987,555,false],"thumbnail":["https:\/\/opinionpublica.com.ar\/index\/wp-content\/uploads\/2024\/07\/federico-sturzenegger-1828843-150x150.jpg",150,150,true],"medium":["https:\/\/opinionpublica.com.ar\/index\/wp-content\/uploads\/2024\/07\/federico-sturzenegger-1828843-300x169.jpg",300,169,true],"medium_large":["https:\/\/opinionpublica.com.ar\/index\/wp-content\/uploads\/2024\/07\/federico-sturzenegger-1828843-768x432.jpg",640,360,true],"large":["https:\/\/opinionpublica.com.ar\/index\/wp-content\/uploads\/2024\/07\/federico-sturzenegger-1828843.jpg",640,360,false],"1536x1536":["https:\/\/opinionpublica.com.ar\/index\/wp-content\/uploads\/2024\/07\/federico-sturzenegger-1828843.jpg",987,555,false],"2048x2048":["https:\/\/opinionpublica.com.ar\/index\/wp-content\/uploads\/2024\/07\/federico-sturzenegger-1828843.jpg",987,555,false],"morenews-large":["https:\/\/opinionpublica.com.ar\/index\/wp-content\/uploads\/2024\/07\/federico-sturzenegger-1828843-825x555.jpg",825,555,true],"morenews-medium":["https:\/\/opinionpublica.com.ar\/index\/wp-content\/uploads\/2024\/07\/federico-sturzenegger-1828843-590x410.jpg",590,410,true]},"author_info":{"display_name":"RKing","author_link":"https:\/\/opinionpublica.com.ar\/index\/author\/rking\/"},"category_info":"<a href=\"https:\/\/opinionpublica.com.ar\/index\/category\/nacionales\/\" rel=\"category tag\">Nacionales<\/a>","tag_info":"Nacionales","comment_count":"0","_links":{"self":[{"href":"https:\/\/opinionpublica.com.ar\/index\/wp-json\/wp\/v2\/posts\/4371","targetHints":{"allow":["GET"]}}],"collection":[{"href":"https:\/\/opinionpublica.com.ar\/index\/wp-json\/wp\/v2\/posts"}],"about":[{"href":"https:\/\/opinionpublica.com.ar\/index\/wp-json\/wp\/v2\/types\/post"}],"author":[{"embeddable":true,"href":"https:\/\/opinionpublica.com.ar\/index\/wp-json\/wp\/v2\/users\/8"}],"replies":[{"embeddable":true,"href":"https:\/\/opinionpublica.com.ar\/index\/wp-json\/wp\/v2\/comments?post=4371"}],"version-history":[{"count":1,"href":"https:\/\/opinionpublica.com.ar\/index\/wp-json\/wp\/v2\/posts\/4371\/revisions"}],"predecessor-version":[{"id":4374,"href":"https:\/\/opinionpublica.com.ar\/index\/wp-json\/wp\/v2\/posts\/4371\/revisions\/4374"}],"wp:featuredmedia":[{"embeddable":true,"href":"https:\/\/opinionpublica.com.ar\/index\/wp-json\/wp\/v2\/media\/4372"}],"wp:attachment":[{"href":"https:\/\/opinionpublica.com.ar\/index\/wp-json\/wp\/v2\/media?parent=4371"}],"wp:term":[{"taxonomy":"category","embeddable":true,"href":"https:\/\/opinionpublica.com.ar\/index\/wp-json\/wp\/v2\/categories?post=4371"},{"taxonomy":"post_tag","embeddable":true,"href":"https:\/\/opinionpublica.com.ar\/index\/wp-json\/wp\/v2\/tags?post=4371"}],"curies":[{"name":"wp","href":"https:\/\/api.w.org\/{rel}","templated":true}]}}