{"id":4375,"date":"2024-07-05T11:45:33","date_gmt":"2024-07-05T14:45:33","guid":{"rendered":"https:\/\/opinionpublica.com.ar\/index\/?p=4375"},"modified":"2024-07-05T11:45:33","modified_gmt":"2024-07-05T14:45:33","slug":"el-municipio-otorgo-un-subsidio-extraordinario-a-la-uise-por-289-000-000","status":"publish","type":"post","link":"https:\/\/opinionpublica.com.ar\/index\/el-municipio-otorgo-un-subsidio-extraordinario-a-la-uise-por-289-000-000\/","title":{"rendered":"El Municipio otorg\u00f3 un subsidio extraordinario a la UISE por $289.000.000"},"content":{"rendered":"<div class=\"shareButtons\"><\/div>\n<p><strong>A trav\u00e9s del Decreto 1051\/2024 el Intendente de la ciudad, Walter Vuoto, decidi\u00f3 otorgar un subsidio extraordinario a la empresa prestataria del servicio de transporte p\u00fablico de colectivos, Ushuaia Integral Sociedad del Estado, por 289.000.000\u00a0millones de pesos.<\/strong><\/p>\n<p>&nbsp;<\/p>\n<p><a href=\"https:\/\/opinionpublica.com.ar\/index\/wp-content\/uploads\/2024\/07\/colectivo_ushuaia.jpg\"><img fetchpriority=\"high\" decoding=\"async\" class=\"alignnone size-full wp-image-4376\" src=\"https:\/\/opinionpublica.com.ar\/index\/wp-content\/uploads\/2024\/07\/colectivo_ushuaia.jpg\" alt=\"\" width=\"1366\" height=\"765\" srcset=\"https:\/\/opinionpublica.com.ar\/index\/wp-content\/uploads\/2024\/07\/colectivo_ushuaia.jpg 1366w, https:\/\/opinionpublica.com.ar\/index\/wp-content\/uploads\/2024\/07\/colectivo_ushuaia-300x168.jpg 300w, https:\/\/opinionpublica.com.ar\/index\/wp-content\/uploads\/2024\/07\/colectivo_ushuaia-1024x573.jpg 1024w, https:\/\/opinionpublica.com.ar\/index\/wp-content\/uploads\/2024\/07\/colectivo_ushuaia-768x430.jpg 768w\" sizes=\"(max-width: 1366px) 100vw, 1366px\" \/><\/a><\/p>\n<p>&nbsp;<\/p>\n<p>El pedido fue realizado por el presidente de la empresa, Guillermo Aramburu, al considerar que \u201cel transporte p\u00fablico ha enfrentado distintas situaciones derivadas de la interrupci\u00f3n de ingresos ordinarios del Fondo Compensador del Servicio de Transporte Urbano\u201d.<\/p>\n<p>El dato se dio a conocer este jueves a trav\u00e9s del Bolet\u00edn Oficial Municipal. Desde el Ejecutivo argumentaron que el env\u00edo de los fondos busca \u201cevitar el incremento desmedido de las tarifas, que implicar\u00eda un perjuicio para la econom\u00eda de los usuarios del servicio\u201d. Adem\u00e1s, destacaron la necesidad de \u201creforzar el mantenimiento de las unidades afectadas al servicio y mantener el compromiso asumido en lo referido a aumentos salariales\u201d.<\/p>\n<p>El documento lleva la firma del Secretaria de Econom\u00eda y Finanzas, Araceli Oviedo y la del Intendente, Walter Vuoto.<\/p>\n","protected":false},"excerpt":{"rendered":"<p>A trav\u00e9s del Decreto 1051\/2024 el Intendente de la ciudad, Walter Vuoto, decidi\u00f3 otorgar un subsidio extraordinario a<\/p>\n","protected":false},"author":8,"featured_media":4376,"comment_status":"open","ping_status":"open","sticky":false,"template":"","format":"standard","meta":{"footnotes":""},"categories":[2,21],"tags":[1780,237,538],"class_list":["post-4375","post","type-post","status-publish","format-standard","has-post-thumbnail","hentry","category-tierra-del-fuego","category-ushuaia","tag-subsidio-extraordinario","tag-uise","tag-walter-vuoto"],"featured_image_urls":{"full":["https:\/\/opinionpublica.com.ar\/index\/wp-content\/uploads\/2024\/07\/colectivo_ushuaia.jpg",1366,765,false],"thumbnail":["https:\/\/opinionpublica.com.ar\/index\/wp-content\/uploads\/2024\/07\/colectivo_ushuaia-150x150.jpg",150,150,true],"medium":["https:\/\/opinionpublica.com.ar\/index\/wp-content\/uploads\/2024\/07\/colectivo_ushuaia-300x168.jpg",300,168,true],"medium_large":["https:\/\/opinionpublica.com.ar\/index\/wp-content\/uploads\/2024\/07\/colectivo_ushuaia-768x430.jpg",640,358,true],"large":["https:\/\/opinionpublica.com.ar\/index\/wp-content\/uploads\/2024\/07\/colectivo_ushuaia-1024x573.jpg",640,358,true],"1536x1536":["https:\/\/opinionpublica.com.ar\/index\/wp-content\/uploads\/2024\/07\/colectivo_ushuaia.jpg",1366,765,false],"2048x2048":["https:\/\/opinionpublica.com.ar\/index\/wp-content\/uploads\/2024\/07\/colectivo_ushuaia.jpg",1366,765,false],"morenews-large":["https:\/\/opinionpublica.com.ar\/index\/wp-content\/uploads\/2024\/07\/colectivo_ushuaia-825x575.jpg",825,575,true],"morenews-medium":["https:\/\/opinionpublica.com.ar\/index\/wp-content\/uploads\/2024\/07\/colectivo_ushuaia-590x410.jpg",590,410,true]},"author_info":{"display_name":"RKing","author_link":"https:\/\/opinionpublica.com.ar\/index\/author\/rking\/"},"category_info":"<a href=\"https:\/\/opinionpublica.com.ar\/index\/category\/tierra-del-fuego\/\" rel=\"category tag\">Tierra del Fuego<\/a> <a href=\"https:\/\/opinionpublica.com.ar\/index\/category\/ushuaia\/\" rel=\"category tag\">Ushuaia<\/a>","tag_info":"Ushuaia","comment_count":"0","_links":{"self":[{"href":"https:\/\/opinionpublica.com.ar\/index\/wp-json\/wp\/v2\/posts\/4375","targetHints":{"allow":["GET"]}}],"collection":[{"href":"https:\/\/opinionpublica.com.ar\/index\/wp-json\/wp\/v2\/posts"}],"about":[{"href":"https:\/\/opinionpublica.com.ar\/index\/wp-json\/wp\/v2\/types\/post"}],"author":[{"embeddable":true,"href":"https:\/\/opinionpublica.com.ar\/index\/wp-json\/wp\/v2\/users\/8"}],"replies":[{"embeddable":true,"href":"https:\/\/opinionpublica.com.ar\/index\/wp-json\/wp\/v2\/comments?post=4375"}],"version-history":[{"count":1,"href":"https:\/\/opinionpublica.com.ar\/index\/wp-json\/wp\/v2\/posts\/4375\/revisions"}],"predecessor-version":[{"id":4380,"href":"https:\/\/opinionpublica.com.ar\/index\/wp-json\/wp\/v2\/posts\/4375\/revisions\/4380"}],"wp:featuredmedia":[{"embeddable":true,"href":"https:\/\/opinionpublica.com.ar\/index\/wp-json\/wp\/v2\/media\/4376"}],"wp:attachment":[{"href":"https:\/\/opinionpublica.com.ar\/index\/wp-json\/wp\/v2\/media?parent=4375"}],"wp:term":[{"taxonomy":"category","embeddable":true,"href":"https:\/\/opinionpublica.com.ar\/index\/wp-json\/wp\/v2\/categories?post=4375"},{"taxonomy":"post_tag","embeddable":true,"href":"https:\/\/opinionpublica.com.ar\/index\/wp-json\/wp\/v2\/tags?post=4375"}],"curies":[{"name":"wp","href":"https:\/\/api.w.org\/{rel}","templated":true}]}}