{"id":4432,"date":"2024-07-08T17:16:56","date_gmt":"2024-07-08T20:16:56","guid":{"rendered":"https:\/\/opinionpublica.com.ar\/index\/?p=4432"},"modified":"2024-07-08T17:16:56","modified_gmt":"2024-07-08T20:16:56","slug":"el-banco-de-tierra-del-fuego-anuncio-nuevas-lineas-crediticias-para-empresas","status":"publish","type":"post","link":"https:\/\/opinionpublica.com.ar\/index\/el-banco-de-tierra-del-fuego-anuncio-nuevas-lineas-crediticias-para-empresas\/","title":{"rendered":"El Banco de Tierra del Fuego anuncio nuevas l\u00edneas crediticias para empresas"},"content":{"rendered":"<div class=\"copete_individual_noticia\">Las herramientas financieras est\u00e1n dise\u00f1adas para que las empresas locales puedan sostener el empleo, incentivar inversiones y mantener el nivel de actividad econ\u00f3mica.<\/div>\n<div><\/div>\n<div><a href=\"https:\/\/opinionpublica.com.ar\/index\/wp-content\/uploads\/2024\/04\/banco-tierra-del-fuego.jpg\"><img fetchpriority=\"high\" decoding=\"async\" class=\"alignnone size-full wp-image-2461\" src=\"https:\/\/opinionpublica.com.ar\/index\/wp-content\/uploads\/2024\/04\/banco-tierra-del-fuego.jpg\" alt=\"\" width=\"1003\" height=\"480\" srcset=\"https:\/\/opinionpublica.com.ar\/index\/wp-content\/uploads\/2024\/04\/banco-tierra-del-fuego.jpg 1003w, https:\/\/opinionpublica.com.ar\/index\/wp-content\/uploads\/2024\/04\/banco-tierra-del-fuego-300x144.jpg 300w, https:\/\/opinionpublica.com.ar\/index\/wp-content\/uploads\/2024\/04\/banco-tierra-del-fuego-768x368.jpg 768w\" sizes=\"(max-width: 1003px) 100vw, 1003px\" \/><\/a><\/div>\n<div class=\"clear_both\"><\/div>\n<div class=\"contenido_individual_noticia\">\n<div class=\"contenedor_primera_letra_individual_noticia\">El Banco de Tierra del Fuego anunci\u00f3 el lanzamiento de nuevas l\u00edneas de financiamiento destinadas a fortalecer el sector comercial y productivo de la provincia. Estos cr\u00e9ditos se suman a las otras herramientas ya existentes en la entidad, dise\u00f1adas para proporcionar instrumentos efectivos que permitan a las empresas locales sostener el empleo, incentivar inversiones y mantener el nivel de actividad econ\u00f3mica.<br \/>\nEntre las nuevas opciones de financiamiento se incluyen una l\u00ednea de pr\u00e9stamos para capital de trabajo, con una tasa fija del 39,5% anual y un plazo de hasta 24 meses; una l\u00ednea de bienes de capital, que ofrece un financiamiento a 44 meses con una tasa fija del 40% para las primeras 24 cuotas; y una l\u00ednea para negociaci\u00f3n de valores, con una tasa adelantada del 29,58% para cheques con vencimiento hasta 180 d\u00edas y una tasa del 30,34% para aquellos con fecha de pago entre 180 y 365 d\u00edas.<br \/>\nEl presidente del BTF,\u00a0 Fabi\u00e1n Musso, destac\u00f3 la relevancia de estas nuevas l\u00edneas de cr\u00e9dito, subrayando \u201cla importancia de contar con opciones de financiamiento a tasas accesibles ante el complejo y din\u00e1mico contexto macroecon\u00f3mico nacional\u201d, y enfatiz\u00f3 que \u201ceste trabajo se realiza con la responsabilidad necesaria para sostener la solidez de los indicadores financieros y econ\u00f3micos de la instituci\u00f3n\u201d.<br \/>\nEstos cr\u00e9ditos est\u00e1n destinados a Micro, Peque\u00f1as y Medianas Empresas que mantengan una relaci\u00f3n comercial con el BTF, mediante la acreditaci\u00f3n de haberes y\/o de cupones de ventas con Tarjetas.<\/div>\n<\/div>\n<div class=\"contenedor_share_buttons_individual_noticia\">\n<div class=\"contenido_share_buttons_individual_noticia\">\n<div class=\"individual_share_buttons_individual_noticia transition_03 imprimir\"><\/div>\n<div class=\"individual_share_buttons_individual_noticia transition_03 facebook\"><\/div>\n<\/div>\n<\/div>\n","protected":false},"excerpt":{"rendered":"<p>Las herramientas financieras est\u00e1n dise\u00f1adas para que las empresas locales puedan sostener el empleo, incentivar inversiones y mantener<\/p>\n","protected":false},"author":8,"featured_media":2561,"comment_status":"open","ping_status":"open","sticky":false,"template":"","format":"standard","meta":{"footnotes":""},"categories":[2],"tags":[1850,939,1851],"class_list":["post-4432","post","type-post","status-publish","format-standard","has-post-thumbnail","hentry","category-tierra-del-fuego","tag-banco-de-tierra-del-fuego","tag-btf","tag-nuevas-lineas-crediticia"],"featured_image_urls":{"full":["https:\/\/opinionpublica.com.ar\/index\/wp-content\/uploads\/2024\/04\/banco-tierra-del-fuego-1.jpg",1600,900,false],"thumbnail":["https:\/\/opinionpublica.com.ar\/index\/wp-content\/uploads\/2024\/04\/banco-tierra-del-fuego-1-150x150.jpg",150,150,true],"medium":["https:\/\/opinionpublica.com.ar\/index\/wp-content\/uploads\/2024\/04\/banco-tierra-del-fuego-1-300x169.jpg",300,169,true],"medium_large":["https:\/\/opinionpublica.com.ar\/index\/wp-content\/uploads\/2024\/04\/banco-tierra-del-fuego-1-768x432.jpg",640,360,true],"large":["https:\/\/opinionpublica.com.ar\/index\/wp-content\/uploads\/2024\/04\/banco-tierra-del-fuego-1-1024x576.jpg",640,360,true],"1536x1536":["https:\/\/opinionpublica.com.ar\/index\/wp-content\/uploads\/2024\/04\/banco-tierra-del-fuego-1-1536x864.jpg",1536,864,true],"2048x2048":["https:\/\/opinionpublica.com.ar\/index\/wp-content\/uploads\/2024\/04\/banco-tierra-del-fuego-1.jpg",1600,900,false],"morenews-large":["https:\/\/opinionpublica.com.ar\/index\/wp-content\/uploads\/2024\/04\/banco-tierra-del-fuego-1-825x575.jpg",825,575,true],"morenews-medium":["https:\/\/opinionpublica.com.ar\/index\/wp-content\/uploads\/2024\/04\/banco-tierra-del-fuego-1-590x410.jpg",590,410,true]},"author_info":{"display_name":"RKing","author_link":"https:\/\/opinionpublica.com.ar\/index\/author\/rking\/"},"category_info":"<a href=\"https:\/\/opinionpublica.com.ar\/index\/category\/tierra-del-fuego\/\" rel=\"category tag\">Tierra del Fuego<\/a>","tag_info":"Tierra del Fuego","comment_count":"0","_links":{"self":[{"href":"https:\/\/opinionpublica.com.ar\/index\/wp-json\/wp\/v2\/posts\/4432","targetHints":{"allow":["GET"]}}],"collection":[{"href":"https:\/\/opinionpublica.com.ar\/index\/wp-json\/wp\/v2\/posts"}],"about":[{"href":"https:\/\/opinionpublica.com.ar\/index\/wp-json\/wp\/v2\/types\/post"}],"author":[{"embeddable":true,"href":"https:\/\/opinionpublica.com.ar\/index\/wp-json\/wp\/v2\/users\/8"}],"replies":[{"embeddable":true,"href":"https:\/\/opinionpublica.com.ar\/index\/wp-json\/wp\/v2\/comments?post=4432"}],"version-history":[{"count":1,"href":"https:\/\/opinionpublica.com.ar\/index\/wp-json\/wp\/v2\/posts\/4432\/revisions"}],"predecessor-version":[{"id":4433,"href":"https:\/\/opinionpublica.com.ar\/index\/wp-json\/wp\/v2\/posts\/4432\/revisions\/4433"}],"wp:featuredmedia":[{"embeddable":true,"href":"https:\/\/opinionpublica.com.ar\/index\/wp-json\/wp\/v2\/media\/2561"}],"wp:attachment":[{"href":"https:\/\/opinionpublica.com.ar\/index\/wp-json\/wp\/v2\/media?parent=4432"}],"wp:term":[{"taxonomy":"category","embeddable":true,"href":"https:\/\/opinionpublica.com.ar\/index\/wp-json\/wp\/v2\/categories?post=4432"},{"taxonomy":"post_tag","embeddable":true,"href":"https:\/\/opinionpublica.com.ar\/index\/wp-json\/wp\/v2\/tags?post=4432"}],"curies":[{"name":"wp","href":"https:\/\/api.w.org\/{rel}","templated":true}]}}