{"id":4554,"date":"2024-07-16T10:17:34","date_gmt":"2024-07-16T13:17:34","guid":{"rendered":"https:\/\/opinionpublica.com.ar\/index\/?p=4554"},"modified":"2024-07-16T10:17:34","modified_gmt":"2024-07-16T13:17:34","slug":"quien-es-sergio-neiffert-el-senor-5-que-el-gobierno-nombro-en-la-side","status":"publish","type":"post","link":"https:\/\/opinionpublica.com.ar\/index\/quien-es-sergio-neiffert-el-senor-5-que-el-gobierno-nombro-en-la-side\/","title":{"rendered":"Qui\u00e9n es Sergio Neiffert, el \u00abSe\u00f1or 5\u00bb que el Gobierno nombr\u00f3 en la SIDE"},"content":{"rendered":"<div class=\"image\"><strong>El gobierno modific\u00f3 el Sistema de Inteligencia Nacional y elimin\u00f3 la AFI. El jefe de los esp\u00edas tiene su carrera desarrollada tanto en el sector p\u00fablico como en el privado.<\/strong><\/div>\n<div class=\"cont__item\"><\/div>\n<div><a href=\"https:\/\/opinionpublica.com.ar\/index\/wp-content\/uploads\/2024\/05\/afip.jpeg\"><img fetchpriority=\"high\" decoding=\"async\" class=\"alignnone size-full wp-image-3399\" src=\"https:\/\/opinionpublica.com.ar\/index\/wp-content\/uploads\/2024\/05\/afip.jpeg\" alt=\"\" width=\"960\" height=\"640\" srcset=\"https:\/\/opinionpublica.com.ar\/index\/wp-content\/uploads\/2024\/05\/afip.jpeg 960w, https:\/\/opinionpublica.com.ar\/index\/wp-content\/uploads\/2024\/05\/afip-300x200.jpeg 300w, https:\/\/opinionpublica.com.ar\/index\/wp-content\/uploads\/2024\/05\/afip-768x512.jpeg 768w\" sizes=\"(max-width: 960px) 100vw, 960px\" \/><\/a><\/div>\n<div class=\"texts\">\n<p>El Gobierno\u00a0modific\u00f3 el Sistema de Inteligencia Nacional al ordenar la\u00a0<strong>disoluci\u00f3n de la\u00a0Agencia Federal de\u00a0Inteligencia\u00a0(AFI) para volver a la\u00a0Secretar\u00eda de Inteligencia del Estado (SIDE<\/strong>)\u00a0que estar\u00e1 a cargo de\u00a0<strong>Sergio Dar\u00edo Neiffert, quien hace un mes hab\u00eda sido designado como interventor de la AFI tras la salida de\u00a0<\/strong><strong>Silvestre S\u00edvori,<\/strong>\u00a0vinculada al apartamiento del ex jefe de Gabinete\u00a0<strong>Nicol\u00e1s Posse<\/strong>.<\/p>\n<p><strong>Sergio Dario Neiffert\u00a0<\/strong>fue\u00a0oficializado como el nuevo\u00a0<strong>\u00abSe\u00f1or 5\u00bb<\/strong>, apodo que recibe el jefe de los esp\u00edas.<\/p>\n<p>&nbsp;<\/p>\n<p><strong>Qui\u00e9n es\u00a0Sergio Dar\u00edo Neiffert<\/strong><\/p>\n<p>&nbsp;<\/p>\n<p>Neiffert ocup\u00f3 el cargo de\u00a0<strong>tesorero del Consejo Escolar de Malvinas Argentinas<\/strong>, en \u00e9pocas de Jes\u00fas Cariglino -ex Frente Renovador, actual PRO- como intendente de ese distrito.<\/p>\n<p><a href=\"https:\/\/opinionpublica.com.ar\/index\/wp-content\/uploads\/2024\/06\/sergio-neiffert.jpg\"><img decoding=\"async\" class=\"alignnone size-full wp-image-3886\" src=\"https:\/\/opinionpublica.com.ar\/index\/wp-content\/uploads\/2024\/06\/sergio-neiffert.jpg\" alt=\"\" width=\"1280\" height=\"720\" srcset=\"https:\/\/opinionpublica.com.ar\/index\/wp-content\/uploads\/2024\/06\/sergio-neiffert.jpg 1280w, https:\/\/opinionpublica.com.ar\/index\/wp-content\/uploads\/2024\/06\/sergio-neiffert-300x169.jpg 300w, https:\/\/opinionpublica.com.ar\/index\/wp-content\/uploads\/2024\/06\/sergio-neiffert-1024x576.jpg 1024w, https:\/\/opinionpublica.com.ar\/index\/wp-content\/uploads\/2024\/06\/sergio-neiffert-768x432.jpg 768w\" sizes=\"(max-width: 1280px) 100vw, 1280px\" \/><\/a><\/p>\n<p><strong>Fue propuesto por Luis Caputo<\/strong>, y designado como\u00a0<strong>representante del Poder Ejecutivo Nacional ante la Autoridad de Cuenca Matanza Riachuelo (ACUMAR)<\/strong>, a trav\u00e9s del decreto 238\/2024. Tiene su carrera desarrollada tanto en el sector p\u00fablico como en el privado.<\/p>\n<p>En el \u00e1mbito empresarial,\u00a0Neiffert presidi\u00f3\u00a0<em>New Consuld SA<\/em>, una compa\u00f1\u00eda con un amplio espectro de actividades que van desde la representaci\u00f3n y mandatos en gestiones de negocios hasta la explotaci\u00f3n de derechos econ\u00f3micos. Tambi\u00e9n figura como director suplente de New Francos SA, una empresa dedicada a la construcci\u00f3n y operaciones inmobiliarias.<\/p>\n<p>El curr\u00edculum gener\u00f3 el interrogante sobre si tiene una experiencia id\u00f3nea para semejante responsabilidad. Aunque vale recordar el caso de\u00a0<strong>Gustavo Arribas<\/strong>, ex jefe de la AFI durante el macrismo. Era representante de futbolistas y\u00a0<strong>Mauricio Macri<\/strong>\u00a0reconoci\u00f3 darle ese cargo a su amigo por ser \u00abvivo\u00bb, seg\u00fan sus declaraciones.<\/p>\n<p><strong>La pol\u00e9mica y herm\u00e9tica salida de Sivori<\/strong><\/p>\n<p>&nbsp;<\/p>\n<p>Santiago Caputo, se hizo cargo del asunto mientras Milei estaba en EE.UU. y recibi\u00f3 a S\u00edvori. Lo acompa\u00f1\u00f3 Eduardo \u201cLule\u201d Menem, subsecretario de Gesti\u00f3n Institucional. Del intercambio en Casa Rosada sali\u00f3 el nombre de Neiffert.<\/p>\n<p>De manera oficial y p\u00fablica, ning\u00fan funcionario se anim\u00f3 a acusar de espionaje, pero luego diversas fuentes de Casa de Gobierno filtraron a la prensa el malestar que hab\u00eda en Presidencia al enterarse de presuntos seguimientos a muchos de los suyos.<\/p>\n<p>El periodista y analista de\u00a0<em>La Naci\u00f3n<\/em>\u00a0que se especializa en informaci\u00f3n sobre estas \u00e1reas de gobierno,\u00a0<strong>Carlos Pagni<\/strong>, escribi\u00f3 un art\u00edculo en donde se pregunta precisamente los motivos de la salida de Sivori.<\/p>\n<p>\u00ab\u00bfNeiffert llega a la AFI porque su antecesor, Silvestre S\u00edvori, investig\u00f3 vinculaciones de figuras relevantes del Gobierno, sobre todo a Santiago Caputo, en sus relaciones con algunos dirigentes opositores? Es lo que sugieren en el entorno de\u00a0Caputo. \u00bfO es como afirman los amigos de S\u00edvori, que se retir\u00f3 por resistirse a espiar a pol\u00edticos y periodistas, como le ped\u00edan? \u00bfO son ciertas las dos cosas? La enemistad avanza\u00bb, advirti\u00f3.<\/p>\n<p>Lo cierto es que tal como lo anticip\u00f3 el flamante jefe de Gabinete,\u00a0Guillermo Francos,<strong>\u00a0la AFI (ahora SIDE) reportar\u00e1 directamente a la Presidencia de la Naci\u00f3n<\/strong>, algo que en la teor\u00eda estaba establecido, pero que en la pr\u00e1ctica no suced\u00eda:\u00a0<strong>S\u00edvori reportaba \u00fanicamente a Nicol\u00e1s Posse<\/strong>, quien lo hab\u00eda recomendado para el cargo. Adorni dijo que la ex SIDE pasar\u00e1 a depender \u00abdirectamente de Presidencia de la Naci\u00f3n, como fue en otros tiempos y como entendemos que deber\u00eda ser\u00bb.<\/p>\n<p>&nbsp;<\/p>\n<\/div>\n","protected":false},"excerpt":{"rendered":"<p>El gobierno modific\u00f3 el Sistema de Inteligencia Nacional y elimin\u00f3 la AFI. El jefe de los esp\u00edas tiene<\/p>\n","protected":false},"author":8,"featured_media":3886,"comment_status":"open","ping_status":"open","sticky":false,"template":"","format":"standard","meta":{"footnotes":""},"categories":[3],"tags":[1273,1896,1897],"class_list":["post-4554","post","type-post","status-publish","format-standard","has-post-thumbnail","hentry","category-nacionales","tag-afi","tag-dario-neiffert","tag-side"],"featured_image_urls":{"full":["https:\/\/opinionpublica.com.ar\/index\/wp-content\/uploads\/2024\/06\/sergio-neiffert.jpg",1280,720,false],"thumbnail":["https:\/\/opinionpublica.com.ar\/index\/wp-content\/uploads\/2024\/06\/sergio-neiffert-150x150.jpg",150,150,true],"medium":["https:\/\/opinionpublica.com.ar\/index\/wp-content\/uploads\/2024\/06\/sergio-neiffert-300x169.jpg",300,169,true],"medium_large":["https:\/\/opinionpublica.com.ar\/index\/wp-content\/uploads\/2024\/06\/sergio-neiffert-768x432.jpg",640,360,true],"large":["https:\/\/opinionpublica.com.ar\/index\/wp-content\/uploads\/2024\/06\/sergio-neiffert-1024x576.jpg",640,360,true],"1536x1536":["https:\/\/opinionpublica.com.ar\/index\/wp-content\/uploads\/2024\/06\/sergio-neiffert.jpg",1280,720,false],"2048x2048":["https:\/\/opinionpublica.com.ar\/index\/wp-content\/uploads\/2024\/06\/sergio-neiffert.jpg",1280,720,false],"morenews-large":["https:\/\/opinionpublica.com.ar\/index\/wp-content\/uploads\/2024\/06\/sergio-neiffert-825x575.jpg",825,575,true],"morenews-medium":["https:\/\/opinionpublica.com.ar\/index\/wp-content\/uploads\/2024\/06\/sergio-neiffert-590x410.jpg",590,410,true]},"author_info":{"display_name":"RKing","author_link":"https:\/\/opinionpublica.com.ar\/index\/author\/rking\/"},"category_info":"<a href=\"https:\/\/opinionpublica.com.ar\/index\/category\/nacionales\/\" rel=\"category tag\">Nacionales<\/a>","tag_info":"Nacionales","comment_count":"0","_links":{"self":[{"href":"https:\/\/opinionpublica.com.ar\/index\/wp-json\/wp\/v2\/posts\/4554","targetHints":{"allow":["GET"]}}],"collection":[{"href":"https:\/\/opinionpublica.com.ar\/index\/wp-json\/wp\/v2\/posts"}],"about":[{"href":"https:\/\/opinionpublica.com.ar\/index\/wp-json\/wp\/v2\/types\/post"}],"author":[{"embeddable":true,"href":"https:\/\/opinionpublica.com.ar\/index\/wp-json\/wp\/v2\/users\/8"}],"replies":[{"embeddable":true,"href":"https:\/\/opinionpublica.com.ar\/index\/wp-json\/wp\/v2\/comments?post=4554"}],"version-history":[{"count":1,"href":"https:\/\/opinionpublica.com.ar\/index\/wp-json\/wp\/v2\/posts\/4554\/revisions"}],"predecessor-version":[{"id":4555,"href":"https:\/\/opinionpublica.com.ar\/index\/wp-json\/wp\/v2\/posts\/4554\/revisions\/4555"}],"wp:featuredmedia":[{"embeddable":true,"href":"https:\/\/opinionpublica.com.ar\/index\/wp-json\/wp\/v2\/media\/3886"}],"wp:attachment":[{"href":"https:\/\/opinionpublica.com.ar\/index\/wp-json\/wp\/v2\/media?parent=4554"}],"wp:term":[{"taxonomy":"category","embeddable":true,"href":"https:\/\/opinionpublica.com.ar\/index\/wp-json\/wp\/v2\/categories?post=4554"},{"taxonomy":"post_tag","embeddable":true,"href":"https:\/\/opinionpublica.com.ar\/index\/wp-json\/wp\/v2\/tags?post=4554"}],"curies":[{"name":"wp","href":"https:\/\/api.w.org\/{rel}","templated":true}]}}