{"id":4768,"date":"2024-08-07T11:06:40","date_gmt":"2024-08-07T14:06:40","guid":{"rendered":"https:\/\/opinionpublica.com.ar\/index\/?p=4768"},"modified":"2024-08-07T11:06:40","modified_gmt":"2024-08-07T14:06:40","slug":"negociacion-salarial-este-miercoles-7-continua-para-los-docentes","status":"publish","type":"post","link":"https:\/\/opinionpublica.com.ar\/index\/negociacion-salarial-este-miercoles-7-continua-para-los-docentes\/","title":{"rendered":"Negociaci\u00f3n salarial: Este mi\u00e9rcoles 7 contin\u00faa para los docentes"},"content":{"rendered":"<div class=\"row pb3p\">\n<div class=\"pt3p pb3p col-offset-0 col-md-offset-1 col-12 col-md-11 nota-encabezado\">\n<p class=\"fparrafo ctext fz18 lh25\"><strong>Este mi\u00e9rcoles, continua la discusi\u00f3n salarial entre los representantes del SUTEF y el Ejecutivo Provincia. En la reuni\u00f3n del lunes, el Gobierno ofreci\u00f3 \u201cmantener el 7,5% en agosto; en septiembre elevar el valor \u00edndice en 4%, reescalafonamiento de 4,5% y elevar el \u00edtem Adicional Transformaci\u00f3n Educativa de un 25% a un 40%; en octubre elevar el valor \u00edndice a 5% y un 10% de reescalafonamiento en relaci\u00f3n a agosto, elevando el \u00edtem Adicional Transformaci\u00f3n Educativa de un 40% a 45%\u201d. Por su parte, desde el SUTEF dijeron que \u201ccon el objetivo de recuperar el poder adquisitivo perdido, se manifest\u00f3 que las expectativas son superar ampliamente la inflaci\u00f3n y una mayor inversi\u00f3n en agosto, septiembre y octubre, con mesa de revisi\u00f3n en octubre\u201d.<\/strong><\/p>\n<\/div>\n<div class=\"col-offset-0 col-md-offset-1 col-12 col-md-11\">\n<div class=\"owl-carousel owl-theme carousel-nota owl-loaded owl-drag\">\n<div class=\"owl-stage-outer\">\n<div class=\"owl-stage\">\n<div class=\"owl-item cloned\">\n<div class=\"item\"><a href=\"https:\/\/opinionpublica.com.ar\/index\/wp-content\/uploads\/2024\/08\/20240608195153_20240520121728-sutef.jpg\"><img fetchpriority=\"high\" decoding=\"async\" class=\"alignnone size-full wp-image-4769\" src=\"https:\/\/opinionpublica.com.ar\/index\/wp-content\/uploads\/2024\/08\/20240608195153_20240520121728-sutef.jpg\" alt=\"\" width=\"880\" height=\"512\" srcset=\"https:\/\/opinionpublica.com.ar\/index\/wp-content\/uploads\/2024\/08\/20240608195153_20240520121728-sutef.jpg 880w, https:\/\/opinionpublica.com.ar\/index\/wp-content\/uploads\/2024\/08\/20240608195153_20240520121728-sutef-300x175.jpg 300w, https:\/\/opinionpublica.com.ar\/index\/wp-content\/uploads\/2024\/08\/20240608195153_20240520121728-sutef-768x447.jpg 768w\" sizes=\"(max-width: 880px) 100vw, 880px\" \/><\/a><\/div>\n<\/div>\n<\/div>\n<\/div>\n<\/div>\n<\/div>\n<\/div>\n<div class=\"row\">\n<div class=\"col-12 col-md-10 fparrafo ctext fz16 lh28 mb20\">\n<div class=\"wysiwyg mb15\">\n<p>Este lunes, 5 de agosto, se retom\u00f3 una nueva Mesa Paritaria Salarial en el Ministerio de Educaci\u00f3n de la ciudad de Ushuaia. Por parte del Ejecutivo, asistieron el ministro de Educaci\u00f3n, Pablo L\u00f3pez Silva; el ministro de Econom\u00eda, Francisco Devita; la viceministra de Econom\u00eda, Cecilia Rojo; el miembro paritario Juan Carlos Est\u00e9vez; y M\u00f3nica D\u00edaz, personal del Ministerio de Trabajo. Por parte del SUTEF asistieron Horacio Catena, Javier Mastrocolo, Alejandro G\u00f3mez y Noel Brallard.<\/p>\n<p>En primer lugar, el secretario General del SUTEF, plante\u00f3 la situaci\u00f3n de los Auxiliares Administrativos. El Ejecutivo explic\u00f3 que se ha cumplimentado el tr\u00e1mite en la Caja de Previsi\u00f3n Social de la provincia y actualmente se encuentra en el \u00e1rea de Legal y T\u00e9cnica. El Ejecutivo comprometi\u00f3 en transcurso de esta semana a informar cu\u00e1ndo se dar\u00eda el traspaso de agentes PAyT al escalaf\u00f3n docente.<\/p>\n<p>En cuanto a la problem\u00e1tica de conectividad en instituciones educativas y la imposibilidad de cargar las altas en SIGE, el Ejecutivo manifest\u00f3 que se encuentra trabajando en soluciones para no retrasar las cargas.<\/p>\n<p>Desde SUTEF se plante\u00f3 adem\u00e1s la necesidad de realizar capacitaciones en servicio, garantizando la participaci\u00f3n de la docencia fueguina. Desde el Ejecutivo quedaron en ver c\u00f3mo resolv\u00edan y facilitaban que la docencia participe de las distintas propuestas.<\/p>\n<p>Con relaci\u00f3n al plan de desendeudamiento para la docencia fueguina, informaron que el Tribunal de Cuentas est\u00e1 examinando el convenio y una vez realizado ese tr\u00e1mite se informar\u00e1 como contin\u00faa.<\/p>\n<p>Abordada la discusi\u00f3n salarial, el Ejecutivo propuso: mantener el 7,5% en agosto; en septiembre elevar el valor \u00edndice en 4%, reescalafonamiento de 4,5% y elevar el \u00edtem Adicional Transformaci\u00f3n Educativa de un 25% a un 40%; en octubre elevar el valor \u00edndice a 5% y un 10% de reescalafonamiento en relaci\u00f3n a agosto, elevando el \u00edtem Adicional Transformaci\u00f3n Educativa de un 40% a 45%.<\/p>\n<p>Desde SUTEF dijeron que \u201ccon el objetivo de recuperar el poder adquisitivo perdido, se manifest\u00f3 que las expectativas son superar ampliamente la inflaci\u00f3n y una mayor inversi\u00f3n en agosto, septiembre y octubre, con mesa de revisi\u00f3n en octubre\u201d.<\/p>\n<p>El Ejecutivo propuso pasar a un cuarto intermedio para el d\u00eda de ma\u00f1ana, mi\u00e9rcoles 7 de agosto a las 15 hs. en el Ministerio de Educaci\u00f3n de la ciudad de Ushuaia. Por su parte, SUTEF plante\u00f3 que esta semana debe haber una propuesta para que la docencia pueda evaluar en las instituciones educativas de la provincia.<\/p>\n<p>Vale mencionar que, al finalizar la Mesa Paritaria Salarial de ma\u00f1ana, se realizar\u00e1 un Congreso Provincial virtual de delegadas y delegados de SUTEF a las 18.30 horas.<\/p>\n<\/div>\n<\/div>\n<\/div>\n","protected":false},"excerpt":{"rendered":"<p>Este mi\u00e9rcoles, continua la discusi\u00f3n salarial entre los representantes del SUTEF y el Ejecutivo Provincia. En la reuni\u00f3n<\/p>\n","protected":false},"author":8,"featured_media":4769,"comment_status":"open","ping_status":"open","sticky":false,"template":"","format":"standard","meta":{"footnotes":""},"categories":[2],"tags":[1956,135,124,805],"class_list":["post-4768","post","type-post","status-publish","format-standard","has-post-thumbnail","hentry","category-tierra-del-fuego","tag-docente","tag-paritarias","tag-salario","tag-sutef"],"featured_image_urls":{"full":["https:\/\/opinionpublica.com.ar\/index\/wp-content\/uploads\/2024\/08\/20240608195153_20240520121728-sutef.jpg",880,512,false],"thumbnail":["https:\/\/opinionpublica.com.ar\/index\/wp-content\/uploads\/2024\/08\/20240608195153_20240520121728-sutef-150x150.jpg",150,150,true],"medium":["https:\/\/opinionpublica.com.ar\/index\/wp-content\/uploads\/2024\/08\/20240608195153_20240520121728-sutef-300x175.jpg",300,175,true],"medium_large":["https:\/\/opinionpublica.com.ar\/index\/wp-content\/uploads\/2024\/08\/20240608195153_20240520121728-sutef-768x447.jpg",640,373,true],"large":["https:\/\/opinionpublica.com.ar\/index\/wp-content\/uploads\/2024\/08\/20240608195153_20240520121728-sutef.jpg",640,372,false],"1536x1536":["https:\/\/opinionpublica.com.ar\/index\/wp-content\/uploads\/2024\/08\/20240608195153_20240520121728-sutef.jpg",880,512,false],"2048x2048":["https:\/\/opinionpublica.com.ar\/index\/wp-content\/uploads\/2024\/08\/20240608195153_20240520121728-sutef.jpg",880,512,false],"morenews-large":["https:\/\/opinionpublica.com.ar\/index\/wp-content\/uploads\/2024\/08\/20240608195153_20240520121728-sutef-825x512.jpg",825,512,true],"morenews-medium":["https:\/\/opinionpublica.com.ar\/index\/wp-content\/uploads\/2024\/08\/20240608195153_20240520121728-sutef-590x410.jpg",590,410,true]},"author_info":{"display_name":"RKing","author_link":"https:\/\/opinionpublica.com.ar\/index\/author\/rking\/"},"category_info":"<a href=\"https:\/\/opinionpublica.com.ar\/index\/category\/tierra-del-fuego\/\" rel=\"category tag\">Tierra del Fuego<\/a>","tag_info":"Tierra del Fuego","comment_count":"0","_links":{"self":[{"href":"https:\/\/opinionpublica.com.ar\/index\/wp-json\/wp\/v2\/posts\/4768","targetHints":{"allow":["GET"]}}],"collection":[{"href":"https:\/\/opinionpublica.com.ar\/index\/wp-json\/wp\/v2\/posts"}],"about":[{"href":"https:\/\/opinionpublica.com.ar\/index\/wp-json\/wp\/v2\/types\/post"}],"author":[{"embeddable":true,"href":"https:\/\/opinionpublica.com.ar\/index\/wp-json\/wp\/v2\/users\/8"}],"replies":[{"embeddable":true,"href":"https:\/\/opinionpublica.com.ar\/index\/wp-json\/wp\/v2\/comments?post=4768"}],"version-history":[{"count":1,"href":"https:\/\/opinionpublica.com.ar\/index\/wp-json\/wp\/v2\/posts\/4768\/revisions"}],"predecessor-version":[{"id":4771,"href":"https:\/\/opinionpublica.com.ar\/index\/wp-json\/wp\/v2\/posts\/4768\/revisions\/4771"}],"wp:featuredmedia":[{"embeddable":true,"href":"https:\/\/opinionpublica.com.ar\/index\/wp-json\/wp\/v2\/media\/4769"}],"wp:attachment":[{"href":"https:\/\/opinionpublica.com.ar\/index\/wp-json\/wp\/v2\/media?parent=4768"}],"wp:term":[{"taxonomy":"category","embeddable":true,"href":"https:\/\/opinionpublica.com.ar\/index\/wp-json\/wp\/v2\/categories?post=4768"},{"taxonomy":"post_tag","embeddable":true,"href":"https:\/\/opinionpublica.com.ar\/index\/wp-json\/wp\/v2\/tags?post=4768"}],"curies":[{"name":"wp","href":"https:\/\/api.w.org\/{rel}","templated":true}]}}