{"id":4784,"date":"2024-08-08T09:47:56","date_gmt":"2024-08-08T12:47:56","guid":{"rendered":"https:\/\/opinionpublica.com.ar\/index\/?p=4784"},"modified":"2024-08-08T09:47:56","modified_gmt":"2024-08-08T12:47:56","slug":"hay-fin-de-semana-largo-por-el-feriado-del-17-de-agosto-en-argentina","status":"publish","type":"post","link":"https:\/\/opinionpublica.com.ar\/index\/hay-fin-de-semana-largo-por-el-feriado-del-17-de-agosto-en-argentina\/","title":{"rendered":"\u00bfHay fin de semana largo por el feriado del 17 de agosto en Argentina?"},"content":{"rendered":"<div class=\"row\">\n<div class=\"col-lg-9\">\n<div class=\"titular\">\n<h3 class=\"copete\">Confirmado el feriado para el viernes 16 de agosto previo al del s\u00e1bado 17 por el Paso a la Inmortalidad de Jos\u00e9 de San Mart\u00edn. Furor por un nuevo fin de semana largo en Argentina.<\/h3>\n<\/div>\n<\/div>\n<\/div>\n<div class=\"row\">\n<div class=\"col-lg-9\">\n<figure class=\"img-destacada\">\n<div class=\"wlz\"><a href=\"https:\/\/opinionpublica.com.ar\/index\/wp-content\/uploads\/2024\/08\/feriado.webp\"><img fetchpriority=\"high\" decoding=\"async\" class=\"alignnone size-full wp-image-4785\" src=\"https:\/\/opinionpublica.com.ar\/index\/wp-content\/uploads\/2024\/08\/feriado.webp\" alt=\"\" width=\"940\" height=\"620\" srcset=\"https:\/\/opinionpublica.com.ar\/index\/wp-content\/uploads\/2024\/08\/feriado.webp 940w, https:\/\/opinionpublica.com.ar\/index\/wp-content\/uploads\/2024\/08\/feriado-300x198.webp 300w, https:\/\/opinionpublica.com.ar\/index\/wp-content\/uploads\/2024\/08\/feriado-768x507.webp 768w\" sizes=\"(max-width: 940px) 100vw, 940px\" \/><\/a><\/div><figcaption><\/figcaption><\/figure>\n<div class=\"row\">\n<div class=\"col-md-3\"><\/div>\n<div class=\"col-md-9\">\n<article class=\"nota\">El\u00a0<strong>calendario 2024<\/strong>\u00a0de\u00a0<strong>Argentina\u00a0<\/strong>indica que se viene un nuevo\u00a0<strong>feriado\u00a0<\/strong>antes del 17 de agosto, que se conmemora el\u00a0<strong>Paso a la Inmortalidad del General Jos\u00e9 de San Mart\u00edn<\/strong>.\u00a0<strong>Se trata del viernes 16 de agosto, jornada no laborable que se gozar\u00e1 previo al s\u00e1bado, por lo que se vivir\u00e1 un nuevo fin de semana largo.<\/strong>La b\u00fasqueda de feriados por parte de la poblaci\u00f3n es una constante ya sea para organizarse para hacer un viaje, pasear por su ciudad o bien aprovechar el descanso en el hogar.\u00a0<strong>Es por eso que la noticia sobre el asueto del viernes 16 de agosto despert\u00f3 muchas reacciones.<\/strong><\/p>\n<p>Cabe destacar que el feriado del 17 de agosto es considerado como feriado inamovible, por eso no es \u00abfinde\u00bb XL.\u00a0<strong>El pr\u00f3ximo que se vivir\u00e1\u00a0a nivel nacional ser\u00e1 el del 12 de octubre por el D\u00eda de la Diversidad Cultural.<\/strong><\/p>\n<\/article>\n<div class=\"tags\"><\/div>\n<\/div>\n<\/div>\n<\/div>\n<\/div>\n","protected":false},"excerpt":{"rendered":"<p>Confirmado el feriado para el viernes 16 de agosto previo al del s\u00e1bado 17 por el Paso a<\/p>\n","protected":false},"author":8,"featured_media":4786,"comment_status":"open","ping_status":"open","sticky":false,"template":"","format":"standard","meta":{"footnotes":""},"categories":[29,3],"tags":[1961,1962,1640],"class_list":["post-4784","post","type-post","status-publish","format-standard","has-post-thumbnail","hentry","category-interes-general","category-nacionales","tag-17-de-agosto","tag-feriados","tag-fin-de-semana-largo"],"featured_image_urls":{"full":["https:\/\/opinionpublica.com.ar\/index\/wp-content\/uploads\/2024\/08\/calendario-de-feriados-2024-argentina-jpg.jpg",1200,675,false],"thumbnail":["https:\/\/opinionpublica.com.ar\/index\/wp-content\/uploads\/2024\/08\/calendario-de-feriados-2024-argentina-jpg-150x150.jpg",150,150,true],"medium":["https:\/\/opinionpublica.com.ar\/index\/wp-content\/uploads\/2024\/08\/calendario-de-feriados-2024-argentina-jpg-300x169.jpg",300,169,true],"medium_large":["https:\/\/opinionpublica.com.ar\/index\/wp-content\/uploads\/2024\/08\/calendario-de-feriados-2024-argentina-jpg-768x432.jpg",640,360,true],"large":["https:\/\/opinionpublica.com.ar\/index\/wp-content\/uploads\/2024\/08\/calendario-de-feriados-2024-argentina-jpg-1024x576.jpg",640,360,true],"1536x1536":["https:\/\/opinionpublica.com.ar\/index\/wp-content\/uploads\/2024\/08\/calendario-de-feriados-2024-argentina-jpg.jpg",1200,675,false],"2048x2048":["https:\/\/opinionpublica.com.ar\/index\/wp-content\/uploads\/2024\/08\/calendario-de-feriados-2024-argentina-jpg.jpg",1200,675,false],"morenews-large":["https:\/\/opinionpublica.com.ar\/index\/wp-content\/uploads\/2024\/08\/calendario-de-feriados-2024-argentina-jpg-825x575.jpg",825,575,true],"morenews-medium":["https:\/\/opinionpublica.com.ar\/index\/wp-content\/uploads\/2024\/08\/calendario-de-feriados-2024-argentina-jpg-590x410.jpg",590,410,true]},"author_info":{"display_name":"RKing","author_link":"https:\/\/opinionpublica.com.ar\/index\/author\/rking\/"},"category_info":"<a href=\"https:\/\/opinionpublica.com.ar\/index\/category\/interes-general\/\" rel=\"category tag\">Interes General<\/a> <a href=\"https:\/\/opinionpublica.com.ar\/index\/category\/nacionales\/\" rel=\"category tag\">Nacionales<\/a>","tag_info":"Nacionales","comment_count":"0","_links":{"self":[{"href":"https:\/\/opinionpublica.com.ar\/index\/wp-json\/wp\/v2\/posts\/4784","targetHints":{"allow":["GET"]}}],"collection":[{"href":"https:\/\/opinionpublica.com.ar\/index\/wp-json\/wp\/v2\/posts"}],"about":[{"href":"https:\/\/opinionpublica.com.ar\/index\/wp-json\/wp\/v2\/types\/post"}],"author":[{"embeddable":true,"href":"https:\/\/opinionpublica.com.ar\/index\/wp-json\/wp\/v2\/users\/8"}],"replies":[{"embeddable":true,"href":"https:\/\/opinionpublica.com.ar\/index\/wp-json\/wp\/v2\/comments?post=4784"}],"version-history":[{"count":2,"href":"https:\/\/opinionpublica.com.ar\/index\/wp-json\/wp\/v2\/posts\/4784\/revisions"}],"predecessor-version":[{"id":4802,"href":"https:\/\/opinionpublica.com.ar\/index\/wp-json\/wp\/v2\/posts\/4784\/revisions\/4802"}],"wp:featuredmedia":[{"embeddable":true,"href":"https:\/\/opinionpublica.com.ar\/index\/wp-json\/wp\/v2\/media\/4786"}],"wp:attachment":[{"href":"https:\/\/opinionpublica.com.ar\/index\/wp-json\/wp\/v2\/media?parent=4784"}],"wp:term":[{"taxonomy":"category","embeddable":true,"href":"https:\/\/opinionpublica.com.ar\/index\/wp-json\/wp\/v2\/categories?post=4784"},{"taxonomy":"post_tag","embeddable":true,"href":"https:\/\/opinionpublica.com.ar\/index\/wp-json\/wp\/v2\/tags?post=4784"}],"curies":[{"name":"wp","href":"https:\/\/api.w.org\/{rel}","templated":true}]}}