{"id":4828,"date":"2024-08-09T10:05:49","date_gmt":"2024-08-09T13:05:49","guid":{"rendered":"https:\/\/opinionpublica.com.ar\/index\/?p=4828"},"modified":"2024-08-09T10:05:49","modified_gmt":"2024-08-09T13:05:49","slug":"el-gobierno-enviara-usd-135-millones-a-ushuaia-por-la-crisis-energetica","status":"publish","type":"post","link":"https:\/\/opinionpublica.com.ar\/index\/el-gobierno-enviara-usd-135-millones-a-ushuaia-por-la-crisis-energetica\/","title":{"rendered":"El Gobierno enviar\u00e1 USD 135 millones a Ushuaia por la crisis energ\u00e9tica"},"content":{"rendered":"<div id=\"tdi_73\" class=\"tdc-row stretch_row_1400 td-stretch-content\">\n<div class=\"vc_row tdi_74  wpb_row td-pb-row tdc-element-style\">\n<div class=\"vc_column tdi_76  wpb_column vc_column_container tdc-column td-pb-span12\">\n<div class=\"wpb_wrapper\">\n<div class=\"td_block_wrap tdb_title tdi_78 tdb-single-title td-pb-border-top td_block_template_1\" data-td-block-uid=\"tdi_78\">\n<div class=\"tdb-block-inner td-fix-index\">\n<div><strong>El legislador de La Libertad Avanza celebr\u00f3 la llegada de una fuerte inversi\u00f3n internacional destinada a resolver los problemas energ\u00e9ticos de envergadura que padece la provincia. La iniciativa le fue confirmada por el propio jefe de Gabinete, Guillermo Francos.<\/strong><\/div>\n<\/div>\n<\/div>\n<div><a href=\"https:\/\/opinionpublica.com.ar\/index\/wp-content\/uploads\/2024\/08\/FRANCOS-coto-1.jpg\"><img fetchpriority=\"high\" decoding=\"async\" class=\"alignnone size-full wp-image-4830\" src=\"https:\/\/opinionpublica.com.ar\/index\/wp-content\/uploads\/2024\/08\/FRANCOS-coto-1.jpg\" alt=\"\" width=\"680\" height=\"453\" srcset=\"https:\/\/opinionpublica.com.ar\/index\/wp-content\/uploads\/2024\/08\/FRANCOS-coto-1.jpg 680w, https:\/\/opinionpublica.com.ar\/index\/wp-content\/uploads\/2024\/08\/FRANCOS-coto-1-300x200.jpg 300w\" sizes=\"(max-width: 680px) 100vw, 680px\" \/><\/a><\/div>\n<\/div>\n<\/div>\n<\/div>\n<\/div>\n<div id=\"tdi_79\" class=\"tdc-row stretch_row_1200 td-stretch-content\">\n<div class=\"vc_row tdi_80  wpb_row td-pb-row\">\n<div class=\"vc_column tdi_82  wpb_column vc_column_container tdc-column td-pb-span8\">\n<div class=\"wpb_wrapper\">\n<div class=\"td_block_wrap tdb_single_content tdi_84 td-pb-border-top td_block_template_1 td-post-content tagdiv-type\" data-td-block-uid=\"tdi_84\">\n<div class=\"tdb-block-inner td-fix-index\">\n<p>El legislador de la provincia de Tierra del Fuego, Agust\u00edn Coto, del bloque La Libertad Avanza, celebr\u00f3 la llegada de una significativa inversi\u00f3n por parte del gobierno nacional destinada a abordar los desaf\u00edos energ\u00e9ticos que enfrenta la provincia. Esta inversi\u00f3n, confirmada por el jefe de Gabinete de la Naci\u00f3n, Guillermo Francos, representa un avance crucial para la ampliaci\u00f3n y modernizaci\u00f3n de la matriz energ\u00e9tica de la regi\u00f3n.<\/p>\n<p>El financiamiento proviene del Banco de Desarrollo de Am\u00e9rica Latina y el Caribe (CAF) y forma parte de un proyecto que data del a\u00f1o 2022. Seg\u00fan Coto dijo en FM Master\u2019s, \u00ab<strong>este financiamiento es un proyecto que en realidad es del a\u00f1o 2022, que en su momento la provincia hab\u00eda iniciado y que luego qued\u00f3 parado a nivel nacional en el proceso que requiere de una intervenci\u00f3n t\u00e9cnica del Ministerio de Econom\u00eda de la Naci\u00f3n<\/strong>\u00ab. Este retraso, atribuido a la administraci\u00f3n nacional anterior, fue resuelto en los \u00faltimos meses gracias al impulso del actual gobierno, seg\u00fan Coto.<\/p>\n<p><strong>El monto involucrado es significativo y, seg\u00fan el libertario, \u00abes una posibilidad muy importante para la provincia<\/strong>\u00ab. Durante los \u00faltimos meses, el legislador ha trabajado junto con equipos del Ministerio de Econom\u00eda, la Secretar\u00eda General y la Jefatura de Gabinete para avanzar en la viabilidad del proyecto. \u00abEstuvimos con Guillermo este \u00faltimo tiempo, con el ministro Francos, viendo la factibilidad de avanzar con ello y que la provincia pueda contar con este visto bueno que requiere por parte del Ministerio de Econom\u00eda de la Naci\u00f3n y eso es lo que se avanz\u00f3, se destrab\u00f3, se liber\u00f3\u00bb, explic\u00f3.<\/p>\n<p>El legislador tambi\u00e9n subray\u00f3 la importancia de encontrar soluciones sostenibles a largo plazo para los problemas energ\u00e9ticos de la provincia. \u00ab<strong>Creo que tenemos que encontrar la vuelta de forma definitiva en el mediano y el largo al problema energ\u00e9tico que tenemos<\/strong>\u00ab, afirm\u00f3, se\u00f1alando que, aunque es necesario resolver los problemas inmediatos, se deben evitar soluciones temporales que no aborden las causas subyacentes.<\/p>\n<p><strong>El proyecto financiado no se destinar\u00e1 a gasto corriente, sino que se enfocar\u00e1 en la transici\u00f3n energ\u00e9tica de la provincia<\/strong>. Coto aclar\u00f3 que \u00ab<strong>es un dinero que es para financiamiento de un parque el\u00e9ctrico, es decir, para mejorar, modernizar, ampliar la matriz energ\u00e9tica de la provincia, no es que es un dinero para gasto corriente<\/strong>\u00ab. La finalidad de estos fondos es precisamente \u00abla cuesti\u00f3n de la transici\u00f3n energ\u00e9tica\u00bb.<\/p>\n<p>El jefe de Gabinete, Guillermo Francos, tambi\u00e9n destac\u00f3 en sus redes sociales la relevancia de este programa de apoyo para la transici\u00f3n energ\u00e9tica en Tierra del Fuego. Seg\u00fan Francos, la inversi\u00f3n de US$135 millones a trav\u00e9s del CAF y el Asian Infrastructure Investment Bank permitir\u00e1 \u00ab<strong>incrementar la generaci\u00f3n de energ\u00eda el\u00e9ctrica en la provincia y la eficiencia del sistema a trav\u00e9s de una importante inversi\u00f3n en infraestructura el\u00e9ctrica, para mejorar la productividad y calidad de vida de los isle\u00f1os<\/strong>\u00ab. El funcionario tambi\u00e9n inst\u00f3 a la provincia a avanzar r\u00e1pidamente en la ejecuci\u00f3n del proyecto.<\/p>\n<p>El proceso de financiamiento hab\u00eda quedado estancado durante la gesti\u00f3n del expresidente Alberto Fern\u00e1ndez, pero el actual gobierno decidi\u00f3 reactivarlo. \u00ab<strong>El actual gobierno nacional en un par de meses tom\u00f3 la decisi\u00f3n de comenzar este proceso, habiendo estado parado a\u00f1o y medio en la gesti\u00f3n de Alberto Fern\u00e1ndez<\/strong>\u00ab, indic\u00f3 Coto. Ahora, el gobierno provincial deber\u00e1 canalizar los fondos a trav\u00e9s del Ministerio de Econom\u00eda y la Secretar\u00eda correspondiente, que se encarga del financiamiento internacional a nivel nacional.<\/p>\n<p>La llegada de este financiamiento representa una oportunidad estrat\u00e9gica para Tierra del Fuego en su b\u00fasqueda por resolver los problemas energ\u00e9ticos que vienen afectando a la provincia. La inversi\u00f3n no solo contribuir\u00e1 a la mejora de la infraestructura el\u00e9ctrica, sino que tambi\u00e9n permitir\u00e1 un avance significativo en la transici\u00f3n hacia una matriz energ\u00e9tica m\u00e1s moderna y eficiente.<\/p>\n<\/div>\n<\/div>\n<\/div>\n<\/div>\n<\/div>\n<\/div>\n","protected":false},"excerpt":{"rendered":"<p>El legislador de La Libertad Avanza celebr\u00f3 la llegada de una fuerte inversi\u00f3n internacional destinada a resolver los<\/p>\n","protected":false},"author":8,"featured_media":4829,"comment_status":"open","ping_status":"open","sticky":false,"template":"","format":"standard","meta":{"footnotes":""},"categories":[3,2,21],"tags":[330,453],"class_list":["post-4828","post","type-post","status-publish","format-standard","has-post-thumbnail","hentry","category-nacionales","category-tierra-del-fuego","category-ushuaia","tag-agustin-coto","tag-guillermo-francos"],"featured_image_urls":{"full":["https:\/\/opinionpublica.com.ar\/index\/wp-content\/uploads\/2024\/08\/FRANCOS-coto.jpg",680,453,false],"thumbnail":["https:\/\/opinionpublica.com.ar\/index\/wp-content\/uploads\/2024\/08\/FRANCOS-coto-150x150.jpg",150,150,true],"medium":["https:\/\/opinionpublica.com.ar\/index\/wp-content\/uploads\/2024\/08\/FRANCOS-coto-300x200.jpg",300,200,true],"medium_large":["https:\/\/opinionpublica.com.ar\/index\/wp-content\/uploads\/2024\/08\/FRANCOS-coto.jpg",640,426,false],"large":["https:\/\/opinionpublica.com.ar\/index\/wp-content\/uploads\/2024\/08\/FRANCOS-coto.jpg",640,426,false],"1536x1536":["https:\/\/opinionpublica.com.ar\/index\/wp-content\/uploads\/2024\/08\/FRANCOS-coto.jpg",680,453,false],"2048x2048":["https:\/\/opinionpublica.com.ar\/index\/wp-content\/uploads\/2024\/08\/FRANCOS-coto.jpg",680,453,false],"morenews-large":["https:\/\/opinionpublica.com.ar\/index\/wp-content\/uploads\/2024\/08\/FRANCOS-coto.jpg",680,453,false],"morenews-medium":["https:\/\/opinionpublica.com.ar\/index\/wp-content\/uploads\/2024\/08\/FRANCOS-coto-590x410.jpg",590,410,true]},"author_info":{"display_name":"RKing","author_link":"https:\/\/opinionpublica.com.ar\/index\/author\/rking\/"},"category_info":"<a href=\"https:\/\/opinionpublica.com.ar\/index\/category\/nacionales\/\" rel=\"category tag\">Nacionales<\/a> <a href=\"https:\/\/opinionpublica.com.ar\/index\/category\/tierra-del-fuego\/\" rel=\"category tag\">Tierra del Fuego<\/a> <a href=\"https:\/\/opinionpublica.com.ar\/index\/category\/ushuaia\/\" rel=\"category tag\">Ushuaia<\/a>","tag_info":"Ushuaia","comment_count":"0","_links":{"self":[{"href":"https:\/\/opinionpublica.com.ar\/index\/wp-json\/wp\/v2\/posts\/4828","targetHints":{"allow":["GET"]}}],"collection":[{"href":"https:\/\/opinionpublica.com.ar\/index\/wp-json\/wp\/v2\/posts"}],"about":[{"href":"https:\/\/opinionpublica.com.ar\/index\/wp-json\/wp\/v2\/types\/post"}],"author":[{"embeddable":true,"href":"https:\/\/opinionpublica.com.ar\/index\/wp-json\/wp\/v2\/users\/8"}],"replies":[{"embeddable":true,"href":"https:\/\/opinionpublica.com.ar\/index\/wp-json\/wp\/v2\/comments?post=4828"}],"version-history":[{"count":1,"href":"https:\/\/opinionpublica.com.ar\/index\/wp-json\/wp\/v2\/posts\/4828\/revisions"}],"predecessor-version":[{"id":4831,"href":"https:\/\/opinionpublica.com.ar\/index\/wp-json\/wp\/v2\/posts\/4828\/revisions\/4831"}],"wp:featuredmedia":[{"embeddable":true,"href":"https:\/\/opinionpublica.com.ar\/index\/wp-json\/wp\/v2\/media\/4829"}],"wp:attachment":[{"href":"https:\/\/opinionpublica.com.ar\/index\/wp-json\/wp\/v2\/media?parent=4828"}],"wp:term":[{"taxonomy":"category","embeddable":true,"href":"https:\/\/opinionpublica.com.ar\/index\/wp-json\/wp\/v2\/categories?post=4828"},{"taxonomy":"post_tag","embeddable":true,"href":"https:\/\/opinionpublica.com.ar\/index\/wp-json\/wp\/v2\/tags?post=4828"}],"curies":[{"name":"wp","href":"https:\/\/api.w.org\/{rel}","templated":true}]}}