{"id":4953,"date":"2024-08-13T23:49:47","date_gmt":"2024-08-14T02:49:47","guid":{"rendered":"https:\/\/opinionpublica.com.ar\/index\/?p=4953"},"modified":"2024-08-13T23:49:47","modified_gmt":"2024-08-14T02:49:47","slug":"lade-el-gobierno-decreto-el-final-de-la-empresa-estatal-de-aeronaves","status":"publish","type":"post","link":"https:\/\/opinionpublica.com.ar\/index\/lade-el-gobierno-decreto-el-final-de-la-empresa-estatal-de-aeronaves\/","title":{"rendered":"LADE: El gobierno decret\u00f3 el final de la empresa estatal de aeronaves"},"content":{"rendered":"<p>Como un signo de cambio de \u00e9poca en la era de Javier Milei, el gobierno elimin\u00f3 por completo las operaciones aerocomerciales de la legendaria empresa estatal LADE.<\/p>\n<p><a href=\"https:\/\/opinionpublica.com.ar\/index\/wp-content\/uploads\/2024\/08\/lade-saab.webp\"><img fetchpriority=\"high\" decoding=\"async\" class=\"alignnone size-full wp-image-4954\" src=\"https:\/\/opinionpublica.com.ar\/index\/wp-content\/uploads\/2024\/08\/lade-saab.webp\" alt=\"\" width=\"1024\" height=\"682\" srcset=\"https:\/\/opinionpublica.com.ar\/index\/wp-content\/uploads\/2024\/08\/lade-saab.webp 1024w, https:\/\/opinionpublica.com.ar\/index\/wp-content\/uploads\/2024\/08\/lade-saab-300x200.webp 300w, https:\/\/opinionpublica.com.ar\/index\/wp-content\/uploads\/2024\/08\/lade-saab-768x512.webp 768w\" sizes=\"(max-width: 1024px) 100vw, 1024px\" \/><\/a><\/p>\n<p>Mediante el Decreto 712\/2024 publicado hoy en el Bolet\u00edn Oficial de la Rep\u00fablica Argentina, el estado argentino decret\u00f3 en su art\u00edculo 1 que \u201clas aeronaves p\u00fablicas no podr\u00e1n ser utilizadas para realizar ninguna actividad a\u00e9rea distinta de aquella que hace a su condici\u00f3n jur\u00eddica esencial al servicio del poder p\u00fablico\u00bb.<\/p>\n<p>Esta medida alcanza a las aeronaves de la Fuerza A\u00e9rea Argentina que actualmente conforman los servicios a\u00e9reos de la empresa LADE que era un s\u00edmbolo de las empresas estatales junto con Aerol\u00edneas Argentinas.<\/p>\n<p>Adem\u00e1s, el decreto presidencial determin\u00f3 que la prohibici\u00f3n del uso comercial de aeronaves p\u00fablicas no impide que las mismas puedan ser objeto de contratos de utilizaci\u00f3n interjurisdiccionales, con el fin de \u00aboptimizar el empleo de los recursos tecnol\u00f3gicos estatales por parte de diferentes jurisdicciones u organizaciones p\u00fablicas, de brindar un mejor servicio a la comunidad o de dar mayor alcance territorial al instrumento a\u00e9reo\u00bb.<\/p>\n<p>As\u00ed, el art\u00edculo 4 del decreto estableci\u00f3 que \u201clas aeronaves p\u00fablicas podr\u00e1n ser objeto de todo tipo de contratos interjurisdiccionales de utilizaci\u00f3n, siempre que todas las partes involucradas pertenezcan al Sector P\u00fablico\u201d.<br \/>\nSeg\u00fan el art\u00edculo 2 del decreto, solo las aeronaves privadas \u201cpodr\u00e1n realizar actividades aerocomerciales de transporte a\u00e9reo y trabajo a\u00e9reo en cuanto cuenten con las autorizaciones correspondientes otorgadas por la autoridad aeron\u00e1utica\u201d.<\/p>\n<p>Esto incluye aparatos de propiedad del estado nacional pero que no cumplan actividades al servicio del poder p\u00fablico, como son, por ejemplo, los aviones de Aerol\u00edneas Argentinas. En este sentido, en los considerandos del decreto aclara que se consideran aeronaves privadas solo aquellas con matr\u00edcula \u00abLV-\u00bb y que \u00abpor la naturaleza jur\u00eddica de las aeronaves p\u00fablicas se hace incompatible su empleo en actividades aerocomerciales, conforme al r\u00e9gimen de trabajo a\u00e9reo previsto en el Decreto N\u00ba 599\/24, reglamentario del C\u00f3digo Aeron\u00e1utico (Ley N\u00b0 17.285 y sus modificatorias)\u00bb.<\/p>\n<p>Si bien oficialmente no se ha anunciado un cierre de la empresa LADE, al prohibirse con esta medida su operaci\u00f3n, el futuro de la misma es incierto. En el gobierno informaron que el cierre de esa empresa \u00abes previsible\u00bb dada la pol\u00edtica actual del gobierno de reducir la participaci\u00f3n del estado en actividades comerciales, especialmente en el sector a\u00e9reo, en donde se impulsa la desregulaci\u00f3n del sector y la apertura a una mayor participaci\u00f3n de empresas privadas.<\/p>\n<p>Hasta ahora, la empresa LADE era un Organismo Estatal de Transporte A\u00e9reo de Fomento que depend\u00eda de la Fuerza A\u00e9rea Argentina y del Ministerio de Defensa de la Naci\u00f3n. Su vuelo inaugural fue el 4 de Septiembre de 1940, uniendo los destinos El Palomar y Esquel, con escalas intermedias en Santa Rosa, Neuqu\u00e9n y San Carlos de Bariloche, bajo la denominaci\u00f3n de LASO (L\u00edneas A\u00e9reas del Sudoeste).<\/p>\n<p>Este primer vuelo oficial regular se realiz\u00f3 con un avi\u00f3n Junker JU-52, trimotor, al mando del entonces Tte. 1ro. D. Juan Francisco Fabri. Posteriormente LADE lleg\u00f3 a volar en gran parte del pa\u00eds incluidas las islas Malvinas antes de la guerra de 1982.<\/p>\n","protected":false},"excerpt":{"rendered":"<p>Como un signo de cambio de \u00e9poca en la era de Javier Milei, el gobierno elimin\u00f3 por completo<\/p>\n","protected":false},"author":8,"featured_media":4955,"comment_status":"open","ping_status":"open","sticky":false,"template":"","format":"standard","meta":{"footnotes":""},"categories":[3],"tags":[2017,692,2016],"class_list":["post-4953","post","type-post","status-publish","format-standard","has-post-thumbnail","hentry","category-nacionales","tag-fuerza-aerea-argentina","tag-javier-milei","tag-lade"],"featured_image_urls":{"full":["https:\/\/opinionpublica.com.ar\/index\/wp-content\/uploads\/2024\/08\/lade.jpg",1024,766,false],"thumbnail":["https:\/\/opinionpublica.com.ar\/index\/wp-content\/uploads\/2024\/08\/lade-150x150.jpg",150,150,true],"medium":["https:\/\/opinionpublica.com.ar\/index\/wp-content\/uploads\/2024\/08\/lade-300x224.jpg",300,224,true],"medium_large":["https:\/\/opinionpublica.com.ar\/index\/wp-content\/uploads\/2024\/08\/lade-768x575.jpg",640,479,true],"large":["https:\/\/opinionpublica.com.ar\/index\/wp-content\/uploads\/2024\/08\/lade.jpg",640,479,false],"1536x1536":["https:\/\/opinionpublica.com.ar\/index\/wp-content\/uploads\/2024\/08\/lade.jpg",1024,766,false],"2048x2048":["https:\/\/opinionpublica.com.ar\/index\/wp-content\/uploads\/2024\/08\/lade.jpg",1024,766,false],"morenews-large":["https:\/\/opinionpublica.com.ar\/index\/wp-content\/uploads\/2024\/08\/lade-825x575.jpg",825,575,true],"morenews-medium":["https:\/\/opinionpublica.com.ar\/index\/wp-content\/uploads\/2024\/08\/lade-590x410.jpg",590,410,true]},"author_info":{"display_name":"RKing","author_link":"https:\/\/opinionpublica.com.ar\/index\/author\/rking\/"},"category_info":"<a href=\"https:\/\/opinionpublica.com.ar\/index\/category\/nacionales\/\" rel=\"category tag\">Nacionales<\/a>","tag_info":"Nacionales","comment_count":"0","_links":{"self":[{"href":"https:\/\/opinionpublica.com.ar\/index\/wp-json\/wp\/v2\/posts\/4953","targetHints":{"allow":["GET"]}}],"collection":[{"href":"https:\/\/opinionpublica.com.ar\/index\/wp-json\/wp\/v2\/posts"}],"about":[{"href":"https:\/\/opinionpublica.com.ar\/index\/wp-json\/wp\/v2\/types\/post"}],"author":[{"embeddable":true,"href":"https:\/\/opinionpublica.com.ar\/index\/wp-json\/wp\/v2\/users\/8"}],"replies":[{"embeddable":true,"href":"https:\/\/opinionpublica.com.ar\/index\/wp-json\/wp\/v2\/comments?post=4953"}],"version-history":[{"count":1,"href":"https:\/\/opinionpublica.com.ar\/index\/wp-json\/wp\/v2\/posts\/4953\/revisions"}],"predecessor-version":[{"id":4956,"href":"https:\/\/opinionpublica.com.ar\/index\/wp-json\/wp\/v2\/posts\/4953\/revisions\/4956"}],"wp:featuredmedia":[{"embeddable":true,"href":"https:\/\/opinionpublica.com.ar\/index\/wp-json\/wp\/v2\/media\/4955"}],"wp:attachment":[{"href":"https:\/\/opinionpublica.com.ar\/index\/wp-json\/wp\/v2\/media?parent=4953"}],"wp:term":[{"taxonomy":"category","embeddable":true,"href":"https:\/\/opinionpublica.com.ar\/index\/wp-json\/wp\/v2\/categories?post=4953"},{"taxonomy":"post_tag","embeddable":true,"href":"https:\/\/opinionpublica.com.ar\/index\/wp-json\/wp\/v2\/tags?post=4953"}],"curies":[{"name":"wp","href":"https:\/\/api.w.org\/{rel}","templated":true}]}}