{"id":5261,"date":"2024-08-27T12:21:47","date_gmt":"2024-08-27T15:21:47","guid":{"rendered":"https:\/\/opinionpublica.com.ar\/index\/?p=5261"},"modified":"2024-08-27T12:21:47","modified_gmt":"2024-08-27T15:21:47","slug":"paulino-rossi-en-tdf-hay-madurez-para-ponerle-un-freno-al-capricho-del-gobernador","status":"publish","type":"post","link":"https:\/\/opinionpublica.com.ar\/index\/paulino-rossi-en-tdf-hay-madurez-para-ponerle-un-freno-al-capricho-del-gobernador\/","title":{"rendered":"Paulino Rossi: En TDF hay madurez para ponerle un freno al capricho del Gobernador"},"content":{"rendered":"<div id=\"tdi_73\" class=\"tdc-row stretch_row_1400 td-stretch-content\">\n<div class=\"vc_row tdi_74  wpb_row td-pb-row tdc-element-style\">\n<div class=\"vc_column tdi_76  wpb_column vc_column_container tdc-column td-pb-span12\">\n<div class=\"wpb_wrapper\">\n<div class=\"td_block_wrap tdb_title tdi_78 tdb-single-title td-pb-border-top td_block_template_1\" data-td-block-uid=\"tdi_78\">\n<div class=\"tdb-block-inner td-fix-index\">\n<p class=\"tdb-title-text\"><strong style=\"font-size: 16px;\">El abogado, protagonista de presentaciones ante el STJ por irregularidades en el decreto convocante, explic\u00f3 que \u201c<em>no hay una crisis institucional sino pol\u00ed<\/em><\/strong><strong style=\"font-size: 16px;\"><em>tica<\/em><\/strong><strong style=\"font-size: 16px;\"><em>\u201d<\/em><\/strong><strong style=\"font-size: 16px;\">\u00a0y destac\u00f3 \u201c<\/strong><strong style=\"font-size: 16px;\">l<\/strong><strong style=\"font-size: 16px;\"><em>a madurez de tierra del fuego para ponerle un freno a los caprichos del gobernador\u201d.<\/em><\/strong><\/p>\n<p><a href=\"https:\/\/opinionpublica.com.ar\/index\/wp-content\/uploads\/2024\/08\/paulino-rossi.jpeg\"><img fetchpriority=\"high\" decoding=\"async\" class=\"alignnone size-full wp-image-5242\" src=\"https:\/\/opinionpublica.com.ar\/index\/wp-content\/uploads\/2024\/08\/paulino-rossi.jpeg\" alt=\"\" width=\"900\" height=\"600\" srcset=\"https:\/\/opinionpublica.com.ar\/index\/wp-content\/uploads\/2024\/08\/paulino-rossi.jpeg 900w, https:\/\/opinionpublica.com.ar\/index\/wp-content\/uploads\/2024\/08\/paulino-rossi-300x200.jpeg 300w, https:\/\/opinionpublica.com.ar\/index\/wp-content\/uploads\/2024\/08\/paulino-rossi-768x512.jpeg 768w\" sizes=\"(max-width: 900px) 100vw, 900px\" \/><\/a><\/p>\n<\/div>\n<\/div>\n<\/div>\n<\/div>\n<\/div>\n<\/div>\n<div id=\"tdi_79\" class=\"tdc-row stretch_row_1200 td-stretch-content\">\n<div class=\"vc_row tdi_80  wpb_row td-pb-row\">\n<div class=\"vc_column tdi_82  wpb_column vc_column_container tdc-column td-pb-span8\">\n<div class=\"wpb_wrapper\">\n<div class=\"td_block_wrap tdb_single_content tdi_84 td-pb-border-top td_block_template_1 td-post-content tagdiv-type\" data-td-block-uid=\"tdi_84\">\n<div class=\"tdb-block-inner td-fix-index\">\n<p>En un contexto de creciente tensi\u00f3n pol\u00edtica en Tierra del Fuego, Paulino Rossi, abogado y ex concejal de R\u00edo Grande, manifest\u00f3 una postura cr\u00edtica y contundente contra la actual gesti\u00f3n del gobierno provincial, encabezado por el gobernador Gustavo Melella. Rossi, quien elabor\u00f3 una de las presentaciones ante el Superior Tribunal de Justicia relacionadas con irregularidades en la firma del decreto que convocaba a la elecci\u00f3n de convencionales, no dud\u00f3 en cuestionar duramente el accionar del Ejecutivo provincial.<\/p>\n<p>Por FM Master\u2019s, Rossi consider\u00f3 que la situaci\u00f3n lleg\u00f3 un punto de inflexi\u00f3n, especialmente tras la presentaci\u00f3n realizada por el legislador Jorge Lechman, descripta como \u00abimpecable en lo jur\u00eddico y muy valiente en lo pol\u00edtico\u00bb. Seg\u00fan dijo, este episodio expuso solo \u00abla punta del iceberg\u00bb de una serie de procedimientos mal ejecutados y posibles delitos que, en su opini\u00f3n, la justicia tiene la obligaci\u00f3n de investigar. En este sentido, calific\u00f3 el proceso de intento de modificaci\u00f3n de la Constituci\u00f3n como \u201c<em>bochornoso\u00bb<\/em>.<\/p>\n<p>Uno de los focos de la cr\u00edtica de Rossi se centra en el ministro Agust\u00edn Tita, a quien describi\u00f3 como alguien ajeno a la pol\u00edtica. \u00abTita puede ser cualquier cosa, menos pol\u00edtico. Todo bien, lo aprecio mucho a Agust\u00edn, pero a \u00e9l le gustar\u00eda ser CEO, no le gusta la pol\u00edtica\u00bb, expres\u00f3, cuestionando adem\u00e1s la falta de compromiso del ministro con la provincia, insinuando que pasa m\u00e1s tiempo fuera que dentro: \u201c<strong><em>No est\u00e1 en la provincia, punto uno, si empezamos a computar la cantidad de d\u00edas que est\u00e1 en Tierra del Fuego, nos vamos a llevar una gran sorpresa<\/em><\/strong>\u201d denunci\u00f3.<\/p>\n<p><a href=\"https:\/\/opinionpublica.com.ar\/index\/wp-content\/uploads\/2024\/08\/cnne-823752-gustavo-melella.jpeg\"><img decoding=\"async\" class=\"alignnone size-full wp-image-4909\" src=\"https:\/\/opinionpublica.com.ar\/index\/wp-content\/uploads\/2024\/08\/cnne-823752-gustavo-melella.jpeg\" alt=\"\" width=\"1480\" height=\"833\" srcset=\"https:\/\/opinionpublica.com.ar\/index\/wp-content\/uploads\/2024\/08\/cnne-823752-gustavo-melella.jpeg 1480w, https:\/\/opinionpublica.com.ar\/index\/wp-content\/uploads\/2024\/08\/cnne-823752-gustavo-melella-300x169.jpeg 300w, https:\/\/opinionpublica.com.ar\/index\/wp-content\/uploads\/2024\/08\/cnne-823752-gustavo-melella-1024x576.jpeg 1024w, https:\/\/opinionpublica.com.ar\/index\/wp-content\/uploads\/2024\/08\/cnne-823752-gustavo-melella-768x432.jpeg 768w\" sizes=\"(max-width: 1480px) 100vw, 1480px\" \/><\/a><\/p>\n<p>La postura del ex concejal no se limita a cuestionamientos individuales, sino que abarca a todo el gabinete provincial, al que califica de ineficaz. \u00ab<strong><em>Tratan de echarle la culpa a terceros para eludirse la responsabilidad de la torpeza absoluta de un rejunte de in\u00fatiles que son hoy en d\u00eda el gabinete provincial<\/em><\/strong>\u00ab, castig\u00f3, enfatizando que los problemas de la gesti\u00f3n actual son autoinducidos y no responsabilidad de agentes externos.<\/p>\n<p>Otro de los temas que mencion\u00f3 Rossi es la falta de respeto por la Constituci\u00f3n provincial, se\u00f1alando que, a pesar de los esfuerzos por modificarla, los primeros en incumplirla han sido los propios miembros del gobierno. \u00ab<strong><em>Lo primero que hacen es incumplirla<\/em><\/strong>\u00ab, afirm\u00f3, refiri\u00e9ndose a la asunci\u00f3n de cargos por parte de ex legisladores antes de cumplido el a\u00f1o requerido por la Constituci\u00f3n.<\/p>\n<p>Paulino Rossi concluy\u00f3 que no existe una crisis institucional en el contexto actual de Tierra del Fuego sino por el contrario lo que hay es una crisis pol\u00edtica pero que \u201c<strong><em>hay madurez para ponerle un freno a los caprichos del Gobernador\u201d<\/em><\/strong>. M\u00e1s all\u00e1 del an\u00e1lisis de los posibles delitos en cuesti\u00f3n entiende el abogado que \u201cCuestiones morales y \u00e9ticas que hab\u00edamos naturalizado en Tierra del Fuego, tambi\u00e9n las vamos a poner sobre la mesa\u00bb, sentenci\u00f3. Y a\u00f1adi\u00f3: \u201cEl juicio pol\u00edtico es un tema de suma de voluntades de la Legislatura. Estamos hablando que es algo grave, porque te minimizan la falsificaci\u00f3n ideol\u00f3gica de un instrumento p\u00fablico.\u00a0<strong><em>Te dicen no importa si se firm\u00f3 el 26 27 28, como si fuera una pavada y estamos hablando de falsificar un instrumento publico<\/em><\/strong>\u201d. En este contexto, las declaraciones reflejan su creciente insatisfacci\u00f3n con la gesti\u00f3n actual y sugieren un escenario pol\u00edtico cada vez m\u00e1s polarizado en Tierra del Fuego y atravesado por el clima nacional.<\/p>\n<\/div>\n<\/div>\n<\/div>\n<\/div>\n<\/div>\n<\/div>\n","protected":false},"excerpt":{"rendered":"<p>El abogado, protagonista de presentaciones ante el STJ por irregularidades en el decreto convocante, explic\u00f3 que \u201cno hay<\/p>\n","protected":false},"author":8,"featured_media":4909,"comment_status":"open","ping_status":"open","sticky":false,"template":"","format":"standard","meta":{"footnotes":""},"categories":[2],"tags":[134,2115,1159],"class_list":["post-5261","post","type-post","status-publish","format-standard","has-post-thumbnail","hentry","category-tierra-del-fuego","tag-gustavo-melella","tag-paulino-rossi","tag-reforma-constitucional"],"featured_image_urls":{"full":["https:\/\/opinionpublica.com.ar\/index\/wp-content\/uploads\/2024\/08\/cnne-823752-gustavo-melella.jpeg",1480,833,false],"thumbnail":["https:\/\/opinionpublica.com.ar\/index\/wp-content\/uploads\/2024\/08\/cnne-823752-gustavo-melella-150x150.jpeg",150,150,true],"medium":["https:\/\/opinionpublica.com.ar\/index\/wp-content\/uploads\/2024\/08\/cnne-823752-gustavo-melella-300x169.jpeg",300,169,true],"medium_large":["https:\/\/opinionpublica.com.ar\/index\/wp-content\/uploads\/2024\/08\/cnne-823752-gustavo-melella-768x432.jpeg",640,360,true],"large":["https:\/\/opinionpublica.com.ar\/index\/wp-content\/uploads\/2024\/08\/cnne-823752-gustavo-melella-1024x576.jpeg",640,360,true],"1536x1536":["https:\/\/opinionpublica.com.ar\/index\/wp-content\/uploads\/2024\/08\/cnne-823752-gustavo-melella.jpeg",1480,833,false],"2048x2048":["https:\/\/opinionpublica.com.ar\/index\/wp-content\/uploads\/2024\/08\/cnne-823752-gustavo-melella.jpeg",1480,833,false],"morenews-large":["https:\/\/opinionpublica.com.ar\/index\/wp-content\/uploads\/2024\/08\/cnne-823752-gustavo-melella-825x575.jpeg",825,575,true],"morenews-medium":["https:\/\/opinionpublica.com.ar\/index\/wp-content\/uploads\/2024\/08\/cnne-823752-gustavo-melella-590x410.jpeg",590,410,true]},"author_info":{"display_name":"RKing","author_link":"https:\/\/opinionpublica.com.ar\/index\/author\/rking\/"},"category_info":"<a href=\"https:\/\/opinionpublica.com.ar\/index\/category\/tierra-del-fuego\/\" rel=\"category tag\">Tierra del Fuego<\/a>","tag_info":"Tierra del Fuego","comment_count":"0","_links":{"self":[{"href":"https:\/\/opinionpublica.com.ar\/index\/wp-json\/wp\/v2\/posts\/5261","targetHints":{"allow":["GET"]}}],"collection":[{"href":"https:\/\/opinionpublica.com.ar\/index\/wp-json\/wp\/v2\/posts"}],"about":[{"href":"https:\/\/opinionpublica.com.ar\/index\/wp-json\/wp\/v2\/types\/post"}],"author":[{"embeddable":true,"href":"https:\/\/opinionpublica.com.ar\/index\/wp-json\/wp\/v2\/users\/8"}],"replies":[{"embeddable":true,"href":"https:\/\/opinionpublica.com.ar\/index\/wp-json\/wp\/v2\/comments?post=5261"}],"version-history":[{"count":1,"href":"https:\/\/opinionpublica.com.ar\/index\/wp-json\/wp\/v2\/posts\/5261\/revisions"}],"predecessor-version":[{"id":5262,"href":"https:\/\/opinionpublica.com.ar\/index\/wp-json\/wp\/v2\/posts\/5261\/revisions\/5262"}],"wp:featuredmedia":[{"embeddable":true,"href":"https:\/\/opinionpublica.com.ar\/index\/wp-json\/wp\/v2\/media\/4909"}],"wp:attachment":[{"href":"https:\/\/opinionpublica.com.ar\/index\/wp-json\/wp\/v2\/media?parent=5261"}],"wp:term":[{"taxonomy":"category","embeddable":true,"href":"https:\/\/opinionpublica.com.ar\/index\/wp-json\/wp\/v2\/categories?post=5261"},{"taxonomy":"post_tag","embeddable":true,"href":"https:\/\/opinionpublica.com.ar\/index\/wp-json\/wp\/v2\/tags?post=5261"}],"curies":[{"name":"wp","href":"https:\/\/api.w.org\/{rel}","templated":true}]}}