{"id":5263,"date":"2024-08-27T12:36:37","date_gmt":"2024-08-27T15:36:37","guid":{"rendered":"https:\/\/opinionpublica.com.ar\/index\/?p=5263"},"modified":"2024-08-27T12:36:37","modified_gmt":"2024-08-27T15:36:37","slug":"piden-informes-al-gobierno-sobre-publicidad-paga","status":"publish","type":"post","link":"https:\/\/opinionpublica.com.ar\/index\/piden-informes-al-gobierno-sobre-publicidad-paga\/","title":{"rendered":"Piden informes al Gobierno sobre publicidad paga"},"content":{"rendered":"<div id=\"tdi_73\" class=\"tdc-row stretch_row_1400 td-stretch-content\">\n<div class=\"vc_row tdi_74  wpb_row td-pb-row tdc-element-style\">\n<div class=\"vc_column tdi_76  wpb_column vc_column_container tdc-column td-pb-span12\">\n<div class=\"wpb_wrapper\">\n<div class=\"td_block_wrap tdb_title tdi_78 tdb-single-title td-pb-border-top td_block_template_1\" data-td-block-uid=\"tdi_78\">\n<div class=\"tdb-block-inner td-fix-index\">\n<p class=\"tdb-title-text\"><strong>Piden informes al Gobierno provincial sobre la publicidad paga<\/strong><\/p>\n<\/div>\n<\/div>\n<\/div>\n<\/div>\n<\/div>\n<\/div>\n<div id=\"tdi_79\" class=\"tdc-row stretch_row_1200 td-stretch-content\">\n<div class=\"vc_row tdi_80  wpb_row td-pb-row\">\n<div class=\"vc_column tdi_82  wpb_column vc_column_container tdc-column td-pb-span8\">\n<div class=\"wpb_wrapper\">\n<div class=\"td_block_wrap tdb_single_content tdi_84 td-pb-border-top td_block_template_1 td-post-content tagdiv-type\" data-td-block-uid=\"tdi_84\">\n<div class=\"tdb-block-inner td-fix-index\">\n<p>Desde Somos Fueguinos presentaron 12 proyectos que buscan esclarecer la forma en la que el Gobierno y los Entes descentralizados distribuyeron la pauta en los \u00faltimos 3 a\u00f1os.<\/p>\n<p><a href=\"https:\/\/opinionpublica.com.ar\/index\/wp-content\/uploads\/2024\/06\/legislatura-tierra-del-fuego.webp\"><img fetchpriority=\"high\" decoding=\"async\" class=\"alignnone size-full wp-image-4057\" src=\"https:\/\/opinionpublica.com.ar\/index\/wp-content\/uploads\/2024\/06\/legislatura-tierra-del-fuego.webp\" alt=\"\" width=\"790\" height=\"527\" srcset=\"https:\/\/opinionpublica.com.ar\/index\/wp-content\/uploads\/2024\/06\/legislatura-tierra-del-fuego.webp 790w, https:\/\/opinionpublica.com.ar\/index\/wp-content\/uploads\/2024\/06\/legislatura-tierra-del-fuego-300x200.webp 300w, https:\/\/opinionpublica.com.ar\/index\/wp-content\/uploads\/2024\/06\/legislatura-tierra-del-fuego-768x512.webp 768w\" sizes=\"(max-width: 790px) 100vw, 790px\" \/><\/a><\/p>\n<p>Las solicitudes apuntan a obtener informaci\u00f3n detallada sobre los medios gr\u00e1ficos, prensa escrita, radio, televisi\u00f3n y portales digitales contratados durante los a\u00f1os 2022, 2023 y 2024. Adem\u00e1s pide que se informe sobre los montos asignados a la pauta publicitaria a cada uno de ellos, as\u00ed como sobre la existencia de pagos pendientes.<\/p>\n<p>En total, se presentaron doce proyectos que abarcan un amplio espectro de organismos, entre ellos la Direcci\u00f3n de Puertos (DPP), la Direcci\u00f3n Provincial de Vialidad (DPV), el Instituto Fueguino de Turismo (INFUETUR), el Instituto Provincial de An\u00e1lisis e Investigaci\u00f3n, Estad\u00edstica y Censos (IPIEC), el Instituto Provincial de Vivienda (IPV), la Agencia de Recaudaci\u00f3n Fueguina (AREF), la Caja de Previsi\u00f3n Social (CPSPTDF), la Direcci\u00f3n Provincial de Obras y Servicios Sanitarios (DPOSS), la Inspecci\u00f3n General de Justicia (IGJ), el Instituto Provincial de Regulaci\u00f3n de Apuestas (IPRA) y la Obra Social del Estado Fueguino (OSEF).<\/p>\n<p><a href=\"https:\/\/opinionpublica.com.ar\/index\/wp-content\/uploads\/2024\/08\/casa-de-gobierno-tdf.jpg\"><img decoding=\"async\" class=\"alignnone size-full wp-image-5180\" src=\"https:\/\/opinionpublica.com.ar\/index\/wp-content\/uploads\/2024\/08\/casa-de-gobierno-tdf.jpg\" alt=\"\" width=\"900\" height=\"819\" srcset=\"https:\/\/opinionpublica.com.ar\/index\/wp-content\/uploads\/2024\/08\/casa-de-gobierno-tdf.jpg 900w, https:\/\/opinionpublica.com.ar\/index\/wp-content\/uploads\/2024\/08\/casa-de-gobierno-tdf-300x273.jpg 300w, https:\/\/opinionpublica.com.ar\/index\/wp-content\/uploads\/2024\/08\/casa-de-gobierno-tdf-768x699.jpg 768w\" sizes=\"(max-width: 900px) 100vw, 900px\" \/><\/a><\/p>\n<p>El objetivo es verificar si el gasto en publicidad oficial cumple con los prop\u00f3sitos establecidos en el Decreto Provincial N\u00b0 310\/2015, entre los que se incluye la difusi\u00f3n de pol\u00edticas p\u00fablicas, programas, servicios, derechos y obligaciones; el fomento o desaliento de conductas de inter\u00e9s comunitario; y la promoci\u00f3n de inversiones en la econom\u00eda local.<\/p>\n<p>En los fundamentos de los proyectos, Lechman subray\u00f3 la importancia de prestar especial atenci\u00f3n a los gastos en publicidad oficial realizados por el Poder Ejecutivo Provincial, \u201cdebido al contexto econ\u00f3mico desfavorable en el cual se encuentra la provincia\u201d.<\/p>\n<\/div>\n<\/div>\n<\/div>\n<\/div>\n<\/div>\n<\/div>\n","protected":false},"excerpt":{"rendered":"<p>Piden informes al Gobierno provincial sobre la publicidad paga Desde Somos Fueguinos presentaron 12 proyectos que buscan esclarecer<\/p>\n","protected":false},"author":8,"featured_media":1100,"comment_status":"open","ping_status":"open","sticky":false,"template":"","format":"standard","meta":{"footnotes":""},"categories":[2],"tags":[2125,328,668,5],"class_list":["post-5263","post","type-post","status-publish","format-standard","has-post-thumbnail","hentry","category-tierra-del-fuego","tag-gastos-publicidad","tag-jorge-lechman","tag-somos-fueguinos","tag-tierra-del-fuego"],"featured_image_urls":{"full":["https:\/\/opinionpublica.com.ar\/index\/wp-content\/uploads\/2024\/03\/legislatura-provincial-2.jpg",1200,588,false],"thumbnail":["https:\/\/opinionpublica.com.ar\/index\/wp-content\/uploads\/2024\/03\/legislatura-provincial-2-150x150.jpg",150,150,true],"medium":["https:\/\/opinionpublica.com.ar\/index\/wp-content\/uploads\/2024\/03\/legislatura-provincial-2-300x147.jpg",300,147,true],"medium_large":["https:\/\/opinionpublica.com.ar\/index\/wp-content\/uploads\/2024\/03\/legislatura-provincial-2-768x376.jpg",640,313,true],"large":["https:\/\/opinionpublica.com.ar\/index\/wp-content\/uploads\/2024\/03\/legislatura-provincial-2-1024x502.jpg",640,314,true],"1536x1536":["https:\/\/opinionpublica.com.ar\/index\/wp-content\/uploads\/2024\/03\/legislatura-provincial-2.jpg",1200,588,false],"2048x2048":["https:\/\/opinionpublica.com.ar\/index\/wp-content\/uploads\/2024\/03\/legislatura-provincial-2.jpg",1200,588,false],"morenews-large":["https:\/\/opinionpublica.com.ar\/index\/wp-content\/uploads\/2024\/03\/legislatura-provincial-2-825x575.jpg",825,575,true],"morenews-medium":["https:\/\/opinionpublica.com.ar\/index\/wp-content\/uploads\/2024\/03\/legislatura-provincial-2-590x410.jpg",590,410,true]},"author_info":{"display_name":"RKing","author_link":"https:\/\/opinionpublica.com.ar\/index\/author\/rking\/"},"category_info":"<a href=\"https:\/\/opinionpublica.com.ar\/index\/category\/tierra-del-fuego\/\" rel=\"category tag\">Tierra del Fuego<\/a>","tag_info":"Tierra del Fuego","comment_count":"0","_links":{"self":[{"href":"https:\/\/opinionpublica.com.ar\/index\/wp-json\/wp\/v2\/posts\/5263","targetHints":{"allow":["GET"]}}],"collection":[{"href":"https:\/\/opinionpublica.com.ar\/index\/wp-json\/wp\/v2\/posts"}],"about":[{"href":"https:\/\/opinionpublica.com.ar\/index\/wp-json\/wp\/v2\/types\/post"}],"author":[{"embeddable":true,"href":"https:\/\/opinionpublica.com.ar\/index\/wp-json\/wp\/v2\/users\/8"}],"replies":[{"embeddable":true,"href":"https:\/\/opinionpublica.com.ar\/index\/wp-json\/wp\/v2\/comments?post=5263"}],"version-history":[{"count":1,"href":"https:\/\/opinionpublica.com.ar\/index\/wp-json\/wp\/v2\/posts\/5263\/revisions"}],"predecessor-version":[{"id":5264,"href":"https:\/\/opinionpublica.com.ar\/index\/wp-json\/wp\/v2\/posts\/5263\/revisions\/5264"}],"wp:featuredmedia":[{"embeddable":true,"href":"https:\/\/opinionpublica.com.ar\/index\/wp-json\/wp\/v2\/media\/1100"}],"wp:attachment":[{"href":"https:\/\/opinionpublica.com.ar\/index\/wp-json\/wp\/v2\/media?parent=5263"}],"wp:term":[{"taxonomy":"category","embeddable":true,"href":"https:\/\/opinionpublica.com.ar\/index\/wp-json\/wp\/v2\/categories?post=5263"},{"taxonomy":"post_tag","embeddable":true,"href":"https:\/\/opinionpublica.com.ar\/index\/wp-json\/wp\/v2\/tags?post=5263"}],"curies":[{"name":"wp","href":"https:\/\/api.w.org\/{rel}","templated":true}]}}