{"id":5265,"date":"2024-08-27T17:39:40","date_gmt":"2024-08-27T20:39:40","guid":{"rendered":"https:\/\/opinionpublica.com.ar\/index\/?p=5265"},"modified":"2024-08-27T17:41:51","modified_gmt":"2024-08-27T20:41:51","slug":"no-se-hara-la-sesion-legislativa-para-tratar-la-suspension-de-las-elecciones-a-convencionales","status":"publish","type":"post","link":"https:\/\/opinionpublica.com.ar\/index\/no-se-hara-la-sesion-legislativa-para-tratar-la-suspension-de-las-elecciones-a-convencionales\/","title":{"rendered":"No se har\u00e1 la sesi\u00f3n legislativa para tratar la suspensi\u00f3n de las elecciones a Convencionales"},"content":{"rendered":"<p>No se har\u00e1 la sesi\u00f3n legislativa para tratar la suspensi\u00f3n de las elecciones a Convencionales.<\/p>\n<p>Una tarde muy tensa, que por poco no termin\u00f3 en un esc\u00e1ndalo, se desarroll\u00f3 en la sede de los bloques legislativos de Ushuaia, cuando varios legisladores intentaron juntar firmas para tratar en una sesi\u00f3n el proyecto presentado por el legislador Dami\u00e1n L\u00f6ffler para suspender el llamado a elecciones para convencionales constituyentes, proyecto que hab\u00eda presentado el Gobierno provincial. Este legislador no logr\u00f3 las diez firmas y la sesi\u00f3n de este jueves no se har\u00e1.<\/p>\n<p><a href=\"https:\/\/opinionpublica.com.ar\/index\/wp-content\/uploads\/2024\/03\/legislatura-provincial-2.jpg\"><img fetchpriority=\"high\" decoding=\"async\" class=\"alignnone size-full wp-image-1100\" src=\"https:\/\/opinionpublica.com.ar\/index\/wp-content\/uploads\/2024\/03\/legislatura-provincial-2.jpg\" alt=\"\" width=\"1200\" height=\"588\" srcset=\"https:\/\/opinionpublica.com.ar\/index\/wp-content\/uploads\/2024\/03\/legislatura-provincial-2.jpg 1200w, https:\/\/opinionpublica.com.ar\/index\/wp-content\/uploads\/2024\/03\/legislatura-provincial-2-300x147.jpg 300w, https:\/\/opinionpublica.com.ar\/index\/wp-content\/uploads\/2024\/03\/legislatura-provincial-2-1024x502.jpg 1024w, https:\/\/opinionpublica.com.ar\/index\/wp-content\/uploads\/2024\/03\/legislatura-provincial-2-768x376.jpg 768w\" sizes=\"(max-width: 1200px) 100vw, 1200px\" \/><\/a><\/p>\n<p>Se recuerda que desde Casa de Gobierno hab\u00edan convocado a elecciones para que los Convencionales Constituyentes modifiquen la Constituci\u00f3n de Tierra del Fuego, que se iba a hacer en noviembre. Pero el Superior Tribunal de Justicia anul\u00f3 el cronograma electoral por supuestas irregularidades (que se investigan), pero no as\u00ed el tema de fondo que es el llamado a elecci\u00f3n.<\/p>\n<p>Finalmente, otros legisladores firmaron una convocatoria para una sesi\u00f3n ordinaria que se har\u00e1 el d\u00eda jueves 19 de septiembre a la hora 10. La Legislatura est\u00e1 a cargo de Myriam Mart\u00ednez.<\/p>\n<p>Por momentos fue muy tensa la situaci\u00f3n, se escucharon gritos y enojos porque algunos quer\u00edan tratar este proyecto relacionado con la suspensi\u00f3n del llamado a elecciones. Pero eso no fue todo, porque tambi\u00e9n un sector presion\u00f3 para que se tratara un presupuesto especial para el Poder Judicial con un incremento de 49 nuevas plantas, lo que significaba un 30% de aumento para ese poder.<\/p>\n<p>Se trata de un nuevo round en la pelea entre un sector de los legisladores encabezado por Dami\u00e1n L\u00f6ffler, Agust\u00edn Coto y Jorge Lechman, quienes mantienen una pelea directa con el Gobierno provincial que quiere modificar la Constituci\u00f3n buscando una posible re-reelecci\u00f3n.<\/p>\n<p>A quien se lo vio sumamente alterado fue al legislador L\u00f6ffler, quien ten\u00eda en sus manos el proyecto de suspensi\u00f3n de este llamado a elecci\u00f3n y luego, como no consigui\u00f3 los votos necesarios -que eran 10-, se mostr\u00f3 muy nervioso y enojado con algunos legisladores que no acompa\u00f1aron con su firma.<\/p>\n<p>Quienes si acompa\u00f1aron con su firma el proyecto de L\u00f6ffler para suspender el llamado a elecci\u00f3n fueron Mat\u00edas Lapadula, Ra\u00fal Von Der Thusen, Jorge Lechman, Natalia Gracian\u00eda, Agust\u00edn Coto, Pablo Villegas y el mencionado Loeffler. Fue llamativa la postura de Gisela Dos Santos, que es del bloque Somos Fueguinos, quien firm\u00f3 la suspensi\u00f3n, pero no as\u00ed el proyecto de L\u00f6ffler, lo que significa tambi\u00e9n en este punto un quiebre en el bloque de Somos Fueguinos.<\/p>\n<p><strong>CONFIRMARON LA SESI\u00d3N PARA EL 19 DE SETIEMBRE<\/strong><\/p>\n<p>Este martes se firm\u00f3 una resoluci\u00f3n presentada por los legisladores Federico Greve, Federico Sciurano, Myriam Mart\u00ednez, Mar\u00eda Laura Colazo, Gisela Dos Santos, Victoria Vuoto, Virgilio Tom\u00e1s Garc\u00eda y Juan Carlos Pino, a trav\u00e9s de la cual dejaron sin efecto la sesi\u00f3n que se iba a realizar este jueves y convocaron a una sesi\u00f3n ordinaria para el jueves 19 de septiembre a las 10 en la Legislatura.<\/p>\n<p>Adem\u00e1s establecieron el cierre de asuntos para el d\u00eda lunes 16 a la hora 12, mientras que el d\u00eda siguiente -desde las 14- ser\u00e1 la reuni\u00f3n de labor parlamentaria.<\/p>\n","protected":false},"excerpt":{"rendered":"<p>No se har\u00e1 la sesi\u00f3n legislativa para tratar la suspensi\u00f3n de las elecciones a Convencionales. Una tarde muy<\/p>\n","protected":false},"author":8,"featured_media":2478,"comment_status":"open","ping_status":"open","sticky":false,"template":"","format":"standard","meta":{"footnotes":""},"categories":[2],"tags":[2127,2126],"class_list":["post-5265","post","type-post","status-publish","format-standard","has-post-thumbnail","hentry","category-tierra-del-fuego","tag-elecciones-a-convencionales","tag-sesion-legislativa"],"featured_image_urls":{"full":["https:\/\/opinionpublica.com.ar\/index\/wp-content\/uploads\/2024\/04\/legislatura-provincial-tdf.jpg",750,500,false],"thumbnail":["https:\/\/opinionpublica.com.ar\/index\/wp-content\/uploads\/2024\/04\/legislatura-provincial-tdf-150x150.jpg",150,150,true],"medium":["https:\/\/opinionpublica.com.ar\/index\/wp-content\/uploads\/2024\/04\/legislatura-provincial-tdf-300x200.jpg",300,200,true],"medium_large":["https:\/\/opinionpublica.com.ar\/index\/wp-content\/uploads\/2024\/04\/legislatura-provincial-tdf.jpg",640,427,false],"large":["https:\/\/opinionpublica.com.ar\/index\/wp-content\/uploads\/2024\/04\/legislatura-provincial-tdf.jpg",640,427,false],"1536x1536":["https:\/\/opinionpublica.com.ar\/index\/wp-content\/uploads\/2024\/04\/legislatura-provincial-tdf.jpg",750,500,false],"2048x2048":["https:\/\/opinionpublica.com.ar\/index\/wp-content\/uploads\/2024\/04\/legislatura-provincial-tdf.jpg",750,500,false],"morenews-large":["https:\/\/opinionpublica.com.ar\/index\/wp-content\/uploads\/2024\/04\/legislatura-provincial-tdf.jpg",750,500,false],"morenews-medium":["https:\/\/opinionpublica.com.ar\/index\/wp-content\/uploads\/2024\/04\/legislatura-provincial-tdf-590x410.jpg",590,410,true]},"author_info":{"display_name":"RKing","author_link":"https:\/\/opinionpublica.com.ar\/index\/author\/rking\/"},"category_info":"<a href=\"https:\/\/opinionpublica.com.ar\/index\/category\/tierra-del-fuego\/\" rel=\"category tag\">Tierra del Fuego<\/a>","tag_info":"Tierra del Fuego","comment_count":"0","_links":{"self":[{"href":"https:\/\/opinionpublica.com.ar\/index\/wp-json\/wp\/v2\/posts\/5265","targetHints":{"allow":["GET"]}}],"collection":[{"href":"https:\/\/opinionpublica.com.ar\/index\/wp-json\/wp\/v2\/posts"}],"about":[{"href":"https:\/\/opinionpublica.com.ar\/index\/wp-json\/wp\/v2\/types\/post"}],"author":[{"embeddable":true,"href":"https:\/\/opinionpublica.com.ar\/index\/wp-json\/wp\/v2\/users\/8"}],"replies":[{"embeddable":true,"href":"https:\/\/opinionpublica.com.ar\/index\/wp-json\/wp\/v2\/comments?post=5265"}],"version-history":[{"count":3,"href":"https:\/\/opinionpublica.com.ar\/index\/wp-json\/wp\/v2\/posts\/5265\/revisions"}],"predecessor-version":[{"id":5268,"href":"https:\/\/opinionpublica.com.ar\/index\/wp-json\/wp\/v2\/posts\/5265\/revisions\/5268"}],"wp:featuredmedia":[{"embeddable":true,"href":"https:\/\/opinionpublica.com.ar\/index\/wp-json\/wp\/v2\/media\/2478"}],"wp:attachment":[{"href":"https:\/\/opinionpublica.com.ar\/index\/wp-json\/wp\/v2\/media?parent=5265"}],"wp:term":[{"taxonomy":"category","embeddable":true,"href":"https:\/\/opinionpublica.com.ar\/index\/wp-json\/wp\/v2\/categories?post=5265"},{"taxonomy":"post_tag","embeddable":true,"href":"https:\/\/opinionpublica.com.ar\/index\/wp-json\/wp\/v2\/tags?post=5265"}],"curies":[{"name":"wp","href":"https:\/\/api.w.org\/{rel}","templated":true}]}}