{"id":5269,"date":"2024-08-28T02:17:26","date_gmt":"2024-08-28T05:17:26","guid":{"rendered":"https:\/\/opinionpublica.com.ar\/index\/?p=5269"},"modified":"2024-08-28T02:17:26","modified_gmt":"2024-08-28T05:17:26","slug":"macri-en-guerra-mando-a-ritondo-a-pedir-informes-sobre-la-side-de-santiago-caputo","status":"publish","type":"post","link":"https:\/\/opinionpublica.com.ar\/index\/macri-en-guerra-mando-a-ritondo-a-pedir-informes-sobre-la-side-de-santiago-caputo\/","title":{"rendered":"Macri en guerra, mand\u00f3 a Ritondo a pedir informes sobre la SIDE de Santiago Caputo"},"content":{"rendered":"<div class=\"bloque1 nota noticia-ar\">\n<div class=\"item\">\n<div class=\"nota-header\">\n<div id=\"title-news\" class=\"title\">Macri en guerra, mand\u00f3 a Ritondo a pedir informes sobre la SIDE de Santiago Caputo<\/div>\n<div class=\"as\">\n<div class=\"description\">El diputado present\u00f3 una nota en la Bicameral de Inteligencia, despu\u00e9s que un apoderado de Neiffert buscara informaci\u00f3n de la causa de espionaje que llevaba Mart\u00ednez de Giorgi<\/div>\n<\/div>\n<\/div>\n<div class=\"zleft z75\">\n<div class=\"media\">\n<div id=\"vplfgp_gallery1\" class=\"gallery\">\n<div class=\"g_controls\">\n<div class=\"image\"><\/div>\n<\/div>\n<\/div>\n<\/div>\n<div class=\"ad_tn\">\n<div class=\"author-date\"><a href=\"https:\/\/opinionpublica.com.ar\/index\/wp-content\/uploads\/2024\/08\/ritondo-caputo-750x500-1.jpg\"><img fetchpriority=\"high\" decoding=\"async\" class=\"alignnone  wp-image-4781\" src=\"https:\/\/opinionpublica.com.ar\/index\/wp-content\/uploads\/2024\/08\/ritondo-caputo-750x500-1.jpg\" alt=\"\" width=\"824\" height=\"549\" srcset=\"https:\/\/opinionpublica.com.ar\/index\/wp-content\/uploads\/2024\/08\/ritondo-caputo-750x500-1.jpg 750w, https:\/\/opinionpublica.com.ar\/index\/wp-content\/uploads\/2024\/08\/ritondo-caputo-750x500-1-300x200.jpg 300w\" sizes=\"(max-width: 824px) 100vw, 824px\" \/><\/a><\/div>\n<\/div>\n<div id=\"vsmcontent\" class=\"body vsmcontent\">\n<p>Cristian Ritondo present\u00f3 este martes un pedido de informes ante la Comisi\u00f3n Bicameral de Inteligencia para que la SIDE responda con qu\u00e9 objetivo se present\u00f3 un apoderado de Sergio Neiffert, ante el Juzgado Federal N\u00b0 8, a cargo de Marcelo Mart\u00ednez de Giorgi, para acceder a informaci\u00f3n sobre la causa por espionaje ilegal que involucraba a funcionarios del gobierno de Mauricio Macri.<\/p>\n<p>Con la firma de 16 legisladores del bloque PRO, Ritondo llev\u00f3 la nota en medio de la tensi\u00f3n entre el l\u00edder de su partido con Javier Milei, durante la primera reuni\u00f3n de la comisi\u00f3n desde su nueva conformaci\u00f3n, con Mart\u00edn Lousteau como presidente, Leopoldo Moreau como vice y Oscar Parrilli como secretario.<\/p>\n<p>De hecho, el letrado que actu\u00f3 en representaci\u00f3n de Neiffert, un hombre que responde a Santiago Caputo, fue al juzgado el pasado 14 de agosto, antes que se cayera la posibilidad de sesionar a pedido de Nicol\u00e1s Massot al d\u00eda siguiente para voltear el DNU que ampliaba los fondos reservados de la SIDE.<\/p>\n<p>La informaci\u00f3n de ese movimiento en la causa\u00a0fue revelada\u00a0por La Naci\u00f3n, pero el Poder Judicial deneg\u00f3 ese pedido de Caputo y Neiffert 48 horas despu\u00e9s que la C\u00e1mara de Diputados rechazara el decreto por 157 votos contra 52. Esa impugnaci\u00f3n del DNU se logr\u00f3 con 20 votos del macrismo, que se unieron a la oposici\u00f3n por orden del propio Macri.<\/p>\n<p>LPO cont\u00f3 que el expresidente la avis\u00f3 a Milei que ir\u00eda a fondo contra Caputo y, luego de una reuni\u00f3n por Zoom que Macri mantuvo con su tropa parlamentaria y un grupo de gobernadores de Juntos por el Cambio, el decreto cay\u00f3.<\/p>\n<p><a href=\"https:\/\/opinionpublica.com.ar\/index\/wp-content\/uploads\/2024\/08\/santiago-caputo-3.jpg\"><img decoding=\"async\" class=\"alignnone size-full wp-image-5060\" src=\"https:\/\/opinionpublica.com.ar\/index\/wp-content\/uploads\/2024\/08\/santiago-caputo-3.jpg\" alt=\"\" width=\"940\" height=\"529\" srcset=\"https:\/\/opinionpublica.com.ar\/index\/wp-content\/uploads\/2024\/08\/santiago-caputo-3.jpg 940w, https:\/\/opinionpublica.com.ar\/index\/wp-content\/uploads\/2024\/08\/santiago-caputo-3-300x169.jpg 300w, https:\/\/opinionpublica.com.ar\/index\/wp-content\/uploads\/2024\/08\/santiago-caputo-3-768x432.jpg 768w\" sizes=\"(max-width: 940px) 100vw, 940px\" \/><\/a><\/p>\n<p>Ahora, Ritondo exige a trav\u00e9s de la Bicameral de Inteligencia que Neiffert responda si en las \u00faltimas semanas se present\u00f3 alg\u00fan abogado como apoderado\u00a0de la central de inteligencia en el expediente; nombre y apellido de quien se present\u00f3 en la causa; qui\u00e9n le encomend\u00f3 la presentaci\u00f3n en el expediente; qu\u00e9 pidi\u00f3 respecto del expediente y con qu\u00e9 fundamento; si se solicit\u00f3 vincular alg\u00fan domicilio\u00a0electr\u00f3nico de alg\u00fan representante o apoderado de la Secretaria de Inteligencia en\u00a0la causa mencionada; y\u00a0fecha de ingreso del agente que se present\u00f3 como apoderado,\u00a0\u00e1rea en la cual presta servicios y qui\u00e9n es su superior inmediato.<\/p>\n<p>La jugada de Ritondo est\u00e1 lejos de sellar la paz entre Macri y Milei, que al cierre de esta nota se dispon\u00edan a cenar una vez m\u00e1s en la quinta presidencial de Olivos.<\/p>\n<p>Por otro lado, los diputados y senadores miembros de la Bicameral acordaron que cursar\u00edan preguntas a la SIDE sobre el redise\u00f1o del aparato de inteligencia, tambi\u00e9n dispuesto por decreto, y el plan de Neiffert al frente del organismo. Los opositores son conscientes que su tarea no interfiere con la voluntad de los legisladores de la C\u00e1mara Alta en caso que consigan suficientes voluntades para llevar el DNU de los fondos reservados a recinto. \u00abNo tocamos ese DNU porque ser\u00eda convalidarlo\u00bb, dijeron en el despacho de uno de los integrantes del cuerpo.<\/p>\n<p>Seg\u00fan fuentes parlamentarias, caus\u00f3 extra\u00f1eza que el libertario Gabriel Bornoroni propusiera que se comunique toda la informaci\u00f3n sobre el decreto de la discordia a los senadores, con el prop\u00f3sito de desmontar eventuales prejuicios al momento de su tratamiento en sesi\u00f3n. Uno de los peronistas le salt\u00f3 a la yugular: \u00abla informaci\u00f3n de esta comisi\u00f3n es secreta y no se la deber\u00edas comentar ni a tu familia\u00bb, le explic\u00f3.<\/p>\n<p>Entre otras curiosidades, Mart\u00edn Goerling fue relevado de su silla en la Bicameral luego de que pulseara para quedarse con la presidencia, auspiciado por Victoria Villarruel y Patricia Bullrich. En su lugar, se incorpor\u00f3 la cordobesa Carmen \u00c1lvarez Rivero, la \u00fanica senadora macrista que vot\u00f3 contra el aumento jubilatorio. El entrerriano Edgardo Kueider, frustrado candidato de Caputo para conducir la comisi\u00f3n, no asisti\u00f3 a la reuni\u00f3n.<\/p>\n<p>&nbsp;<\/p>\n<\/div>\n<\/div>\n<\/div>\n<\/div>\n","protected":false},"excerpt":{"rendered":"<p>Macri en guerra, mand\u00f3 a Ritondo a pedir informes sobre la SIDE de Santiago Caputo El diputado present\u00f3<\/p>\n","protected":false},"author":8,"featured_media":3433,"comment_status":"open","ping_status":"open","sticky":false,"template":"","format":"standard","meta":{"footnotes":""},"categories":[3],"tags":[695,576,1926],"class_list":["post-5269","post","type-post","status-publish","format-standard","has-post-thumbnail","hentry","category-nacionales","tag-cristian-ritondo","tag-mauricio-macri","tag-santiago-caputo"],"featured_image_urls":{"full":["https:\/\/opinionpublica.com.ar\/index\/wp-content\/uploads\/2024\/05\/ritondo-pro-bonaerense-diputados.jpg",940,529,false],"thumbnail":["https:\/\/opinionpublica.com.ar\/index\/wp-content\/uploads\/2024\/05\/ritondo-pro-bonaerense-diputados-150x150.jpg",150,150,true],"medium":["https:\/\/opinionpublica.com.ar\/index\/wp-content\/uploads\/2024\/05\/ritondo-pro-bonaerense-diputados-300x169.jpg",300,169,true],"medium_large":["https:\/\/opinionpublica.com.ar\/index\/wp-content\/uploads\/2024\/05\/ritondo-pro-bonaerense-diputados-768x432.jpg",640,360,true],"large":["https:\/\/opinionpublica.com.ar\/index\/wp-content\/uploads\/2024\/05\/ritondo-pro-bonaerense-diputados.jpg",640,360,false],"1536x1536":["https:\/\/opinionpublica.com.ar\/index\/wp-content\/uploads\/2024\/05\/ritondo-pro-bonaerense-diputados.jpg",940,529,false],"2048x2048":["https:\/\/opinionpublica.com.ar\/index\/wp-content\/uploads\/2024\/05\/ritondo-pro-bonaerense-diputados.jpg",940,529,false],"morenews-large":["https:\/\/opinionpublica.com.ar\/index\/wp-content\/uploads\/2024\/05\/ritondo-pro-bonaerense-diputados-825x529.jpg",825,529,true],"morenews-medium":["https:\/\/opinionpublica.com.ar\/index\/wp-content\/uploads\/2024\/05\/ritondo-pro-bonaerense-diputados-590x410.jpg",590,410,true]},"author_info":{"display_name":"RKing","author_link":"https:\/\/opinionpublica.com.ar\/index\/author\/rking\/"},"category_info":"<a href=\"https:\/\/opinionpublica.com.ar\/index\/category\/nacionales\/\" rel=\"category tag\">Nacionales<\/a>","tag_info":"Nacionales","comment_count":"0","_links":{"self":[{"href":"https:\/\/opinionpublica.com.ar\/index\/wp-json\/wp\/v2\/posts\/5269","targetHints":{"allow":["GET"]}}],"collection":[{"href":"https:\/\/opinionpublica.com.ar\/index\/wp-json\/wp\/v2\/posts"}],"about":[{"href":"https:\/\/opinionpublica.com.ar\/index\/wp-json\/wp\/v2\/types\/post"}],"author":[{"embeddable":true,"href":"https:\/\/opinionpublica.com.ar\/index\/wp-json\/wp\/v2\/users\/8"}],"replies":[{"embeddable":true,"href":"https:\/\/opinionpublica.com.ar\/index\/wp-json\/wp\/v2\/comments?post=5269"}],"version-history":[{"count":1,"href":"https:\/\/opinionpublica.com.ar\/index\/wp-json\/wp\/v2\/posts\/5269\/revisions"}],"predecessor-version":[{"id":5270,"href":"https:\/\/opinionpublica.com.ar\/index\/wp-json\/wp\/v2\/posts\/5269\/revisions\/5270"}],"wp:featuredmedia":[{"embeddable":true,"href":"https:\/\/opinionpublica.com.ar\/index\/wp-json\/wp\/v2\/media\/3433"}],"wp:attachment":[{"href":"https:\/\/opinionpublica.com.ar\/index\/wp-json\/wp\/v2\/media?parent=5269"}],"wp:term":[{"taxonomy":"category","embeddable":true,"href":"https:\/\/opinionpublica.com.ar\/index\/wp-json\/wp\/v2\/categories?post=5269"},{"taxonomy":"post_tag","embeddable":true,"href":"https:\/\/opinionpublica.com.ar\/index\/wp-json\/wp\/v2\/tags?post=5269"}],"curies":[{"name":"wp","href":"https:\/\/api.w.org\/{rel}","templated":true}]}}