{"id":5275,"date":"2024-08-28T03:39:08","date_gmt":"2024-08-28T06:39:08","guid":{"rendered":"https:\/\/opinionpublica.com.ar\/index\/?p=5275"},"modified":"2024-08-28T03:39:08","modified_gmt":"2024-08-28T06:39:08","slug":"victoria-villarruel-reabriremos-todas-las-causas-de-victimas-del-terrorismo","status":"publish","type":"post","link":"https:\/\/opinionpublica.com.ar\/index\/victoria-villarruel-reabriremos-todas-las-causas-de-victimas-del-terrorismo\/","title":{"rendered":"Victoria Villarruel: \u201cReabriremos todas las causas de v\u00edctimas del terrorismo\u201d"},"content":{"rendered":"<header class=\"article-header-wrapper\">\n<div class=\"article-header\">\n<p id=\"victoria-villarruel:-&quot;reabriremos-todas-las-causas-de-victimas-del-terrorismo&quot;\" class=\"article-headline left\"><strong>Victoria Villarruel: \u201cReabriremos todas las causas de v\u00edctimas del terrorismo\u201d<\/strong><\/p>\n<p class=\"article-subheadline left\"><strong>La Vicepresidenta inform\u00f3 que impulsar\u00e1n la reapertura de las investigaciones por cr\u00edmenes civiles cometidos en la d\u00e9cada del 70. \u201cLos Montoneros tienen que estar presos respondiendo por ensangrentar nuestra Naci\u00f3n\u201d, afirm\u00f3 durante un acto en el Senado.<\/strong><\/p>\n<p><a href=\"https:\/\/opinionpublica.com.ar\/index\/wp-content\/uploads\/2024\/08\/villarruel.jpg\"><img fetchpriority=\"high\" decoding=\"async\" class=\"alignnone size-full wp-image-5279\" src=\"https:\/\/opinionpublica.com.ar\/index\/wp-content\/uploads\/2024\/08\/villarruel.jpg\" alt=\"\" width=\"1200\" height=\"675\" srcset=\"https:\/\/opinionpublica.com.ar\/index\/wp-content\/uploads\/2024\/08\/villarruel.jpg 1200w, https:\/\/opinionpublica.com.ar\/index\/wp-content\/uploads\/2024\/08\/villarruel-300x169.jpg 300w, https:\/\/opinionpublica.com.ar\/index\/wp-content\/uploads\/2024\/08\/villarruel-1024x576.jpg 1024w, https:\/\/opinionpublica.com.ar\/index\/wp-content\/uploads\/2024\/08\/villarruel-768x432.jpg 768w\" sizes=\"(max-width: 1200px) 100vw, 1200px\" \/><\/a><\/p>\n<\/div>\n<\/header>\n<article class=\"article\">\n<div class=\"body-article\">\n<p class=\"paragraph\" data-mrf-recirculation=\"Links inline\">La vicepresidente y titular del Senado,\u00a0<b>Victoria Villarruel<\/b>, encabez\u00f3 este martes un acto de conmemoraci\u00f3n de las \u201c<b>v\u00edctimas del terrorismo<\/b>\u201d y comunic\u00f3 que impulsar\u00e1 -no se conoce el m\u00e9todo para dicho objetivo- la reapertura de todas las causas que involucren cr\u00edmenes cometidos por grupos civiles que, durante la d\u00e9cada del setenta, hayan promovido la lucha pol\u00edtica armada. \u201c<b>Los Montoneros tienen que estar presos respondiendo por ensangrentar nuestra Naci\u00f3n<\/b>\u201d, se\u00f1al\u00f3 la funcionaria de La Libertad Avanza, mientras que el oficialismo contin\u00faa sin encontrar una soluci\u00f3n al esc\u00e1ndalo por la visita de diputados a represores condenados por delitos de lesa humanidad.<\/p>\n<div class=\"news-module\" data-mrf-recirculation=\"IL_2_GB_9O-QPaEgG0T7rEvhQ\" data-testid=\"text-html\" data-mrf-experience=\"IL_2_GB_9O-QPaEgG0T7rEvhQ\">\n<div class=\"recommended-card__info\"><\/div>\n<\/div>\n<p class=\"paragraph\" data-mrf-recirculation=\"Links inline\">El acto se llev\u00f3 acabo en el Sal\u00f3n Azul de la c\u00e1mara alta. All\u00ed, Villarruel ratific\u00f3 su posici\u00f3n, conocida, respecto de los acontecimientos hist\u00f3ricos que se vivieron hace casi medio siglo en la Argentina. \u201c<b>\u00c9sta ha sido la lucha m\u00e1s importante de mi vida<\/b>\u201d, manifest\u00f3 la vicepresidenta. Y agreg\u00f3: \u201c<b>No ser\u00eda la misma persona hoy si no hubiese persistido en esta batalla tan desigual<\/b> contra lo m\u00e1s oscuro de la maldad humana.<\/p>\n<p class=\"paragraph\" data-mrf-recirculation=\"Links inline\">Seg\u00fan la titular de la C\u00e1mara alta, tiene que ser \u201cla justicia la que haga lo que debi\u00f3 hacer hace m\u00e1s de 20 a\u00f1os\u201d. En esa l\u00ednea, destac\u00f3: \u201c<b>S\u00f3lo con los asesinos en las c\u00e1rceles podremos, en la unidad y el deber cumplidos, poner a la Argentina de pie<\/b>\u201d.<\/p>\n<p class=\"paragraph\" data-mrf-recirculation=\"Links inline\">\u201c<b>Argentina merece no ser un nido de impunidad<\/b>, y para ello hace falta que construyamos los cimientos que derrumben la injusticia\u201d, asegur\u00f3 Villarruel. Minutos antes, lanz\u00f3: \u201cParec\u00eda ut\u00f3pico que hubiera resquicios de la luz de la verdad. En la muralla de la\u00a0<b>oscuridad pestilente que construy\u00f3 el kirchnerismo sobre la d\u00e9cada m\u00e1s dolorosa de nuestra historia. Era francamente peligroso denunciar los cr\u00edmenes de las protegidas de N\u00e9stor y Cristina Kirchner<\/b>\u201d.<\/p>\n<p class=\"paragraph\" data-mrf-recirculation=\"Links inline\">La vicepresidenta tambi\u00e9n dijo, en ese sentido, que ella y otras pocas personas fueron \u201cunas peque\u00f1as David frente al Goliat, que\u00a0<b>ten\u00eda todo el poder estatal para garantizarse su impunidad, reescribir nuestra historia y enriquecerse los bolsillos con el dolor de todos los argentinos<\/b>\u201d.<\/p>\n<div class=\"news-module\" data-mrf-recirculation=\"IL_JkB3GTBFTj2urpbOlzOORQ\" data-testid=\"text-html\" data-mrf-experience=\"IL_JkB3GTBFTj2urpbOlzOORQ\">\n<div class=\"recommended-card__info\"><\/div>\n<\/div>\n<div class=\"visual__image\"><a href=\"https:\/\/opinionpublica.com.ar\/index\/wp-content\/uploads\/2024\/03\/milei-villarrueljpg.jpeg\"><img decoding=\"async\" class=\"alignnone size-full wp-image-343\" src=\"https:\/\/opinionpublica.com.ar\/index\/wp-content\/uploads\/2024\/03\/milei-villarrueljpg.jpeg\" alt=\"\" width=\"2560\" height=\"1709\" srcset=\"https:\/\/opinionpublica.com.ar\/index\/wp-content\/uploads\/2024\/03\/milei-villarrueljpg.jpeg 2560w, https:\/\/opinionpublica.com.ar\/index\/wp-content\/uploads\/2024\/03\/milei-villarrueljpg-300x200.jpeg 300w, https:\/\/opinionpublica.com.ar\/index\/wp-content\/uploads\/2024\/03\/milei-villarrueljpg-1024x684.jpeg 1024w, https:\/\/opinionpublica.com.ar\/index\/wp-content\/uploads\/2024\/03\/milei-villarrueljpg-768x513.jpeg 768w, https:\/\/opinionpublica.com.ar\/index\/wp-content\/uploads\/2024\/03\/milei-villarrueljpg-1536x1025.jpeg 1536w, https:\/\/opinionpublica.com.ar\/index\/wp-content\/uploads\/2024\/03\/milei-villarrueljpg-2048x1367.jpeg 2048w\" sizes=\"(max-width: 2560px) 100vw, 2560px\" \/><\/a><\/div>\n<p class=\"paragraph\" data-mrf-recirculation=\"Links inline\">Tras esa frase, Villarruel asever\u00f3: \u201cPor eso perm\u00edtanme mirar atr\u00e1s con orgullo por haber desafiado la historia oficial y hacerlo\u00a0<b>en nombre de los inocentes a los que les arrancaron la vida y el recuerdo. Porque hasta de eso les quitaron el derecho, a ser recordados y amados por el resto del pueblo<\/b>\u201d.<\/p>\n<p class=\"paragraph\" data-mrf-recirculation=\"Links inline\">En otro tramo de su discurso, la vicepresidenta enfatiz\u00f3: \u201cHace m\u00e1s de cuatro d\u00e9cadas, grupos terroristas asesinaron, pusieron bombas, secuestraron, lastimaron y aterrorizaron a miles de argentinos, extranjeros, adultos y ni\u00f1os, peronistas, radicales, personas apol\u00edticas, civiles, uniformados, gente pudiente y muy humilde a la que<b>\u00a0usaron de excusa para lograr la disoluci\u00f3n nacional, la desuni\u00f3n entre los argentinos y que flameara un trapo rojo ajeno a nuestras costumbres tradicionales a lo que la Patria argentina es, fue y ser\u00e1<\/b>\u201d.<\/p>\n<p class=\"paragraph\" data-mrf-recirculation=\"Links inline\">Villarruel adem\u00e1s inform\u00f3 que \u201c17.380 personas fueron salvajemente agredidas, pero a\u00fan m\u00e1s cruelmente olvidadas para que sus asesinos, sus victimarios vivieran tranquilos al amparo de una clase pol\u00edtica que los protegi\u00f3 y les garantiz\u00f3 nunca pisar una c\u00e1rcel pese a la sangre inocente que derramaron\u201d.<\/p>\n<p class=\"paragraph\" data-mrf-recirculation=\"Links inline\">El acto se dio en el marco del \u201cD\u00eda Internacional de la Conmemoraci\u00f3n a las V\u00edctimas del Terrorismo\u201d. \u201cPor primera vez, el sal\u00f3n Azul del Senado de la Naci\u00f3n ser\u00e1 escenario de una actividad que permitir\u00e1 develar hechos que durante d\u00e9cadas una parte de la pol\u00edtica ha querido esconder y que nos ha dejado profundas heridas a los argentinos que todav\u00eda no sanan. Se podr\u00e1n ver y escuchar las consecuencias humanas de los atentados terroristas que se han perpetrado en la Argentina y en otros pa\u00edses\u201d, se comunic\u00f3 de manera oficial.<\/p>\n<p class=\"paragraph\" data-mrf-recirculation=\"Links inline\">La jornada se inici\u00f3 con las estrofas del himno nacional argentino. Al t\u00e9rmino, se escuch\u00f3 desde el fondo del sal\u00f3n el \u201cviva la patria; \u00a1viva!\u201d. Seguido a ello, se difundi\u00f3 un video con im\u00e1genes de v\u00edctimas de cr\u00edmenes cometidos entre 1969 y 1979, que dejaron -seg\u00fan lo relatado- 1094 personas asesinadas, 2368 heridos y 758 secuestros.<\/p>\n<p class=\"paragraph\" data-mrf-recirculation=\"Links inline\">Quien primero hizo uso de la palabra fue la directoria del observatorio de Derechos Humanos de la C\u00e1mara alta y ex diputada peronista,\u00a0<b>Claudia Rucci<\/b>, hija del ex jefe de la CGT\u00a0<b>Jos\u00e9 Ignacio Rucci<\/b>. La funcionaria agradeci\u00f3 a Villarruel y record\u00f3 que el acto va en l\u00ednea con la iniciativa que desde el a\u00f1o de 2017 se realiza a instancias de la Organizaci\u00f3n de las Naciones Unidas (ONU).<\/p>\n<div class=\"visual__image\"><\/div>\n<p class=\"paragraph\" data-mrf-recirculation=\"Links inline\">\u201cUn crimen es un crimen, cualquiera sea el pensamiento\u201d, reflexion\u00f3. \u201c<b>Las im\u00e1genes son s\u00f3lo una peque\u00f1a muestra de lo que sufrimos en distintas circunstancias, \u00e9pocas, lugares, pero misma metodolog\u00eda e intenci\u00f3n: promover, a trav\u00e9s del uso sistem\u00e1tico del terror, objetivos pol\u00edticos, militares, religiosos o raciales. Eso es el terrorismo<\/b>\u201d, puntualiz\u00f3.<\/p>\n<p class=\"paragraph\" data-mrf-recirculation=\"Links inline\">Rucci luego record\u00f3 que a su padre \u201clo asesin\u00f3 un grupo montonero en plena democracia\u201d y que, cuando regres\u00f3 a la escuela -ten\u00eda nueve a\u00f1os-, \u201c<b>en el auto que nos trasladaba siempre iba en el asiento de atr\u00e1s, en posici\u00f3n fetal<\/b>\u201d. Eso se repiti\u00f3 durante largos meses.<\/p>\n<p class=\"paragraph\" data-mrf-recirculation=\"Links inline\">\u201c<b>El paso del tiempo me hizo entender que eso que sent\u00eda se llamaba terror, estaba aterrorizada que otra tragedia tocara mi vida. Es es el objetivo del terrorismo, generar terror para que sus acciones nos obliguen a sentir terror. Ah\u00ed lo entend\u00ed<\/b>\u201d, remat\u00f3.<\/p>\n<p class=\"paragraph\" data-mrf-recirculation=\"Links inline\">Otro disertante fue\u00a0<b>Luis Czyzewsli<\/b>, padre de Paola, v\u00edctima del atentado terrorista contra la AMIA, ocurrido el 18 de julio de 1994. \u201cUna de las cosas m\u00e1s perfectas de la humanidad es al alfabeto. Cuando muere un padre, el hijo es un hu\u00e9rfano, pero no tiene para un padre cuando pierde un hijo\u201d, explic\u00f3. \u201cNo hay forma de decir \u2018ten\u00e9s que hacer esto o lo otro\u2019, cada uno lo vive a su manera, carga con esa mochila y sigue adelante como puede\u201d, se sincer\u00f3.<\/p>\n<p class=\"paragraph\" data-mrf-recirculation=\"Links inline\">Participaron del acto autoridades del Senado, legisladores y el extitular de la SIDE y flamante director de la escuela de inteligencia de dicho organismo,\u00a0<b>Juan Bautista Yoffre<\/b>.<\/p>\n<p data-mrf-recirculation=\"Links inline\">\n<\/div>\n<\/article>\n","protected":false},"excerpt":{"rendered":"<p>Victoria Villarruel: \u201cReabriremos todas las causas de v\u00edctimas del terrorismo\u201d La Vicepresidenta inform\u00f3 que impulsar\u00e1n la reapertura de<\/p>\n","protected":false},"author":8,"featured_media":0,"comment_status":"open","ping_status":"open","sticky":false,"template":"","format":"standard","meta":{"footnotes":""},"categories":[3],"tags":[1953,1457,223,1217],"class_list":["post-5275","post","type-post","status-publish","format-standard","hentry","category-nacionales","tag-dictadura","tag-senado-de-la-nacion","tag-terrorismo","tag-victoria-villarruel"],"featured_image_urls":{"full":"","thumbnail":"","medium":"","medium_large":"","large":"","1536x1536":"","2048x2048":"","morenews-large":"","morenews-medium":""},"author_info":{"display_name":"RKing","author_link":"https:\/\/opinionpublica.com.ar\/index\/author\/rking\/"},"category_info":"<a href=\"https:\/\/opinionpublica.com.ar\/index\/category\/nacionales\/\" rel=\"category tag\">Nacionales<\/a>","tag_info":"Nacionales","comment_count":"0","_links":{"self":[{"href":"https:\/\/opinionpublica.com.ar\/index\/wp-json\/wp\/v2\/posts\/5275","targetHints":{"allow":["GET"]}}],"collection":[{"href":"https:\/\/opinionpublica.com.ar\/index\/wp-json\/wp\/v2\/posts"}],"about":[{"href":"https:\/\/opinionpublica.com.ar\/index\/wp-json\/wp\/v2\/types\/post"}],"author":[{"embeddable":true,"href":"https:\/\/opinionpublica.com.ar\/index\/wp-json\/wp\/v2\/users\/8"}],"replies":[{"embeddable":true,"href":"https:\/\/opinionpublica.com.ar\/index\/wp-json\/wp\/v2\/comments?post=5275"}],"version-history":[{"count":2,"href":"https:\/\/opinionpublica.com.ar\/index\/wp-json\/wp\/v2\/posts\/5275\/revisions"}],"predecessor-version":[{"id":5283,"href":"https:\/\/opinionpublica.com.ar\/index\/wp-json\/wp\/v2\/posts\/5275\/revisions\/5283"}],"wp:attachment":[{"href":"https:\/\/opinionpublica.com.ar\/index\/wp-json\/wp\/v2\/media?parent=5275"}],"wp:term":[{"taxonomy":"category","embeddable":true,"href":"https:\/\/opinionpublica.com.ar\/index\/wp-json\/wp\/v2\/categories?post=5275"},{"taxonomy":"post_tag","embeddable":true,"href":"https:\/\/opinionpublica.com.ar\/index\/wp-json\/wp\/v2\/tags?post=5275"}],"curies":[{"name":"wp","href":"https:\/\/api.w.org\/{rel}","templated":true}]}}