{"id":5284,"date":"2024-08-28T10:55:21","date_gmt":"2024-08-28T13:55:21","guid":{"rendered":"https:\/\/opinionpublica.com.ar\/index\/?p=5284"},"modified":"2024-08-28T11:00:21","modified_gmt":"2024-08-28T14:00:21","slug":"los-ingresos-tributarios-cayeron-un-248-interanual-en-mayo-en-tierra-del-fuego","status":"publish","type":"post","link":"https:\/\/opinionpublica.com.ar\/index\/los-ingresos-tributarios-cayeron-un-248-interanual-en-mayo-en-tierra-del-fuego\/","title":{"rendered":"Los ingresos tributarios cayeron un 24,8% interanual en mayo en Tierra del Fuego."},"content":{"rendered":"<div class=\"elementor-element elementor-element-5c8f590 elementor-widget elementor-widget-theme-post-title elementor-page-title elementor-widget-heading\" data-id=\"5c8f590\" data-element_type=\"widget\" data-widget_type=\"theme-post-title.default\">\n<div class=\"elementor-widget-container\">\n<p class=\"elementor-heading-title elementor-size-default\"><strong>Los ingresos tributarios cayeron un 24,8% interanual en mayo en Tierra del Fuego.<\/strong><\/p>\n<\/div>\n<\/div>\n<div class=\"elementor-element elementor-element-d396a9e elementor-widget elementor-widget-post-info\" data-id=\"d396a9e\" data-element_type=\"widget\" data-widget_type=\"post-info.default\">\n<div class=\"elementor-widget-container\"><\/div>\n<\/div>\n<div class=\"elementor-element elementor-element-7e81582 elementor-widget elementor-widget-image\" data-id=\"7e81582\" data-element_type=\"widget\" data-widget_type=\"image.default\">\n<div class=\"elementor-widget-container\"><a href=\"https:\/\/opinionpublica.com.ar\/index\/wp-content\/uploads\/2024\/05\/ushuaia-postal.jpeg\"><img fetchpriority=\"high\" decoding=\"async\" class=\"alignnone size-full wp-image-2678\" src=\"https:\/\/opinionpublica.com.ar\/index\/wp-content\/uploads\/2024\/05\/ushuaia-postal.jpeg\" alt=\"\" width=\"1200\" height=\"600\" srcset=\"https:\/\/opinionpublica.com.ar\/index\/wp-content\/uploads\/2024\/05\/ushuaia-postal.jpeg 1200w, https:\/\/opinionpublica.com.ar\/index\/wp-content\/uploads\/2024\/05\/ushuaia-postal-300x150.jpeg 300w, https:\/\/opinionpublica.com.ar\/index\/wp-content\/uploads\/2024\/05\/ushuaia-postal-1024x512.jpeg 1024w, https:\/\/opinionpublica.com.ar\/index\/wp-content\/uploads\/2024\/05\/ushuaia-postal-768x384.jpeg 768w\" sizes=\"(max-width: 1200px) 100vw, 1200px\" \/><\/a><\/div>\n<\/div>\n<div class=\"elementor-element elementor-element-4556f44 elementor-widget elementor-widget-theme-post-content\" data-id=\"4556f44\" data-element_type=\"widget\" data-widget_type=\"theme-post-content.default\">\n<div class=\"elementor-widget-container\">\n<p>En mayo de 2024, los ingresos tributarios en Tierra del Fuego cayeron un 24,8% interanual, reflejando la desaceleraci\u00f3n econ\u00f3mica. El Monitor FINNOVA de agosto tambi\u00e9n revela ocho meses consecutivos de p\u00e9rdida de empleo privado y una ca\u00edda del 10% en las ventas de supermercados. Adem\u00e1s, por primera vez desde 2017, las importaciones superaron a las exportaciones, impulsadas por la baja en la producci\u00f3n industrial.<\/p>\n<p><strong>Octavo mes de p\u00e9rdida de puestos laborales<\/strong><\/p>\n<p>Siguiendo en el \u00e1mbito social, seg\u00fan el monitor FINNOVA el empleo privado registrado en Tierra del Fuego contin\u00faa en descenso, con una ca\u00edda del 1,7% en abril, marcando el octavo mes consecutivo de p\u00e9rdidas. La provincia es una de las m\u00e1s afectadas a nivel nacional en este aspecto.<\/p>\n<p>En sinton\u00eda con este dato, las ventas en supermercados de Tierra del Fuego siguen con un desplome.<\/p>\n<p>En mayo, hubo un retroceso interanual del 10%, siendo el quinto mes consecutivo deca\u00eddas. Sin embargo, el rubro Indumentaria sorprendi\u00f3 con un crecimiento del 22,8%, destac\u00e1ndose como el \u00fanico en alza.<\/p>\n<p><strong>Baja en indicadores econ\u00f3micos<\/strong><\/p>\n<p>El turismo en Ushuaia no tuvo su mejor mes en abril, con una ca\u00edda del 10,6% en cantidad de viajeros en t\u00e9rminos interanuales.<\/p>\n<p>Adem\u00e1s, se completa el segundo peor primer semestre para Tierra del Fuego desde 2020 ent\u00e9rminos de patentamientos de veh\u00edculos, con 2.044 nuevos registros, un 20,9% menos que en 2023.<\/p>\n<p>Vinculado a la construcci\u00f3n, aunque el n\u00famero de permisos de construcci\u00f3n cay\u00f3 en mayo (14 menos interanualmente), la superficie autorizada para nuevas construcciones subi\u00f3 un 26%. Esto muestra un enfoque en proyectos de mayor envergadura a pesar de la ca\u00edda en la cantidad de permisos.<\/p>\n<p><strong>Contribuci\u00f3n de la poblaci\u00f3n nativa al crecimiento poblacional<\/strong><\/p>\n<p>Desde la fundaci\u00f3n explican que la poblaci\u00f3n en la provincia se multiplic\u00f3 por 7 en los \u00faltimos 42 a\u00f1os y que \u201csi bien la provincia se destaca por su elevado porcentaje de migraci\u00f3n interna a ra\u00edz de sus condiciones socioecon\u00f3micas, un hecho no menor es el protagonismo de la poblaci\u00f3n nativa en el crecimiento demogr\u00e1fico relevado\u201d.<\/p>\n<p>\u201cConsiderando que la poblaci\u00f3n que habita en viviendas particulares se increment\u00f3 un 45,4% entre los \u00faltimos dos censos (2010 a 2022), al descomponer su crecimiento seg\u00fan la incidencia de cada categor\u00eda (nativos, migrantes internos y extranjeros), se observa que 28,5 puntos corresponden al crecimiento de la poblaci\u00f3n nativa, 16,2 puntos a los migrantes internos y apenas 0,7 puntos al aumento de la poblaci\u00f3n extranjera\u201d, aseguran desde FINNOVA.<\/p>\n<p><strong>\u00c1reas con signo positivo<\/strong><\/p>\n<p>En al sector externo, las exportaciones llevan un acumulado en a\u00f1o hasta mayo de USD 224,6 millones, el mejor registro desde 2017.<\/p>\n<p>El consumo de gas natural por red en Tierra del Fuego sigue en alza, con un crecimiento del 9,6% en marzo respecto al mes anterior. A nivel anual, este incremento fue del 1,4%, destacando el impacto del invierno en la demanda energ\u00e9tica.<\/p>\n<p>Un dato curioso es que la relaci\u00f3n entre el consumo de gas por habitante en Tierra del Fuego y el resto de Argentina se redujo de 13 a 9 veces debido a la estacionalidad y las bajas temperaturas en el resto del pa\u00eds.<\/p>\n<p>Finalmente, la producci\u00f3n de petr\u00f3leo y gas mostr\u00f3 una recuperaci\u00f3n mensual en mayo (+9,5% en petr\u00f3leo y +7,5% en gas), pero sigue por debajo de los niveles de 2023 en t\u00e9rminos interanuales.<\/p>\n<p>&nbsp;<\/p>\n<\/div>\n<\/div>\n","protected":false},"excerpt":{"rendered":"<p>Los ingresos tributarios cayeron un 24,8% interanual en mayo en Tierra del Fuego. En mayo de 2024, los<\/p>\n","protected":false},"author":8,"featured_media":3440,"comment_status":"open","ping_status":"open","sticky":false,"template":"","format":"standard","meta":{"footnotes":""},"categories":[2],"tags":[1179,2129],"class_list":["post-5284","post","type-post","status-publish","format-standard","has-post-thumbnail","hentry","category-tierra-del-fuego","tag-empleo-privado","tag-ingresos-tributarios"],"featured_image_urls":{"full":["https:\/\/opinionpublica.com.ar\/index\/wp-content\/uploads\/2024\/05\/hospital-de-ushuaia-1.jpg",971,750,false],"thumbnail":["https:\/\/opinionpublica.com.ar\/index\/wp-content\/uploads\/2024\/05\/hospital-de-ushuaia-1-150x150.jpg",150,150,true],"medium":["https:\/\/opinionpublica.com.ar\/index\/wp-content\/uploads\/2024\/05\/hospital-de-ushuaia-1-300x232.jpg",300,232,true],"medium_large":["https:\/\/opinionpublica.com.ar\/index\/wp-content\/uploads\/2024\/05\/hospital-de-ushuaia-1-768x593.jpg",640,494,true],"large":["https:\/\/opinionpublica.com.ar\/index\/wp-content\/uploads\/2024\/05\/hospital-de-ushuaia-1.jpg",640,494,false],"1536x1536":["https:\/\/opinionpublica.com.ar\/index\/wp-content\/uploads\/2024\/05\/hospital-de-ushuaia-1.jpg",971,750,false],"2048x2048":["https:\/\/opinionpublica.com.ar\/index\/wp-content\/uploads\/2024\/05\/hospital-de-ushuaia-1.jpg",971,750,false],"morenews-large":["https:\/\/opinionpublica.com.ar\/index\/wp-content\/uploads\/2024\/05\/hospital-de-ushuaia-1-825x575.jpg",825,575,true],"morenews-medium":["https:\/\/opinionpublica.com.ar\/index\/wp-content\/uploads\/2024\/05\/hospital-de-ushuaia-1-590x410.jpg",590,410,true]},"author_info":{"display_name":"RKing","author_link":"https:\/\/opinionpublica.com.ar\/index\/author\/rking\/"},"category_info":"<a href=\"https:\/\/opinionpublica.com.ar\/index\/category\/tierra-del-fuego\/\" rel=\"category tag\">Tierra del Fuego<\/a>","tag_info":"Tierra del Fuego","comment_count":"0","_links":{"self":[{"href":"https:\/\/opinionpublica.com.ar\/index\/wp-json\/wp\/v2\/posts\/5284","targetHints":{"allow":["GET"]}}],"collection":[{"href":"https:\/\/opinionpublica.com.ar\/index\/wp-json\/wp\/v2\/posts"}],"about":[{"href":"https:\/\/opinionpublica.com.ar\/index\/wp-json\/wp\/v2\/types\/post"}],"author":[{"embeddable":true,"href":"https:\/\/opinionpublica.com.ar\/index\/wp-json\/wp\/v2\/users\/8"}],"replies":[{"embeddable":true,"href":"https:\/\/opinionpublica.com.ar\/index\/wp-json\/wp\/v2\/comments?post=5284"}],"version-history":[{"count":3,"href":"https:\/\/opinionpublica.com.ar\/index\/wp-json\/wp\/v2\/posts\/5284\/revisions"}],"predecessor-version":[{"id":5287,"href":"https:\/\/opinionpublica.com.ar\/index\/wp-json\/wp\/v2\/posts\/5284\/revisions\/5287"}],"wp:featuredmedia":[{"embeddable":true,"href":"https:\/\/opinionpublica.com.ar\/index\/wp-json\/wp\/v2\/media\/3440"}],"wp:attachment":[{"href":"https:\/\/opinionpublica.com.ar\/index\/wp-json\/wp\/v2\/media?parent=5284"}],"wp:term":[{"taxonomy":"category","embeddable":true,"href":"https:\/\/opinionpublica.com.ar\/index\/wp-json\/wp\/v2\/categories?post=5284"},{"taxonomy":"post_tag","embeddable":true,"href":"https:\/\/opinionpublica.com.ar\/index\/wp-json\/wp\/v2\/tags?post=5284"}],"curies":[{"name":"wp","href":"https:\/\/api.w.org\/{rel}","templated":true}]}}