{"id":5290,"date":"2024-08-28T12:17:49","date_gmt":"2024-08-28T15:17:49","guid":{"rendered":"https:\/\/opinionpublica.com.ar\/index\/?p=5290"},"modified":"2024-08-28T12:17:49","modified_gmt":"2024-08-28T15:17:49","slug":"damian-loffler-alguien-se-tomo-el-trabajo-de-hacer-un-operativo-mediatico","status":"publish","type":"post","link":"https:\/\/opinionpublica.com.ar\/index\/damian-loffler-alguien-se-tomo-el-trabajo-de-hacer-un-operativo-mediatico\/","title":{"rendered":"Damian L\u00f6ffler: Alguien se tom\u00f3 el trabajo de hacer un operativo medi\u00e1tico"},"content":{"rendered":"<div class=\"elementor-element elementor-element-5c8f590 elementor-widget elementor-widget-theme-post-title elementor-page-title elementor-widget-heading\" data-id=\"5c8f590\" data-element_type=\"widget\" data-widget_type=\"theme-post-title.default\">\n<div class=\"elementor-widget-container\">\n<p class=\"elementor-heading-title elementor-size-default\">L\u00f6ffler: \u201cAlguien se tom\u00f3 el trabajo de hacer un operativo medi\u00e1tico y encontr\u00f3 predisposici\u00f3n en algunos periodistas\u201d.<\/p>\n<p>El Legislador por el MoPoF, Dami\u00e1n \u201cLoli\u201d L\u00f6ffler desminti\u00f3 la informaci\u00f3n que en el d\u00eda de ayer difundieron algunos medios de comunicaci\u00f3n sobre los hechos que derivaron en la suspensi\u00f3n de la Sesi\u00f3n Ordinaria prevista para este jueves.<br \/>\n\u201cNo hubo discusi\u00f3n como tampoco existe ning\u00fan proyecto para suspender la convocatoria a Reformar la Constituci\u00f3n\u201d, expres\u00f3 tajante L\u00f6ffler para luego deslizar la posibilidad de que \u201calgunos Medios pueden estar operando para descalificar el accionar de la Legislatura y de algunos legisladores\u201d.<\/p>\n<p>&nbsp;<\/p>\n<\/div>\n<\/div>\n<div class=\"elementor-element elementor-element-7e81582 elementor-widget elementor-widget-image\" data-id=\"7e81582\" data-element_type=\"widget\" data-widget_type=\"image.default\">\n<div class=\"elementor-widget-container\"><a href=\"https:\/\/opinionpublica.com.ar\/index\/wp-content\/uploads\/2024\/08\/Damian-Loffler-1.jpg\"><img fetchpriority=\"high\" decoding=\"async\" class=\"alignnone  wp-image-5292\" src=\"https:\/\/opinionpublica.com.ar\/index\/wp-content\/uploads\/2024\/08\/Damian-Loffler-1.jpg\" alt=\"\" width=\"835\" height=\"490\" srcset=\"https:\/\/opinionpublica.com.ar\/index\/wp-content\/uploads\/2024\/08\/Damian-Loffler-1.jpg 716w, https:\/\/opinionpublica.com.ar\/index\/wp-content\/uploads\/2024\/08\/Damian-Loffler-1-300x176.jpg 300w\" sizes=\"(max-width: 835px) 100vw, 835px\" \/><\/a><\/div>\n<\/div>\n<div class=\"elementor-element elementor-element-4556f44 elementor-widget elementor-widget-theme-post-content\" data-id=\"4556f44\" data-element_type=\"widget\" data-widget_type=\"theme-post-content.default\">\n<div class=\"elementor-widget-container\">\n<p>&nbsp;<\/p>\n<p>De la misma manera lament\u00f3 las versiones que lo se\u00f1alaron como el autor de una iniciativa para suspender la convocatoria a la reforma de la Constituci\u00f3n Provincial \u201cno creo que sea casual la ignorancia sobre el tema y la falta de seriedad para consultar a las fuentes antes de publicar una informaci\u00f3n con tantas imprecisiones\u201d, se\u00f1al\u00f3.<\/p>\n<p>Asegur\u00f3 que la suspensi\u00f3n \u201cnunca me puso nervioso, siempre me manej\u00e9 con serenidad, incluso en momentos mucho m\u00e1s complejos de la provincia y en esta oportunidad no hab\u00eda ning\u00fan motivo para estar nervioso\u201d aunque desliz\u00f3 que \u201cprobablemente se hayan puesto nerviosos otros que est\u00e1n fuera de la legislatura y buscan generar informaciones falsas, confundir y operar a algunos medios que, en algunos casos, no se los puede considerar ingenuos o inexpertos\u201d, se\u00f1al\u00f3 en referencia a las publicaciones hechas ayer en algunos portales de la provincia.<br \/>\nY opin\u00f3: \u201cAlguien se tom\u00f3 el trabajo de hacer un operativo medi\u00e1tico y encontr\u00f3 mucha predisposici\u00f3n en algunos periodistas\u201d.<\/p>\n<p>Adem\u00e1s lament\u00f3 que se haya suspendido la sesi\u00f3n de la Legislatura porque \u201cse le iba a dar tratamiento a propuestas importantes para la sociedad como es la moratoria impositiva para comercios y Pymes de la provincia y para ello esperamos el acompa\u00f1amiento de los legisladores y de los Intendentes que conocen la realidad de estos sectores en sus respectivas ciudades\u201d, por lo que anunci\u00f3 que se llevar\u00e1 a cabo una Sesi\u00f3n especial.<\/p>\n<\/div>\n<\/div>\n","protected":false},"excerpt":{"rendered":"<p>L\u00f6ffler: \u201cAlguien se tom\u00f3 el trabajo de hacer un operativo medi\u00e1tico y encontr\u00f3 predisposici\u00f3n en algunos periodistas\u201d. El<\/p>\n","protected":false},"author":8,"featured_media":5293,"comment_status":"open","ping_status":"open","sticky":false,"template":"","format":"standard","meta":{"footnotes":""},"categories":[2],"tags":[2131,1875,816],"class_list":["post-5290","post","type-post","status-publish","format-standard","has-post-thumbnail","hentry","category-tierra-del-fuego","tag-damian-loffler","tag-legislatura-tierra-del-fuego","tag-sesion-ordinaria"],"featured_image_urls":{"full":["https:\/\/opinionpublica.com.ar\/index\/wp-content\/uploads\/2024\/08\/Damian-Loffler-2.jpg",800,600,false],"thumbnail":["https:\/\/opinionpublica.com.ar\/index\/wp-content\/uploads\/2024\/08\/Damian-Loffler-2-150x150.jpg",150,150,true],"medium":["https:\/\/opinionpublica.com.ar\/index\/wp-content\/uploads\/2024\/08\/Damian-Loffler-2-300x225.jpg",300,225,true],"medium_large":["https:\/\/opinionpublica.com.ar\/index\/wp-content\/uploads\/2024\/08\/Damian-Loffler-2-768x576.jpg",640,480,true],"large":["https:\/\/opinionpublica.com.ar\/index\/wp-content\/uploads\/2024\/08\/Damian-Loffler-2.jpg",640,480,false],"1536x1536":["https:\/\/opinionpublica.com.ar\/index\/wp-content\/uploads\/2024\/08\/Damian-Loffler-2.jpg",800,600,false],"2048x2048":["https:\/\/opinionpublica.com.ar\/index\/wp-content\/uploads\/2024\/08\/Damian-Loffler-2.jpg",800,600,false],"morenews-large":["https:\/\/opinionpublica.com.ar\/index\/wp-content\/uploads\/2024\/08\/Damian-Loffler-2-800x575.jpg",800,575,true],"morenews-medium":["https:\/\/opinionpublica.com.ar\/index\/wp-content\/uploads\/2024\/08\/Damian-Loffler-2-590x410.jpg",590,410,true]},"author_info":{"display_name":"RKing","author_link":"https:\/\/opinionpublica.com.ar\/index\/author\/rking\/"},"category_info":"<a href=\"https:\/\/opinionpublica.com.ar\/index\/category\/tierra-del-fuego\/\" rel=\"category tag\">Tierra del Fuego<\/a>","tag_info":"Tierra del Fuego","comment_count":"0","_links":{"self":[{"href":"https:\/\/opinionpublica.com.ar\/index\/wp-json\/wp\/v2\/posts\/5290","targetHints":{"allow":["GET"]}}],"collection":[{"href":"https:\/\/opinionpublica.com.ar\/index\/wp-json\/wp\/v2\/posts"}],"about":[{"href":"https:\/\/opinionpublica.com.ar\/index\/wp-json\/wp\/v2\/types\/post"}],"author":[{"embeddable":true,"href":"https:\/\/opinionpublica.com.ar\/index\/wp-json\/wp\/v2\/users\/8"}],"replies":[{"embeddable":true,"href":"https:\/\/opinionpublica.com.ar\/index\/wp-json\/wp\/v2\/comments?post=5290"}],"version-history":[{"count":1,"href":"https:\/\/opinionpublica.com.ar\/index\/wp-json\/wp\/v2\/posts\/5290\/revisions"}],"predecessor-version":[{"id":5294,"href":"https:\/\/opinionpublica.com.ar\/index\/wp-json\/wp\/v2\/posts\/5290\/revisions\/5294"}],"wp:featuredmedia":[{"embeddable":true,"href":"https:\/\/opinionpublica.com.ar\/index\/wp-json\/wp\/v2\/media\/5293"}],"wp:attachment":[{"href":"https:\/\/opinionpublica.com.ar\/index\/wp-json\/wp\/v2\/media?parent=5290"}],"wp:term":[{"taxonomy":"category","embeddable":true,"href":"https:\/\/opinionpublica.com.ar\/index\/wp-json\/wp\/v2\/categories?post=5290"},{"taxonomy":"post_tag","embeddable":true,"href":"https:\/\/opinionpublica.com.ar\/index\/wp-json\/wp\/v2\/tags?post=5290"}],"curies":[{"name":"wp","href":"https:\/\/api.w.org\/{rel}","templated":true}]}}