{"id":5295,"date":"2024-08-28T12:36:23","date_gmt":"2024-08-28T15:36:23","guid":{"rendered":"https:\/\/opinionpublica.com.ar\/index\/?p=5295"},"modified":"2024-08-28T12:36:23","modified_gmt":"2024-08-28T15:36:23","slug":"matias-lapadula-presento-proyecto-para-construir-un-frigorifico-en-rio-grande","status":"publish","type":"post","link":"https:\/\/opinionpublica.com.ar\/index\/matias-lapadula-presento-proyecto-para-construir-un-frigorifico-en-rio-grande\/","title":{"rendered":"Matias Lapadula present\u00f3 proyecto para construir un frigor\u00edfico en R\u00edo Grande"},"content":{"rendered":"<header class=\"entry-header\">\n<div class=\"entry-title-excerpt-wrapper\">\n<p class=\"entry-title\"><strong>Lapadula present\u00f3 proyecto para construir un frigor\u00edfico en R\u00edo Grande<\/strong><\/p>\n<div class=\"entry-excerpt\">\n<p>El legislador de Provincia Grande impulsa un frigor\u00edfico multi especie en la ciudad con financiamiento del BID, buscando fortalecer la soberan\u00eda alimentaria y mejorar el acceso a carne local.<\/p>\n<p><a href=\"https:\/\/opinionpublica.com.ar\/index\/wp-content\/uploads\/2024\/08\/frigorifico-1.jpg\"><img fetchpriority=\"high\" decoding=\"async\" class=\"alignnone size-full wp-image-5297\" src=\"https:\/\/opinionpublica.com.ar\/index\/wp-content\/uploads\/2024\/08\/frigorifico-1.jpg\" alt=\"\" width=\"1920\" height=\"1257\" srcset=\"https:\/\/opinionpublica.com.ar\/index\/wp-content\/uploads\/2024\/08\/frigorifico-1.jpg 1920w, https:\/\/opinionpublica.com.ar\/index\/wp-content\/uploads\/2024\/08\/frigorifico-1-300x196.jpg 300w, https:\/\/opinionpublica.com.ar\/index\/wp-content\/uploads\/2024\/08\/frigorifico-1-1024x670.jpg 1024w, https:\/\/opinionpublica.com.ar\/index\/wp-content\/uploads\/2024\/08\/frigorifico-1-768x503.jpg 768w, https:\/\/opinionpublica.com.ar\/index\/wp-content\/uploads\/2024\/08\/frigorifico-1-1536x1006.jpg 1536w\" sizes=\"(max-width: 1920px) 100vw, 1920px\" \/><\/a><\/p>\n<\/div>\n<\/div>\n<\/header>\n<div class=\"entry-content\">\n<p>El legislador provincial Mat\u00edas Lapadula, miembro del partido Provincia Grande, anunci\u00f3 la presentaci\u00f3n de un proyecto de ley orientado a la construcci\u00f3n de un moderno frigor\u00edfico multi especie en la ciudad de R\u00edo Grande. Este frigor\u00edfico, bajo administraci\u00f3n municipal, permitir\u00e1 la faena con tr\u00e1nsito federal y abrir\u00e1 la posibilidad de exportar carne producida en la provincia, seg\u00fan detall\u00f3.<\/p>\n<div class=\"code-block code-block-1\"><ins class=\"adsbygoogle\" data-ad-client=\"ca-pub-2915452721865420\" data-ad-slot=\"1315651361\" data-ad-format=\"auto\" data-full-width-responsive=\"true\" data-adsbygoogle-status=\"done\" data-ad-status=\"filled\"><\/p>\n<div id=\"aswift_1_host\"><\/div>\n<p><\/ins><\/div>\n<p>El proyecto contempla la toma de un cr\u00e9dito del Banco Interamericano de Desarrollo (BID) con condiciones favorables: 30 a\u00f1os de plazo y una tasa de inter\u00e9s del 3% anual.\u00a0<strong><em>\u201cEs un cr\u00e9dito \u00fanico para este tipo de proyectos y es absolutamente necesario para el desarrollo del sector\u201d<\/em><\/strong>, afirm\u00f3 el legislador en declaraciones difundidas por FM Master\u2019s, de la ciudad de Ushuaia. Lapadula subray\u00f3 que el frigor\u00edfico permitir\u00e1 a la provincia exportar carne con\u00a0<strong><em>\u00abidentidad fueguina\u00bb<\/em><\/strong>\u00a0y mejorar el acceso de los fueguinos a alimentos de mayor calidad y a precios m\u00e1s accesibles.<\/p>\n<p>Tambi\u00e9n explic\u00f3 que, en la actualidad, un alto porcentaje del ganado bovino producido en la provincia es trasladado a otras regiones del pa\u00eds para su engorde y faena, lo que incrementa el precio final de la carne para los consumidores locales.\u00a0<strong><em>\u00abEl 70% del ganado bovino de la provincia sale para engorde al continente, se faena all\u00e1 y vuelve a la provincia\u00bb<\/em><\/strong>, puntualiz\u00f3, destacando los costos adicionales que implica este proceso.<\/p>\n<div class=\"code-block code-block-2\"><ins class=\"adsbygoogle\" data-ad-client=\"ca-pub-2915452721865420\" data-ad-slot=\"1147871613\" data-ad-format=\"auto\" data-full-width-responsive=\"true\" data-adsbygoogle-status=\"done\" data-ad-status=\"filled\"><\/p>\n<div id=\"aswift_2_host\"><\/div>\n<p><\/ins><\/div>\n<p>El proyecto no solo busca mejorar la econom\u00eda local y la soberan\u00eda alimentaria, sino tambi\u00e9n reducir el impacto ambiental asociado al traslado de ganado. Lapadula se\u00f1al\u00f3 que el \u00fanico matadero en funcionamiento en R\u00edo Grande se encuentra en una ubicaci\u00f3n inapropiada y no cumple con las normativas ambientales vigentes, por lo que el nuevo frigor\u00edfico tambi\u00e9n contribuir\u00e1 al saneamiento ambiental de la zona.\u00a0<strong><em>\u00abEstamos haciendo un trabajo de saneamiento ambiental important\u00edsimo\u00bb<\/em><\/strong>, declar\u00f3, en alusi\u00f3n a los beneficios de una reducci\u00f3n en la huella de carbono que resultar\u00e1 de evitar los largos traslados del ganado.<\/p>\n<figure class=\"wp-block-image aligncenter size-full is-resized\"><figcaption class=\"wp-element-caption\"><a href=\"https:\/\/opinionpublica.com.ar\/index\/wp-content\/uploads\/2024\/07\/matias-lapadula.jpeg\"><img decoding=\"async\" class=\"alignnone size-full wp-image-4582\" src=\"https:\/\/opinionpublica.com.ar\/index\/wp-content\/uploads\/2024\/07\/matias-lapadula.jpeg\" alt=\"\" width=\"900\" height=\"600\" srcset=\"https:\/\/opinionpublica.com.ar\/index\/wp-content\/uploads\/2024\/07\/matias-lapadula.jpeg 900w, https:\/\/opinionpublica.com.ar\/index\/wp-content\/uploads\/2024\/07\/matias-lapadula-300x200.jpeg 300w, https:\/\/opinionpublica.com.ar\/index\/wp-content\/uploads\/2024\/07\/matias-lapadula-768x512.jpeg 768w\" sizes=\"(max-width: 900px) 100vw, 900px\" \/><\/a><\/figcaption><\/figure>\n<p>Pese a la importancia del proyecto, reproch\u00f3 la falta de apoyo del gobierno provincial en etapas anteriores, lo que impidi\u00f3 que el contrato con el BID se firmara en el momento previsto. Sin embargo, el legislador se mostr\u00f3 optimista sobre la posibilidad de avanzar con el proyecto tras su reciente reingreso en la Legislatura.<\/p>\n<div class=\"code-block code-block-3\"><ins class=\"adsbygoogle\" data-ad-client=\"ca-pub-2915452721865420\" data-ad-slot=\"4592292602\" data-ad-format=\"auto\" data-full-width-responsive=\"true\" data-adsbygoogle-status=\"done\" data-ad-status=\"filled\"><\/p>\n<div id=\"aswift_3_host\"><\/div>\n<p><\/ins><\/div>\n<p>Adem\u00e1s, aprovech\u00f3 la oportunidad para destacar otros proyectos legislativos en los que ha trabajado, entre ellos uno relacionado con la prevenci\u00f3n de juegos online, que considera urgente debido a su impacto en la juventud fueguina.\u00a0<strong><em>\u00abHay much\u00edsimo trabajo acumulado en comisiones y mucho retraso en la emisi\u00f3n de dict\u00e1menes de proyectos que son realmente importantes\u00bb<\/em><\/strong>, advirti\u00f3, haciendo un llamado a que se aceleren los procesos parlamentarios necesarios para que estos proyectos sean discutidos y aprobados en tiempo y forma.<\/p>\n<p>El legislador Mat\u00edas Lapadula concluy\u00f3 reiterando su compromiso con el desarrollo de la provincia y su determinaci\u00f3n de ver concretadas estas iniciativas que, seg\u00fan \u00e9l, son fundamentales para mejorar la calidad de vida de los habitantes de Tierra del Fuego.<\/p>\n<div class=\"code-block code-block-4\"><\/div>\n<\/div>\n<footer class=\"entry-footer\">\n<div class=\"entry-tags\"><\/div>\n<\/footer>\n","protected":false},"excerpt":{"rendered":"<p>Lapadula present\u00f3 proyecto para construir un frigor\u00edfico en R\u00edo Grande El legislador de Provincia Grande impulsa un frigor\u00edfico<\/p>\n","protected":false},"author":8,"featured_media":5296,"comment_status":"open","ping_status":"open","sticky":false,"template":"","format":"standard","meta":{"footnotes":""},"categories":[2],"tags":[2132,2133,337,151,2134],"class_list":["post-5295","post","type-post","status-publish","format-standard","has-post-thumbnail","hentry","category-tierra-del-fuego","tag-faena","tag-ganaderia","tag-matias-lapadula","tag-produccion","tag-soberania-alimentaria"],"featured_image_urls":{"full":["https:\/\/opinionpublica.com.ar\/index\/wp-content\/uploads\/2024\/08\/frigorifico.jpg",1599,1200,false],"thumbnail":["https:\/\/opinionpublica.com.ar\/index\/wp-content\/uploads\/2024\/08\/frigorifico-150x150.jpg",150,150,true],"medium":["https:\/\/opinionpublica.com.ar\/index\/wp-content\/uploads\/2024\/08\/frigorifico-300x225.jpg",300,225,true],"medium_large":["https:\/\/opinionpublica.com.ar\/index\/wp-content\/uploads\/2024\/08\/frigorifico-768x576.jpg",640,480,true],"large":["https:\/\/opinionpublica.com.ar\/index\/wp-content\/uploads\/2024\/08\/frigorifico-1024x768.jpg",640,480,true],"1536x1536":["https:\/\/opinionpublica.com.ar\/index\/wp-content\/uploads\/2024\/08\/frigorifico-1536x1153.jpg",1536,1153,true],"2048x2048":["https:\/\/opinionpublica.com.ar\/index\/wp-content\/uploads\/2024\/08\/frigorifico.jpg",1599,1200,false],"morenews-large":["https:\/\/opinionpublica.com.ar\/index\/wp-content\/uploads\/2024\/08\/frigorifico-825x575.jpg",825,575,true],"morenews-medium":["https:\/\/opinionpublica.com.ar\/index\/wp-content\/uploads\/2024\/08\/frigorifico-590x410.jpg",590,410,true]},"author_info":{"display_name":"RKing","author_link":"https:\/\/opinionpublica.com.ar\/index\/author\/rking\/"},"category_info":"<a href=\"https:\/\/opinionpublica.com.ar\/index\/category\/tierra-del-fuego\/\" rel=\"category tag\">Tierra del Fuego<\/a>","tag_info":"Tierra del Fuego","comment_count":"0","_links":{"self":[{"href":"https:\/\/opinionpublica.com.ar\/index\/wp-json\/wp\/v2\/posts\/5295","targetHints":{"allow":["GET"]}}],"collection":[{"href":"https:\/\/opinionpublica.com.ar\/index\/wp-json\/wp\/v2\/posts"}],"about":[{"href":"https:\/\/opinionpublica.com.ar\/index\/wp-json\/wp\/v2\/types\/post"}],"author":[{"embeddable":true,"href":"https:\/\/opinionpublica.com.ar\/index\/wp-json\/wp\/v2\/users\/8"}],"replies":[{"embeddable":true,"href":"https:\/\/opinionpublica.com.ar\/index\/wp-json\/wp\/v2\/comments?post=5295"}],"version-history":[{"count":1,"href":"https:\/\/opinionpublica.com.ar\/index\/wp-json\/wp\/v2\/posts\/5295\/revisions"}],"predecessor-version":[{"id":5298,"href":"https:\/\/opinionpublica.com.ar\/index\/wp-json\/wp\/v2\/posts\/5295\/revisions\/5298"}],"wp:featuredmedia":[{"embeddable":true,"href":"https:\/\/opinionpublica.com.ar\/index\/wp-json\/wp\/v2\/media\/5296"}],"wp:attachment":[{"href":"https:\/\/opinionpublica.com.ar\/index\/wp-json\/wp\/v2\/media?parent=5295"}],"wp:term":[{"taxonomy":"category","embeddable":true,"href":"https:\/\/opinionpublica.com.ar\/index\/wp-json\/wp\/v2\/categories?post=5295"},{"taxonomy":"post_tag","embeddable":true,"href":"https:\/\/opinionpublica.com.ar\/index\/wp-json\/wp\/v2\/tags?post=5295"}],"curies":[{"name":"wp","href":"https:\/\/api.w.org\/{rel}","templated":true}]}}