{"id":5308,"date":"2024-08-29T11:00:28","date_gmt":"2024-08-29T14:00:28","guid":{"rendered":"https:\/\/opinionpublica.com.ar\/index\/?p=5308"},"modified":"2024-08-29T11:00:28","modified_gmt":"2024-08-29T14:00:28","slug":"cristina-enfria-los-pliegos-de-lijo-y-garcia-mansilla-en-respuesta-al-pacto-milei-macri","status":"publish","type":"post","link":"https:\/\/opinionpublica.com.ar\/index\/cristina-enfria-los-pliegos-de-lijo-y-garcia-mansilla-en-respuesta-al-pacto-milei-macri\/","title":{"rendered":"Cristina enfr\u00eda los pliegos de Lijo y Garc\u00eda-Mansilla en respuesta al pacto Milei-Macri"},"content":{"rendered":"<div class=\"bloque1 nota noticia-ar\">\n<div class=\"item\">\n<div class=\"nota-header\">\n<div id=\"title-news\" class=\"title\">Cristina enfr\u00eda los pliegos de Lijo y Garc\u00eda-Mansilla en respuesta al pacto Milei-Macri<\/div>\n<div class=\"as\">\n<div class=\"description\">La ex presidenta le pidi\u00f3 a Sagasti que se levantara de la comisi\u00f3n en la que expuso uno de los candidatos de Santiago Caputo a la Corte.<\/div>\n<\/div>\n<\/div>\n<div class=\"zleft z75\">\n<div class=\"ad_tn\">\n<div class=\"author-date\"><a href=\"https:\/\/opinionpublica.com.ar\/index\/wp-content\/uploads\/2024\/07\/cristina-kichner.jpg\"><img fetchpriority=\"high\" decoding=\"async\" class=\"alignnone size-full wp-image-4331\" src=\"https:\/\/opinionpublica.com.ar\/index\/wp-content\/uploads\/2024\/07\/cristina-kichner.jpg\" alt=\"\" width=\"960\" height=\"640\" srcset=\"https:\/\/opinionpublica.com.ar\/index\/wp-content\/uploads\/2024\/07\/cristina-kichner.jpg 960w, https:\/\/opinionpublica.com.ar\/index\/wp-content\/uploads\/2024\/07\/cristina-kichner-300x200.jpg 300w, https:\/\/opinionpublica.com.ar\/index\/wp-content\/uploads\/2024\/07\/cristina-kichner-768x512.jpg 768w\" sizes=\"(max-width: 960px) 100vw, 960px\" \/><\/a><\/div>\n<\/div>\n<div id=\"vsmcontent\" class=\"body vsmcontent\">\n<p>Cristina Kirchner\u00a0orden\u00f3 que sus senadores hagan tambalear los pliegos de Ariel Lijo y Manuel Garc\u00eda-Mansilla para la Corte Suprema, en respuesta al\u00a0pacto de Javier Milei y Mauricio Macri.<\/p>\n<p>\u00abDos cenas de milanesas y la se\u00f1ora rompi\u00f3 todo\u00bb, afirm\u00f3 a LPO el operador de uno de los despachos m\u00e1s importantes del Senado, luego de que Cristina dispusiera que Anabel Fern\u00e1ndez Sagasti se retirase de la comisi\u00f3n en la que estaba exponiendo Garc\u00eda-Mansilla.<\/p>\n<p>\u00abLevant\u00f3 a la mendocina de la reuni\u00f3n y dieron vuelta todo con Di Tullio\u00bb, agreg\u00f3 a LPO un senador aliado del oficialismo que trabaja para que salgan los pliegos.<\/p>\n<p>Entre los aliados del gobierno la versi\u00f3n que circula es que Cristina enfri\u00f3 su apoyo a Lijo. En en entorno a la vicepresidenta juegan con el misterio: \u00abLa posici\u00f3n de Cristina sobre este tema la van a conocer cuando se conozca\u00bb.<\/p>\n<p>Lo cierto es que Cristina tiene los votos para que se apruebe el pliego de Lijo y este mi\u00e9rcoles no lo hicieron. En el bloque peronista dicen que ya est\u00e1n las firmas de Sergio U\u00f1ac, Luc\u00eda Corpacci y Claudia Ledesma, esposa del gobernador Gerardo Zamora. Con esas firmas mas las que junta el oficialismo se podr\u00eda aprobar el pliego, pero sin el aval de los senadores de Cristina no se llega a los dos tercios.<\/p>\n<p><a href=\"https:\/\/opinionpublica.com.ar\/index\/wp-content\/uploads\/2024\/03\/milei-1769257.webp\"><img decoding=\"async\" class=\"alignnone size-full wp-image-582\" src=\"https:\/\/opinionpublica.com.ar\/index\/wp-content\/uploads\/2024\/03\/milei-1769257.webp\" alt=\"\" width=\"987\" height=\"555\" srcset=\"https:\/\/opinionpublica.com.ar\/index\/wp-content\/uploads\/2024\/03\/milei-1769257.webp 987w, https:\/\/opinionpublica.com.ar\/index\/wp-content\/uploads\/2024\/03\/milei-1769257-300x169.webp 300w, https:\/\/opinionpublica.com.ar\/index\/wp-content\/uploads\/2024\/03\/milei-1769257-768x432.webp 768w\" sizes=\"(max-width: 987px) 100vw, 987px\" \/><\/a><\/p>\n<p>Como revel\u00f3 LPO, los gobernadores y Sergio Massa impulsan aprobar el pliego de Lijo ahora, pero la ex presidenta pretend\u00eda negociar el procurador y una ampliaci\u00f3n de la Corte. Sin embargo, este mi\u00e9rcoles la se\u00f1al que envi\u00f3 la ex presidenta fue que o bien endurece la negociaci\u00f3n o directamente no apoya a Lijo.<\/p>\n<p class=\"authorquote\">Cristina levant\u00f3 a Sagasti de la reuni\u00f3n y dieron vuelta todo con Di Tullio.<\/p>\n<p>Por eso, el gobierno entr\u00f3 en emergencia ante lo que se asoma como\u00a0otra derrota\u00a0para Santiago Caputo, que impulsa las candidaturas de Lijo y Garc\u00eda-Mansilla. Por eso, mientras quedaba en claro que no aparec\u00edan las firmas para el pliego de Lijo a una semana de su audiencia p\u00fablica, convocaron de urgencia al jefe de bloque libertario, Ezequiel Atauche, que se acerc\u00f3 a la Casa Rosada junto al diputado Santiago Santurio. Fuentes al tanto de la situaci\u00f3n dijeron a LPO que Santurio sali\u00f3 corriendo para la Rosada desde el Congreso.<\/p>\n<p>El diputado de San Miguel tiene v\u00ednculos con Garc\u00eda-Mansilla, ambos cercanos al Opus Dei. Este \u00faltimo\u00a0revel\u00f3 este mi\u00e9rcoles\u00a0que el cargo se lo ofreci\u00f3 Santiago Caputo y nunca se vio con Javier Milei.<\/p>\n<p>La confusi\u00f3n en La Libertad Avanza parec\u00eda ser total. Mientras se defin\u00eda\u00a0la expulsi\u00f3n del bloque de Francisco Paoltroni, el presidente provisional del Senado, Bartolom\u00e9 Abdala, admiti\u00f3 en declaraciones a CNN Radio que hab\u00eda\u00a0\u00abconversaciones\u00bb con el kirchnerismo para ampliar la cantidad de miembros de la Corte Suprema.<\/p>\n<p>\u00abClaramente hay que decirle a la ciudadan\u00eda que, para que un juez de la Corte tenga el pliego aprobado, se necesitan los dos tercios, o sea, se necesitan 48 votos. Dentro de la debilidad parlamentaria de La Libertad de Avanza tenemos di\u00e1logo con todos los sectores del Senado\u00bb, hab\u00eda argumentado.<\/p>\n<p class=\"authorquote\">En los pasillos del Congreso confirmaron a LPO que, frente a la debilidad del bloque libertario, senadores de los bloques aliados hab\u00edan asumido la tarea de juntar los votos para Lijo.\u00a0Pero como Macri se opone a Lijo esto deja en una situaci\u00f3n inc\u00f3moda a los del PRO.<\/p>\n<p>Frente a la debilidad del bloque libertario, senadores aliados se hicieron cargo de las negociaciones para conseguir los votos. Pero como Macri se opone a Lijo esto deja en una situaci\u00f3n inc\u00f3moda a los del PRO.<\/p>\n<p>El rumor es que sus interlocutores por el peronismo ser\u00edan Mayans,\u00a0apuntado por Cristina\u00a0en las \u00faltimas 48 horas, y el sanjuanino Sergio U\u00f1ac. Mayans se ahorr\u00f3 nuevos cachetazos y se fue a Formosa, por lo que no estuvo este mi\u00e9rcoles en el Senado.<\/p>\n<p>Sin embargo, todo habr\u00eda empezado a naufragar por la estocada de Macri contra Caputo y el mazazo de Cristina sobre el formose\u00f1o. \u00abNos estamos haciendo cargo de conseguir los votos nosotros pero no sabemos c\u00f3mo termina\u00bb, dij\u00f3 a LPO un senador aliado del Gobierno, mientras Garc\u00eda-Mansilla respond\u00eda preguntas de los opositores en el Sal\u00f3n de las Provincias.<\/p>\n<p>Esa situaci\u00f3n incomodaba sobre todo al kirchnerismo, que aparec\u00eda como sustento de Lijo sin considerarlo un magistrado propio. \u00abLijo es el candidato del gobierno y nosotros, desde el peronismo, queremos votar uno nuestro porque somos 33 para llegar a los dos tercios\u00bb, repet\u00edan casi todos los despachos de UP.<\/p>\n<p>&nbsp;<\/p>\n<p>La excepci\u00f3n proven\u00eda de los senadores que,\u00a0tal como inform\u00f3 LPO, est\u00e1n dispuestos a votar los pliegos como vienen, en acuerdo con los gobernadores. \u00abMayans y los senadores de los gobernadores vend\u00edan que ten\u00edan los votos pero no era tan as\u00ed\u00bb, acusaron desde el oficialismo.<\/p>\n<p>Por otro lado, uno de los aliados del gobierno advirti\u00f3 que ning\u00fan libertario estaba juntando las firmas para el dictamen de Lijo, descansando en el compromiso de los senadores con los que el juez charl\u00f3. \u00abEs el candidato el que trabaja en sus apoyos de forma autogestiva\u00bb, admiti\u00f3 este senador.<\/p>\n<p class=\"authorquote\">Mayans y los senadores de los gobernadores vend\u00edan que ten\u00edan los votos pero no era tan as\u00ed.<\/p>\n<p>Pero la preocupaci\u00f3n central pasaba por el desapego del gobierno para conseguir el respaldo al dictamen de Garc\u00eda-Mansilla. \u00abNo hay que olvidarse que algunos est\u00e1n rosqueando la firma del dictamen de Lijo pero nadie sabe qui\u00e9n carajo va a firmar por Garc\u00eda-Mansilla y el gobierno pretende que todo sea un combo\u00bb, afirm\u00f3 a LPO ese mismo senador.<\/p>\n<p>Como sea, el desconcierto lleg\u00f3 a su punto m\u00e1ximo cuando Garc\u00eda-Mansilla admiti\u00f3 que no conoc\u00eda al presidente Javier Milei y que la postulaci\u00f3n se la hab\u00eda ofrecido Santiago Caputo.<\/p>\n<p>&nbsp;<\/p>\n<\/div>\n<\/div>\n<\/div>\n<\/div>\n","protected":false},"excerpt":{"rendered":"<p>Cristina enfr\u00eda los pliegos de Lijo y Garc\u00eda-Mansilla en respuesta al pacto Milei-Macri La ex presidenta le pidi\u00f3<\/p>\n","protected":false},"author":8,"featured_media":4333,"comment_status":"open","ping_status":"open","sticky":false,"template":"","format":"standard","meta":{"footnotes":""},"categories":[3,27],"tags":[2135,758,692],"class_list":["post-5308","post","type-post","status-publish","format-standard","has-post-thumbnail","hentry","category-nacionales","category-politica","tag-ariel-lijo","tag-cristina-kirchner","tag-javier-milei"],"featured_image_urls":{"full":["https:\/\/opinionpublica.com.ar\/index\/wp-content\/uploads\/2024\/07\/cristina-kirchner-1466468.jpg",987,555,false],"thumbnail":["https:\/\/opinionpublica.com.ar\/index\/wp-content\/uploads\/2024\/07\/cristina-kirchner-1466468-150x150.jpg",150,150,true],"medium":["https:\/\/opinionpublica.com.ar\/index\/wp-content\/uploads\/2024\/07\/cristina-kirchner-1466468-300x169.jpg",300,169,true],"medium_large":["https:\/\/opinionpublica.com.ar\/index\/wp-content\/uploads\/2024\/07\/cristina-kirchner-1466468-768x432.jpg",640,360,true],"large":["https:\/\/opinionpublica.com.ar\/index\/wp-content\/uploads\/2024\/07\/cristina-kirchner-1466468.jpg",640,360,false],"1536x1536":["https:\/\/opinionpublica.com.ar\/index\/wp-content\/uploads\/2024\/07\/cristina-kirchner-1466468.jpg",987,555,false],"2048x2048":["https:\/\/opinionpublica.com.ar\/index\/wp-content\/uploads\/2024\/07\/cristina-kirchner-1466468.jpg",987,555,false],"morenews-large":["https:\/\/opinionpublica.com.ar\/index\/wp-content\/uploads\/2024\/07\/cristina-kirchner-1466468-825x555.jpg",825,555,true],"morenews-medium":["https:\/\/opinionpublica.com.ar\/index\/wp-content\/uploads\/2024\/07\/cristina-kirchner-1466468-590x410.jpg",590,410,true]},"author_info":{"display_name":"RKing","author_link":"https:\/\/opinionpublica.com.ar\/index\/author\/rking\/"},"category_info":"<a href=\"https:\/\/opinionpublica.com.ar\/index\/category\/nacionales\/\" rel=\"category tag\">Nacionales<\/a> <a href=\"https:\/\/opinionpublica.com.ar\/index\/category\/politica\/\" rel=\"category tag\">Politica<\/a>","tag_info":"Politica","comment_count":"0","_links":{"self":[{"href":"https:\/\/opinionpublica.com.ar\/index\/wp-json\/wp\/v2\/posts\/5308","targetHints":{"allow":["GET"]}}],"collection":[{"href":"https:\/\/opinionpublica.com.ar\/index\/wp-json\/wp\/v2\/posts"}],"about":[{"href":"https:\/\/opinionpublica.com.ar\/index\/wp-json\/wp\/v2\/types\/post"}],"author":[{"embeddable":true,"href":"https:\/\/opinionpublica.com.ar\/index\/wp-json\/wp\/v2\/users\/8"}],"replies":[{"embeddable":true,"href":"https:\/\/opinionpublica.com.ar\/index\/wp-json\/wp\/v2\/comments?post=5308"}],"version-history":[{"count":1,"href":"https:\/\/opinionpublica.com.ar\/index\/wp-json\/wp\/v2\/posts\/5308\/revisions"}],"predecessor-version":[{"id":5309,"href":"https:\/\/opinionpublica.com.ar\/index\/wp-json\/wp\/v2\/posts\/5308\/revisions\/5309"}],"wp:featuredmedia":[{"embeddable":true,"href":"https:\/\/opinionpublica.com.ar\/index\/wp-json\/wp\/v2\/media\/4333"}],"wp:attachment":[{"href":"https:\/\/opinionpublica.com.ar\/index\/wp-json\/wp\/v2\/media?parent=5308"}],"wp:term":[{"taxonomy":"category","embeddable":true,"href":"https:\/\/opinionpublica.com.ar\/index\/wp-json\/wp\/v2\/categories?post=5308"},{"taxonomy":"post_tag","embeddable":true,"href":"https:\/\/opinionpublica.com.ar\/index\/wp-json\/wp\/v2\/tags?post=5308"}],"curies":[{"name":"wp","href":"https:\/\/api.w.org\/{rel}","templated":true}]}}