{"id":5347,"date":"2024-08-30T11:01:55","date_gmt":"2024-08-30T14:01:55","guid":{"rendered":"https:\/\/opinionpublica.com.ar\/index\/?p=5347"},"modified":"2024-08-30T11:01:55","modified_gmt":"2024-08-30T14:01:55","slug":"camaras-patronales-expusieron-la-critica-situacion-de-la-industria-pesquera","status":"publish","type":"post","link":"https:\/\/opinionpublica.com.ar\/index\/camaras-patronales-expusieron-la-critica-situacion-de-la-industria-pesquera\/","title":{"rendered":"C\u00e1maras patronales expusieron la cr\u00edtica situaci\u00f3n de la industria pesquera"},"content":{"rendered":"<div class=\"single-title\">C\u00e1maras patronales expusieron la cr\u00edtica situaci\u00f3n de la industria pesquera<\/div>\n<div class=\"single-excerpt\">\n<p>En Mar del Plata todas las c\u00e1maras, excepto CaIPA y CEPA, emitieron un duro comunicado alertando sobre el dif\u00edcil contexto que atraviesan todos los sectores. \u201cNo podemos dejar de mencionar que cada vez con mayor frecuencia tanto barcos como plantas industriales trabajan a p\u00e9rdida\u201d, aseveraron.<\/p>\n<\/div>\n<div class=\"single-image\"><a href=\"https:\/\/opinionpublica.com.ar\/index\/wp-content\/uploads\/2024\/08\/puerto-mar-del-plata.jpg\"><img fetchpriority=\"high\" decoding=\"async\" class=\"alignnone size-full wp-image-5349\" src=\"https:\/\/opinionpublica.com.ar\/index\/wp-content\/uploads\/2024\/08\/puerto-mar-del-plata.jpg\" alt=\"\" width=\"1006\" height=\"671\" srcset=\"https:\/\/opinionpublica.com.ar\/index\/wp-content\/uploads\/2024\/08\/puerto-mar-del-plata.jpg 1006w, https:\/\/opinionpublica.com.ar\/index\/wp-content\/uploads\/2024\/08\/puerto-mar-del-plata-300x200.jpg 300w, https:\/\/opinionpublica.com.ar\/index\/wp-content\/uploads\/2024\/08\/puerto-mar-del-plata-768x512.jpg 768w\" sizes=\"(max-width: 1006px) 100vw, 1006px\" \/><\/a><\/div>\n<article id=\"post-71129\" class=\"post-71129 post type-post status-publish format-standard has-post-thumbnail hentry category-noticias\">Buena parte de c\u00e1maras patronales que resumen la industria pesquera en Mar del Plata emitieron un fuerte comunicado conjunto en el que advierten de la cr\u00edtica situaci\u00f3n que atraviesa el sector en el principal puerto pesquero del pa\u00eds, dominado por las descargas de una especie como la merluza com\u00fan, cuyo precio entero en muelle no var\u00eda desde principios de a\u00f1o.<\/p>\n<p>\u201cLas p\u00e9rdidas se pueden disimular disminuyendo stocks, consumiendo el capital de trabajo, comenzando procesos de endeudamiento o liquidando ahorros. Pero cuando el flujo es negativo tarde o temprano derivar\u00e1 en una grave crisis\u201d. El \u00faltimo p\u00e1rrafo del comunicado emitido por buena parte de la patronal pesquera marplatense desnuda la gravedad del problema que atraviesa el sector.<\/p>\n<p>\u201cEsta situaci\u00f3n no tiene su g\u00e9nesis en los \u00faltimos meses sino que viene gest\u00e1ndose hace varios a\u00f1os donde coincidieron per\u00edodos de atraso cambiario, ca\u00edda de precios internacionales y la retracci\u00f3n de mercados\u201d, se\u00f1ala el comunicado que firman Asociaci\u00f3n de Embarcaciones de Pesca Costera, C\u00e1mara de Armadores, CAFREXPORT, CAPEAR ALFA, C\u00e1mara Argentina de Industriales del Pescado y UdIPA.<\/p>\n<p>M\u00e1s all\u00e1 de ponderar al gobierno libertario en su lucha por el equilibrio fiscal, las patronales no dejaron de advertir que en contexto de inflaci\u00f3n todav\u00eda elevada, ajuste de los precios relativo de salarios, servicios e insumos, \u201cel ancla cambiaria ha erosionado nuestra rentabilidad hasta niveles que ya son insostenibles\u201d, subrayaron, al tiempo que confesaron que \u201cel funcionamiento de las empresas pesqueras se torna cada m\u00e1s dif\u00edcil\u201d.<\/p>\n<p>Las c\u00e1maras expresaron que a diferencia de otros sectores como el agr\u00edcola, en la pesca no se puede especular demorando exportaciones hasta que suban los precios internacionales o el tipo de cambio real mejore, ya que se trata de una actividad exportadora de productos congelados de limitad\u00edsima posibilidad de mantener stocks a la espera de que disminuya el costo argentino.<\/p>\n<p><a href=\"https:\/\/opinionpublica.com.ar\/index\/wp-content\/uploads\/2024\/08\/puerto-deseado.jpg\"><img decoding=\"async\" class=\"alignnone size-full wp-image-5197\" src=\"https:\/\/opinionpublica.com.ar\/index\/wp-content\/uploads\/2024\/08\/puerto-deseado.jpg\" alt=\"\" width=\"850\" height=\"553\" srcset=\"https:\/\/opinionpublica.com.ar\/index\/wp-content\/uploads\/2024\/08\/puerto-deseado.jpg 850w, https:\/\/opinionpublica.com.ar\/index\/wp-content\/uploads\/2024\/08\/puerto-deseado-300x195.jpg 300w, https:\/\/opinionpublica.com.ar\/index\/wp-content\/uploads\/2024\/08\/puerto-deseado-768x500.jpg 768w\" sizes=\"(max-width: 850px) 100vw, 850px\" \/><\/a><\/p>\n<p>M\u00e1s all\u00e1 de que las patronales advirtieron que \u201cmantener el producto en c\u00e1maras frigor\u00edficas resulta tan caro que las empresas se ven obligadas a exportar en un corto plazo\u201d, en Mar del Plata la construcci\u00f3n de c\u00e1maras frigor\u00edficas es un fen\u00f3meno que no se detiene.<\/p>\n<p>Las c\u00e1maras expusieron que en los \u00faltimos cuatro a\u00f1os los costos de los principales insumos de la actividad variaron por encima del tipo de cambio oficial que aument\u00f3 un 802% mientras que el combustible subi\u00f3 1109%, aceites 1171%, salario b\u00e1sico de marinero, 995%, estuches, 936%, entre otros.<\/p>\n<p>\u201cLa situaci\u00f3n es cr\u00edtica y no podemos dejar de mencionar que cada vez con mayor frecuencia tanto barcos como plantas industriales trabajan a p\u00e9rdida\u201d, remarcaron.<\/p>\n<p>Por otro lado las c\u00e1maras apuntaron a la ca\u00edda en los precios internacionales del filet de merluza hubbsi a Brasil que seg\u00fan mencionaron, en lo que va del a\u00f1o pas\u00f3 de 3750 d\u00f3lares la tonelada a 3 mil d\u00f3lares y a Europa, de 3600 d\u00f3lares a 3200 d\u00f3lares.<\/p>\n<p>Tambi\u00e9n al aumento de costos de los servicios como la energ\u00eda el\u00e9ctrica que subi\u00f3 en el per\u00edodo m\u00e1s del 300%. \u201cEs una situaci\u00f3n insostenible para las empresas\u201d, insistieron.<\/p>\n<p>Por \u00faltimo el comunicado expone las dificultades particulares del sector conservero por ejemplo. Con ca\u00edda de ventas del 50%, una retracci\u00f3n del consumo a partir de la recesi\u00f3n provocada para bajar la inflaci\u00f3n. \u201cEsto lleva a altos esfuerzos por mantener las fuentes de trabajo\u201d, reconocieron.<\/p>\n<p>Del lado de los armadores costeros el panorama, aseguraron, es a\u00fan peor, \u201ccon la retracci\u00f3n de la demanda de la industria conservera y precios a la baja para las exportaciones de corvina y pescadilla que van a mercados africanos y asi\u00e1ticos\u201d.<\/p>\n<p>&nbsp;<\/p>\n<\/article>\n","protected":false},"excerpt":{"rendered":"<p>C\u00e1maras patronales expusieron la cr\u00edtica situaci\u00f3n de la industria pesquera En Mar del Plata todas las c\u00e1maras, excepto<\/p>\n","protected":false},"author":8,"featured_media":5349,"comment_status":"open","ping_status":"open","sticky":false,"template":"","format":"standard","meta":{"footnotes":""},"categories":[3],"tags":[2146,2147,2148,1647],"class_list":["post-5347","post","type-post","status-publish","format-standard","has-post-thumbnail","hentry","category-nacionales","tag-caipa","tag-cepa","tag-crisis-del-sector","tag-industria-pesquera"],"featured_image_urls":{"full":["https:\/\/opinionpublica.com.ar\/index\/wp-content\/uploads\/2024\/08\/puerto-mar-del-plata.jpg",1006,671,false],"thumbnail":["https:\/\/opinionpublica.com.ar\/index\/wp-content\/uploads\/2024\/08\/puerto-mar-del-plata-150x150.jpg",150,150,true],"medium":["https:\/\/opinionpublica.com.ar\/index\/wp-content\/uploads\/2024\/08\/puerto-mar-del-plata-300x200.jpg",300,200,true],"medium_large":["https:\/\/opinionpublica.com.ar\/index\/wp-content\/uploads\/2024\/08\/puerto-mar-del-plata-768x512.jpg",640,427,true],"large":["https:\/\/opinionpublica.com.ar\/index\/wp-content\/uploads\/2024\/08\/puerto-mar-del-plata.jpg",640,427,false],"1536x1536":["https:\/\/opinionpublica.com.ar\/index\/wp-content\/uploads\/2024\/08\/puerto-mar-del-plata.jpg",1006,671,false],"2048x2048":["https:\/\/opinionpublica.com.ar\/index\/wp-content\/uploads\/2024\/08\/puerto-mar-del-plata.jpg",1006,671,false],"morenews-large":["https:\/\/opinionpublica.com.ar\/index\/wp-content\/uploads\/2024\/08\/puerto-mar-del-plata-825x575.jpg",825,575,true],"morenews-medium":["https:\/\/opinionpublica.com.ar\/index\/wp-content\/uploads\/2024\/08\/puerto-mar-del-plata-590x410.jpg",590,410,true]},"author_info":{"display_name":"RKing","author_link":"https:\/\/opinionpublica.com.ar\/index\/author\/rking\/"},"category_info":"<a href=\"https:\/\/opinionpublica.com.ar\/index\/category\/nacionales\/\" rel=\"category tag\">Nacionales<\/a>","tag_info":"Nacionales","comment_count":"0","_links":{"self":[{"href":"https:\/\/opinionpublica.com.ar\/index\/wp-json\/wp\/v2\/posts\/5347","targetHints":{"allow":["GET"]}}],"collection":[{"href":"https:\/\/opinionpublica.com.ar\/index\/wp-json\/wp\/v2\/posts"}],"about":[{"href":"https:\/\/opinionpublica.com.ar\/index\/wp-json\/wp\/v2\/types\/post"}],"author":[{"embeddable":true,"href":"https:\/\/opinionpublica.com.ar\/index\/wp-json\/wp\/v2\/users\/8"}],"replies":[{"embeddable":true,"href":"https:\/\/opinionpublica.com.ar\/index\/wp-json\/wp\/v2\/comments?post=5347"}],"version-history":[{"count":1,"href":"https:\/\/opinionpublica.com.ar\/index\/wp-json\/wp\/v2\/posts\/5347\/revisions"}],"predecessor-version":[{"id":5350,"href":"https:\/\/opinionpublica.com.ar\/index\/wp-json\/wp\/v2\/posts\/5347\/revisions\/5350"}],"wp:featuredmedia":[{"embeddable":true,"href":"https:\/\/opinionpublica.com.ar\/index\/wp-json\/wp\/v2\/media\/5349"}],"wp:attachment":[{"href":"https:\/\/opinionpublica.com.ar\/index\/wp-json\/wp\/v2\/media?parent=5347"}],"wp:term":[{"taxonomy":"category","embeddable":true,"href":"https:\/\/opinionpublica.com.ar\/index\/wp-json\/wp\/v2\/categories?post=5347"},{"taxonomy":"post_tag","embeddable":true,"href":"https:\/\/opinionpublica.com.ar\/index\/wp-json\/wp\/v2\/tags?post=5347"}],"curies":[{"name":"wp","href":"https:\/\/api.w.org\/{rel}","templated":true}]}}